{"id":8009,"date":"2025-09-15T13:30:00","date_gmt":"2025-09-15T11:30:00","guid":{"rendered":"https:\/\/4Ballers.de\/?p=8009"},"modified":"2026-01-24T17:43:22","modified_gmt":"2026-01-24T16:43:22","slug":"seoane-und-die-halbwertszeit","status":"publish","type":"post","link":"https:\/\/4Ballers.de\/?p=8009","title":{"rendered":"Seoane vor dem Aus: Warum Gladbach endlich handeln muss"},"content":{"rendered":"\n<p><strong>Lesezeit: 3 Minuten<\/strong><\/p>\n\n\n\n<p><strong>Borussia M\u00f6nchengladbach lieferte gegen Werder Bremen mal wieder einen Auftritt zum Vergessen ab. F\u00fcr Trainer Gerardo Seoane muss jetzt Schluss sein.<\/strong><\/p>\n\n\n\n<p>In Gladbach brennt mal wieder der Baum. Nach dem schmerzhaften 0:4-Heimdebakel gegen Werder Bremen ist das Stimmungsbild im Vereinsumfeld eindeutig. Die Verantwortlichen stehen unter Zugzwang, die Entlassung des \u00fcberfordert wirkenden Gerardo Seoane ist l\u00e4ngst \u00fcberf\u00e4llig. Ein \u201aWeiter so\u2018 mit dem seit Monaten unter Dauerbeschuss stehenden Schweizers darf es nicht geben.<\/p>\n\n\n\n<p>Seitdem der 46-J\u00e4hrige in M\u00f6nchengladbach des Zepter \u00fcbernommen hat, ist quasi keine Weiterentwicklung zu sehen. Einer guten sportlichen Phase folgen immer wieder unbegreifliche R\u00fcckschl\u00e4ge, die Seoane selbst nicht so recht zu erkl\u00e4ren wei\u00df. Vielmehr bem\u00fcht der einstige Meistertrainer der Young Boys aus Bern Durchhalteparolen und verweist auf das Potenzial der Mannschaft. Doch das unbestrittene Potenzial der Fohlenelf hilft auch nichts mehr, wenn sie es nicht schafft, dieses regelm\u00e4\u00dfig abzurufen.<\/p>\n\n\n\n<h2 class=\"wp-block-heading\">Virkus als sch\u00fctzende Hand \u00fcber Seoane<\/h2>\n\n\n\n<p>Und genau daf\u00fcr ist in erster Linie der Trainer Verantwortlich. Ein Trainer, der in seiner rund zweij\u00e4hrigen Amtszeit weit mehr Kredit erhalten hat, als es in diesem schnelllebigen Gesch\u00e4ft heutzutage \u00fcblich ist. Seit seinem Amtsantritt im Juni 2023 wirkt der 46-J\u00e4hrige wie ein uneingel\u00f6stes Versprechen. Noch treffender wie eine defekte Pi\u00f1ata, die ihren Zweck auf keiner Ebene erf\u00fcllt. Seoane schwingt hin und her zwischen den Erwartungen des Traditionsklubs und der eigenen Ratlosigkeit, doch entlassen wurde er bisher (noch) nicht.<\/p>\n\n\n\n<p>Verantwortlich daf\u00fcr ist allen voran Gesch\u00e4ftsf\u00fchrer Sport Roland Virkus, der stets seine sch\u00fctzende Hand \u00fcber Seoane hielt. Doch auch der 58-J\u00e4hrige, der selbst mehr und mehr ins Kreuzfeuer der Kritik ger\u00e4t, <a href=\"https:\/\/www.t-online.de\/sport\/fussball\/bundesliga\/id_100913874\/borussia-moenchengladbach-roland-virkus-weicht-trainerfrage-aus.html\">r\u00fcckte nach dem denkw\u00fcrdigen Auftritt gegen Bremen von \u201eseinem\u201c Chefcoach ab<\/a>. In Gladbach herrscht nach nur drei Spieltagen Endzeitstimmung. Die gesamte Gladbacher F\u00fchrungsriege steht mehr denn je unter Beobachtung.<\/p>\n\n\n\n<figure class=\"wp-block-embed is-type-rich is-provider-twitter wp-block-embed-twitter\"><div class=\"wp-block-embed__wrapper\">\n\t\t<div class=\"embed-privacy-container is-disabled embed-x\" data-embed-id=\"oembed_37c3f8bccb19388c324e1f50c29d19c5\" data-embed-provider=\"x\">\t\t\t\t\t\t<button type=\"button\" class=\"embed-privacy-enable screen-reader-text\">Inhalt von X anzeigen<\/button>\t\t\t\t\t\t<div class=\"embed-privacy-overlay\">\t\t\t\t<div class=\"embed-privacy-inner\">\t\t\t\t\t<div class=\"embed-privacy-logo\" style=\"background-image: url(https:\/\/4Ballers.de\/wp-content\/plugins\/embed-privacy\/assets\/images\/embed-x.png?ver=1.12.3);\"><\/div>\t\t<p>\t\tHier klicken, um den Inhalt von X anzuzeigen.\t\t\t\t\t<br>\t\t\t\t\tErfahre mehr in der <a href=\"https:\/\/x.com\/de\/privacy\" target=\"_blank\">Datenschutzerkl\u00e4rung von X<\/a>.\t\t<\/p>\t\t<p class=\"embed-privacy-input-wrapper\">\t\t\t<input id=\"embed-privacy-store-x-37c3f8bccb19388c324e1f50c29d19c5\" type=\"checkbox\" value=\"1\" class=\"embed-privacy-input\" data-embed-provider=\"x\">\t\t\t<label for=\"embed-privacy-store-x-37c3f8bccb19388c324e1f50c29d19c5\" class=\"embed-privacy-label\" data-embed-provider=\"x\">\t\t\t\tInhalt von X immer anzeigen\t\t\t<\/label>\t\t<\/p>\t\t\t\t\t\t<\/div>\t\t\t\t\t\t\t\t<div class=\"embed-privacy-footer\"><span class=\"embed-privacy-url\"><a href=\"https:\/\/twitter.com\/LL1900BMG\/status\/1967281080266059972\">Tweet direkt \u00f6ffnen<\/a><\/span><\/div>\t\t\t<\/div>\t\t\t\t\t\t<div class=\"embed-privacy-content\">\t\t\t\t<script>var _oembed_37c3f8bccb19388c324e1f50c29d19c5 = '{\\\"embed\\\":\\\"&lt;blockquote class=&quot;twitter-tweet&quot; data-width=&quot;550&quot; data-dnt=&quot;true&quot;&gt;&lt;p lang=&quot;de&quot; dir=&quot;ltr&quot;&gt;10 Spiele ohne Sieg, 4 ohne Tor. &lt;br&gt;0:4 Heimniederlsge gegen bislang sieglose Bremer.&lt;br&gt; Einmal Argumente bitte warum Gerardo Seoane morgen Abend noch Trainer sein sollte \\\\ud83d\\\\udc47 &lt;a href=&quot;https:\\\\\/\\\\\/t.co\\\\\/WdVMobLHg1&quot;&gt;pic.twitter.com\\\\\/WdVMobLHg1&lt;\\\\\/a&gt;&lt;\\\\\/p&gt;&amp;mdash; Lucas (@LL1900BMG) &lt;a href=&quot;https:\\\\\/\\\\\/twitter.com\\\\\/LL1900BMG\\\\\/status\\\\\/1967281080266059972?ref_src=twsrc%5Etfw&quot;&gt;September 14, 2025&lt;\\\\\/a&gt;&lt;\\\\\/blockquote&gt;&lt;script async src=&quot;https:\\\\\/\\\\\/platform.twitter.com\\\\\/widgets.js&quot; charset=&quot;utf-8&quot;&gt;&lt;\\\\\/script&gt;\\\"}';<\/script>\t\t\t<\/div>\t\t<\/div>\t\t\n<\/div><\/figure>\n\n\n\n<p>Dabei h\u00e4tten sie genau dieses Szenario schon vor Monaten verhindern k\u00f6nnen. Bereits die Entscheidung, mit dem Schweizer auf dem Trainerposten in die neue Spielzeit zu gehen, war eine fatale Fehleinsch\u00e4tzung. War Seoane bereits in der vergangenen Saison mehrmals angez\u00e4hlt, entschieden sich die Verantwortlichen aus unerkl\u00e4rlichen Gr\u00fcnden, Seoane eine weitere Saisonvorbereitung einzur\u00e4umen. Welchen Preis sie daf\u00fcr bezahlen, h\u00e4ngt ma\u00dfgeblich von der Schnelle der eigenen Entscheidungsfindung ab.<\/p>\n\n\n\n<p>Wie es geht, machte den Gladbachern zuletzt ausgerechnet der verhasste Rivale aus Leverkusen vor, der den heftig kritisierten Erik ten Hag nach nur zwei Spieltagen entlie\u00df und den sportlich eingeschlagenen Kurs schnellstm\u00f6glich korrigierte. Sollten Virkus und Co. daran interessiert sein, mit der Borussia nicht ein weiteres Jahr im Abstiegskampf zu verbringen, sollten sie Seoane schnellstm\u00f6glich von seinen Aufgaben entbinden.<\/p>\n","protected":false},"excerpt":{"rendered":"<p>Borussia M\u00f6nchengladbach lieferte gegen Werder Bremen mal wieder einen Auftritt zum Vergessen ab. F\u00fcr Trainer Gerardo Seoane muss jetzt Schluss sein.<\/p>\n","protected":false},"author":2,"featured_media":8340,"comment_status":"open","ping_status":"open","sticky":false,"template":"","format":"standard","meta":{"footnotes":""},"categories":[624,6],"tags":[623,563,622],"class_list":["post-8009","post","type-post","status-publish","format-standard","has-post-thumbnail","hentry","category-borussia-moenchengladbach","category-bundesliga","tag-borussia-moenchengladbach","tag-gerardo-seoane","tag-roland-virkus"],"yoast_head":"<!-- This site is optimized with the Yoast SEO plugin v27.5 - https:\/\/yoast.com\/product\/yoast-seo-wordpress\/ -->\n<title>Seoane vor dem Aus: Warum Gladbach endlich handeln muss - 4Ballers - Euer Fu\u00dfballblog<\/title>\n<meta name=\"description\" content=\"Gladbach lieferte gegen Werder Bremen mal wieder einen Auftritt zum Vergessen ab. F\u00fcr Trainer Gerardo Seoane muss jetzt Schluss sein.\" \/>\n<meta name=\"robots\" content=\"index, follow, max-snippet:-1, max-image-preview:large, max-video-preview:-1\" \/>\n<link rel=\"canonical\" href=\"https:\/\/4Ballers.de\/?p=8009\" \/>\n<meta property=\"og:locale\" content=\"de_DE\" \/>\n<meta property=\"og:type\" content=\"article\" \/>\n<meta property=\"og:title\" content=\"Seoane vor dem Aus: Warum Gladbach endlich handeln muss - 4Ballers - Euer Fu\u00dfballblog\" \/>\n<meta property=\"og:description\" content=\"Gladbach lieferte gegen Werder Bremen mal wieder einen Auftritt zum Vergessen ab. F\u00fcr Trainer Gerardo Seoane muss jetzt Schluss sein.\" \/>\n<meta property=\"og:url\" content=\"https:\/\/4Ballers.de\/?p=8009\" \/>\n<meta property=\"og:site_name\" content=\"4Ballers - Euer Fu\u00dfballblog\" \/>\n<meta property=\"article:published_time\" content=\"2025-09-15T11:30:00+00:00\" \/>\n<meta property=\"article:modified_time\" content=\"2026-01-24T16:43:22+00:00\" \/>\n<meta property=\"og:image\" content=\"https:\/\/4Ballers.de\/wp-content\/uploads\/2025\/04\/cropped-cropped-BCA0AA7F-B650-4AFB-8569-31AD15063F35.png\" \/>\n\t<meta property=\"og:image:width\" content=\"512\" \/>\n\t<meta property=\"og:image:height\" content=\"512\" \/>\n\t<meta property=\"og:image:type\" content=\"image\/png\" \/>\n<meta name=\"author\" content=\"Lukas Schmitt\" \/>\n<meta name=\"twitter:card\" content=\"summary_large_image\" \/>\n<meta name=\"twitter:creator\" content=\"@4Ballers_\" \/>\n<meta name=\"twitter:site\" content=\"@4Ballers_\" \/>\n<meta name=\"twitter:label1\" content=\"Verfasst von\" \/>\n\t<meta name=\"twitter:data1\" content=\"Lukas Schmitt\" \/>\n\t<meta name=\"twitter:label2\" content=\"Gesch\u00e4tzte Lesezeit\" \/>\n\t<meta name=\"twitter:data2\" content=\"3\u00a0Minuten\" \/>\n<script type=\"application\/ld+json\" class=\"yoast-schema-graph\">{\"@context\":\"https:\\\/\\\/schema.org\",\"@graph\":[{\"@type\":\"Article\",\"@id\":\"https:\\\/\\\/4Ballers.de\\\/?p=8009#article\",\"isPartOf\":{\"@id\":\"https:\\\/\\\/4Ballers.de\\\/?p=8009\"},\"author\":{\"name\":\"Lukas Schmitt\",\"@id\":\"https:\\\/\\\/4Ballers.de\\\/#\\\/schema\\\/person\\\/a23eeed8afa2f2e4c487131ce9456e5d\"},\"headline\":\"Seoane vor dem Aus: Warum Gladbach endlich handeln muss\",\"datePublished\":\"2025-09-15T11:30:00+00:00\",\"dateModified\":\"2026-01-24T16:43:22+00:00\",\"mainEntityOfPage\":{\"@id\":\"https:\\\/\\\/4Ballers.de\\\/?p=8009\"},\"wordCount\":465,\"commentCount\":2,\"image\":{\"@id\":\"https:\\\/\\\/4Ballers.de\\\/?p=8009#primaryimage\"},\"thumbnailUrl\":\"https:\\\/\\\/4Ballers.de\\\/wp-content\\\/uploads\\\/2025\\\/04\\\/cropped-cropped-BCA0AA7F-B650-4AFB-8569-31AD15063F35.png\",\"keywords\":[\"Borussia M\u00f6nchengladbach\",\"Gerardo Seoane\",\"Roland Virkus\"],\"articleSection\":[\"Borussia M\u00f6nchengladbach\",\"BuLi \u26bd\ufe0f\"],\"inLanguage\":\"de\",\"potentialAction\":[{\"@type\":\"CommentAction\",\"name\":\"Comment\",\"target\":[\"https:\\\/\\\/4Ballers.de\\\/?p=8009#respond\"]}]},{\"@type\":\"WebPage\",\"@id\":\"https:\\\/\\\/4Ballers.de\\\/?p=8009\",\"url\":\"https:\\\/\\\/4Ballers.de\\\/?p=8009\",\"name\":\"Seoane vor dem Aus: Warum Gladbach endlich handeln muss - 4Ballers - Euer Fu\u00dfballblog\",\"isPartOf\":{\"@id\":\"https:\\\/\\\/4Ballers.de\\\/#website\"},\"primaryImageOfPage\":{\"@id\":\"https:\\\/\\\/4Ballers.de\\\/?p=8009#primaryimage\"},\"image\":{\"@id\":\"https:\\\/\\\/4Ballers.de\\\/?p=8009#primaryimage\"},\"thumbnailUrl\":\"https:\\\/\\\/4Ballers.de\\\/wp-content\\\/uploads\\\/2025\\\/04\\\/cropped-cropped-BCA0AA7F-B650-4AFB-8569-31AD15063F35.png\",\"datePublished\":\"2025-09-15T11:30:00+00:00\",\"dateModified\":\"2026-01-24T16:43:22+00:00\",\"author\":{\"@id\":\"https:\\\/\\\/4Ballers.de\\\/#\\\/schema\\\/person\\\/a23eeed8afa2f2e4c487131ce9456e5d\"},\"description\":\"Gladbach lieferte gegen Werder Bremen mal wieder einen Auftritt zum Vergessen ab. F\u00fcr Trainer Gerardo Seoane muss jetzt Schluss sein.\",\"breadcrumb\":{\"@id\":\"https:\\\/\\\/4Ballers.de\\\/?p=8009#breadcrumb\"},\"inLanguage\":\"de\",\"potentialAction\":[{\"@type\":\"ReadAction\",\"target\":[\"https:\\\/\\\/4Ballers.de\\\/?p=8009\"]}]},{\"@type\":\"ImageObject\",\"inLanguage\":\"de\",\"@id\":\"https:\\\/\\\/4Ballers.de\\\/?p=8009#primaryimage\",\"url\":\"https:\\\/\\\/4Ballers.de\\\/wp-content\\\/uploads\\\/2025\\\/04\\\/cropped-cropped-BCA0AA7F-B650-4AFB-8569-31AD15063F35.png\",\"contentUrl\":\"https:\\\/\\\/4Ballers.de\\\/wp-content\\\/uploads\\\/2025\\\/04\\\/cropped-cropped-BCA0AA7F-B650-4AFB-8569-31AD15063F35.png\",\"width\":512,\"height\":512},{\"@type\":\"BreadcrumbList\",\"@id\":\"https:\\\/\\\/4Ballers.de\\\/?p=8009#breadcrumb\",\"itemListElement\":[{\"@type\":\"ListItem\",\"position\":1,\"name\":\"Startseite\",\"item\":\"https:\\\/\\\/4Ballers.de\\\/\"},{\"@type\":\"ListItem\",\"position\":2,\"name\":\"Seoane vor dem Aus: Warum Gladbach endlich handeln muss\"}]},{\"@type\":\"WebSite\",\"@id\":\"https:\\\/\\\/4Ballers.de\\\/#website\",\"url\":\"https:\\\/\\\/4Ballers.de\\\/\",\"name\":\"4Ballers\",\"description\":\"\",\"potentialAction\":[{\"@type\":\"SearchAction\",\"target\":{\"@type\":\"EntryPoint\",\"urlTemplate\":\"https:\\\/\\\/4Ballers.de\\\/?s={search_term_string}\"},\"query-input\":{\"@type\":\"PropertyValueSpecification\",\"valueRequired\":true,\"valueName\":\"search_term_string\"}}],\"inLanguage\":\"de\"},{\"@type\":\"Person\",\"@id\":\"https:\\\/\\\/4Ballers.de\\\/#\\\/schema\\\/person\\\/a23eeed8afa2f2e4c487131ce9456e5d\",\"name\":\"Lukas Schmitt\",\"image\":{\"@type\":\"ImageObject\",\"inLanguage\":\"de\",\"@id\":\"https:\\\/\\\/secure.gravatar.com\\\/avatar\\\/ba60c656bea79c301c98542fa9aa2520ecde30acfd1a4d5ddf3342e3f794f942?s=96&d=blank&r=g\",\"url\":\"https:\\\/\\\/secure.gravatar.com\\\/avatar\\\/ba60c656bea79c301c98542fa9aa2520ecde30acfd1a4d5ddf3342e3f794f942?s=96&d=blank&r=g\",\"contentUrl\":\"https:\\\/\\\/secure.gravatar.com\\\/avatar\\\/ba60c656bea79c301c98542fa9aa2520ecde30acfd1a4d5ddf3342e3f794f942?s=96&d=blank&r=g\",\"caption\":\"Lukas Schmitt\"},\"sameAs\":[\"http:\\\/\\\/4Ballers\"],\"url\":\"https:\\\/\\\/4Ballers.de\\\/?author=2\"}]}<\/script>\n<!-- \/ Yoast SEO plugin. -->","yoast_head_json":{"title":"Seoane vor dem Aus: Warum Gladbach endlich handeln muss - 4Ballers - Euer Fu\u00dfballblog","description":"Gladbach lieferte gegen Werder Bremen mal wieder einen Auftritt zum Vergessen ab. F\u00fcr Trainer Gerardo Seoane muss jetzt Schluss sein.","robots":{"index":"index","follow":"follow","max-snippet":"max-snippet:-1","max-image-preview":"max-image-preview:large","max-video-preview":"max-video-preview:-1"},"canonical":"https:\/\/4Ballers.de\/?p=8009","og_locale":"de_DE","og_type":"article","og_title":"Seoane vor dem Aus: Warum Gladbach endlich handeln muss - 4Ballers - Euer Fu\u00dfballblog","og_description":"Gladbach lieferte gegen Werder Bremen mal wieder einen Auftritt zum Vergessen ab. F\u00fcr Trainer Gerardo Seoane muss jetzt Schluss sein.","og_url":"https:\/\/4Ballers.de\/?p=8009","og_site_name":"4Ballers - Euer Fu\u00dfballblog","article_published_time":"2025-09-15T11:30:00+00:00","article_modified_time":"2026-01-24T16:43:22+00:00","og_image":[{"width":512,"height":512,"url":"https:\/\/4Ballers.de\/wp-content\/uploads\/2025\/04\/cropped-cropped-BCA0AA7F-B650-4AFB-8569-31AD15063F35.png","type":"image\/png"}],"author":"Lukas Schmitt","twitter_card":"summary_large_image","twitter_creator":"@4Ballers_","twitter_site":"@4Ballers_","twitter_misc":{"Verfasst von":"Lukas Schmitt","Gesch\u00e4tzte Lesezeit":"3\u00a0Minuten"},"schema":{"@context":"https:\/\/schema.org","@graph":[{"@type":"Article","@id":"https:\/\/4Ballers.de\/?p=8009#article","isPartOf":{"@id":"https:\/\/4Ballers.de\/?p=8009"},"author":{"name":"Lukas Schmitt","@id":"https:\/\/4Ballers.de\/#\/schema\/person\/a23eeed8afa2f2e4c487131ce9456e5d"},"headline":"Seoane vor dem Aus: Warum Gladbach endlich handeln muss","datePublished":"2025-09-15T11:30:00+00:00","dateModified":"2026-01-24T16:43:22+00:00","mainEntityOfPage":{"@id":"https:\/\/4Ballers.de\/?p=8009"},"wordCount":465,"commentCount":2,"image":{"@id":"https:\/\/4Ballers.de\/?p=8009#primaryimage"},"thumbnailUrl":"https:\/\/4Ballers.de\/wp-content\/uploads\/2025\/04\/cropped-cropped-BCA0AA7F-B650-4AFB-8569-31AD15063F35.png","keywords":["Borussia M\u00f6nchengladbach","Gerardo Seoane","Roland Virkus"],"articleSection":["Borussia M\u00f6nchengladbach","BuLi \u26bd\ufe0f"],"inLanguage":"de","potentialAction":[{"@type":"CommentAction","name":"Comment","target":["https:\/\/4Ballers.de\/?p=8009#respond"]}]},{"@type":"WebPage","@id":"https:\/\/4Ballers.de\/?p=8009","url":"https:\/\/4Ballers.de\/?p=8009","name":"Seoane vor dem Aus: Warum Gladbach endlich handeln muss - 4Ballers - Euer Fu\u00dfballblog","isPartOf":{"@id":"https:\/\/4Ballers.de\/#website"},"primaryImageOfPage":{"@id":"https:\/\/4Ballers.de\/?p=8009#primaryimage"},"image":{"@id":"https:\/\/4Ballers.de\/?p=8009#primaryimage"},"thumbnailUrl":"https:\/\/4Ballers.de\/wp-content\/uploads\/2025\/04\/cropped-cropped-BCA0AA7F-B650-4AFB-8569-31AD15063F35.png","datePublished":"2025-09-15T11:30:00+00:00","dateModified":"2026-01-24T16:43:22+00:00","author":{"@id":"https:\/\/4Ballers.de\/#\/schema\/person\/a23eeed8afa2f2e4c487131ce9456e5d"},"description":"Gladbach lieferte gegen Werder Bremen mal wieder einen Auftritt zum Vergessen ab. F\u00fcr Trainer Gerardo Seoane muss jetzt Schluss sein.","breadcrumb":{"@id":"https:\/\/4Ballers.de\/?p=8009#breadcrumb"},"inLanguage":"de","potentialAction":[{"@type":"ReadAction","target":["https:\/\/4Ballers.de\/?p=8009"]}]},{"@type":"ImageObject","inLanguage":"de","@id":"https:\/\/4Ballers.de\/?p=8009#primaryimage","url":"https:\/\/4Ballers.de\/wp-content\/uploads\/2025\/04\/cropped-cropped-BCA0AA7F-B650-4AFB-8569-31AD15063F35.png","contentUrl":"https:\/\/4Ballers.de\/wp-content\/uploads\/2025\/04\/cropped-cropped-BCA0AA7F-B650-4AFB-8569-31AD15063F35.png","width":512,"height":512},{"@type":"BreadcrumbList","@id":"https:\/\/4Ballers.de\/?p=8009#breadcrumb","itemListElement":[{"@type":"ListItem","position":1,"name":"Startseite","item":"https:\/\/4Ballers.de\/"},{"@type":"ListItem","position":2,"name":"Seoane vor dem Aus: Warum Gladbach endlich handeln muss"}]},{"@type":"WebSite","@id":"https:\/\/4Ballers.de\/#website","url":"https:\/\/4Ballers.de\/","name":"4Ballers","description":"","potentialAction":[{"@type":"SearchAction","target":{"@type":"EntryPoint","urlTemplate":"https:\/\/4Ballers.de\/?s={search_term_string}"},"query-input":{"@type":"PropertyValueSpecification","valueRequired":true,"valueName":"search_term_string"}}],"inLanguage":"de"},{"@type":"Person","@id":"https:\/\/4Ballers.de\/#\/schema\/person\/a23eeed8afa2f2e4c487131ce9456e5d","name":"Lukas Schmitt","image":{"@type":"ImageObject","inLanguage":"de","@id":"https:\/\/secure.gravatar.com\/avatar\/ba60c656bea79c301c98542fa9aa2520ecde30acfd1a4d5ddf3342e3f794f942?s=96&d=blank&r=g","url":"https:\/\/secure.gravatar.com\/avatar\/ba60c656bea79c301c98542fa9aa2520ecde30acfd1a4d5ddf3342e3f794f942?s=96&d=blank&r=g","contentUrl":"https:\/\/secure.gravatar.com\/avatar\/ba60c656bea79c301c98542fa9aa2520ecde30acfd1a4d5ddf3342e3f794f942?s=96&d=blank&r=g","caption":"Lukas Schmitt"},"sameAs":["http:\/\/4Ballers"],"url":"https:\/\/4Ballers.de\/?author=2"}]}},"_links":{"self":[{"href":"https:\/\/4Ballers.de\/index.php?rest_route=\/wp\/v2\/posts\/8009","targetHints":{"allow":["GET"]}}],"collection":[{"href":"https:\/\/4Ballers.de\/index.php?rest_route=\/wp\/v2\/posts"}],"about":[{"href":"https:\/\/4Ballers.de\/index.php?rest_route=\/wp\/v2\/types\/post"}],"author":[{"embeddable":true,"href":"https:\/\/4Ballers.de\/index.php?rest_route=\/wp\/v2\/users\/2"}],"replies":[{"embeddable":true,"href":"https:\/\/4Ballers.de\/index.php?rest_route=%2Fwp%2Fv2%2Fcomments&post=8009"}],"version-history":[{"count":13,"href":"https:\/\/4Ballers.de\/index.php?rest_route=\/wp\/v2\/posts\/8009\/revisions"}],"predecessor-version":[{"id":8679,"href":"https:\/\/4Ballers.de\/index.php?rest_route=\/wp\/v2\/posts\/8009\/revisions\/8679"}],"wp:featuredmedia":[{"embeddable":true,"href":"https:\/\/4Ballers.de\/index.php?rest_route=\/wp\/v2\/media\/8340"}],"wp:attachment":[{"href":"https:\/\/4Ballers.de\/index.php?rest_route=%2Fwp%2Fv2%2Fmedia&parent=8009"}],"wp:term":[{"taxonomy":"category","embeddable":true,"href":"https:\/\/4Ballers.de\/index.php?rest_route=%2Fwp%2Fv2%2Fcategories&post=8009"},{"taxonomy":"post_tag","embeddable":true,"href":"https:\/\/4Ballers.de\/index.php?rest_route=%2Fwp%2Fv2%2Ftags&post=8009"}],"curies":[{"name":"wp","href":"https:\/\/api.w.org\/{rel}","templated":true}]}}