{"id":7996,"date":"2025-09-12T17:45:00","date_gmt":"2025-09-12T15:45:00","guid":{"rendered":"https:\/\/4Ballers.de\/?p=7996"},"modified":"2026-01-24T17:44:05","modified_gmt":"2026-01-24T16:44:05","slug":"kompany-und-die-sache-mit-dem-nachwuchs","status":"publish","type":"post","link":"https:\/\/4Ballers.de\/?p=7996","title":{"rendered":"Kompany und die Sache mit dem Nachwuchs"},"content":{"rendered":"\n<p><strong>Lesezeit: 3 Minuten<\/strong><\/p>\n\n\n\n<p><strong>Beim FC Bayern gestaltet sich die Personaldecke in dieser Saison \u00e4u\u00dferst d\u00fcnn. Trainer Vincent Kompany wird deshalb vermehrt dazu gezwungen sein, dem eigenen Nachwuchs Chancen einzur\u00e4umen.<\/strong><\/p>\n\n\n\n<p>Mit Luis Diaz (FC Liverpool) und Nicolas Jackson (FC Chelsea\/ Leihe) hat der FC Bayern auf dem Papier zwei hochkar\u00e4tige Neuzug\u00e4nge f\u00fcr Offensive verpflichtet. Auf der anderen Seite tat sich aber auch auf der Abgangsseite so einiges. Mit Leroy San\u00e9, Thomas M\u00fcller, Mathys Tel und Kingsley Coman gab der Rekordmeister gleich vier hochkar\u00e4tige Offensivspieler ab. Bereits auf den ersten Blick wird klar: In Hinblick auf die sportlichen Ambitionen des FCB ist der Kader in der Offensive viel zu d\u00fcnn besetzt.<\/p>\n\n\n\n<p>Grund daf\u00fcr, warum man auf weitere Neuzug\u00e4nge verzichtete, ist neben dem selbst auferlegten Sparzwang der verst\u00e4rkte Fokus auf den eigenen Campus. Aus der Not wollen die Verantwortlichen gewisserma\u00dfen eine Tugend machen. Wie dieser Weg, dem sich auch der in dieser Richtung bislang eher konservativ aufgetretene Vincent Kompany voll verschrieben hat, aussehen k\u00f6nnte, deutete sich bereits in der Vorbereitung an.<\/p>\n\n\n\n<h2 class=\"wp-block-heading\">Toptalente dr\u00e4ngen sich auf<\/h2>\n\n\n\n<p>Mit Toptalent Lennart Karl sowie dem ebenfalls hoch veranlagten Wisdom Mike verf\u00fcgt der deutsche Rekordmeister besonders in der Offensive \u00fcber zwei hochkar\u00e4tige Nachwuchskr\u00e4fte. Erstgenannter sorgte nicht nur als Startelfspieler beim Pokalerfolg gegen Wehen Wiesbaden f\u00fcr Furore, sondern feierte gegen RB Leipzig auch sein Bundesligadeb\u00fct. Die Vertragsverl\u00e4ngerung des einst von Real Madrid umworbenen Youngstars dr\u00fcckt das Vertrauen der Verantwortlichen in dessen F\u00e4higkeiten aus. Auch den Vertrag des ein Jahr j\u00fcngeren Mike dehnte man vergangenen Monat aus.<\/p>\n\n\n\n<p>Mit dem 16-j\u00e4hrigen Innenverteidiger Cassiano Kiala verf\u00fcgt man am Campus \u00fcber ein weiteres Juwel, das in der Vorbereitung gegen die Tottenham Hotspur bereits zum Einsatz kam. Auch Mittelst\u00fcrmer Jona Kusi-Asare trauen sie trotz dessen Leihwechsel zum FC Fulham in Zukunft den Sprung in die erste Mannschaft zu.<\/p>\n\n\n\n<figure class=\"wp-block-embed is-type-rich is-provider-twitter wp-block-embed-twitter\"><div class=\"wp-block-embed__wrapper\">\nhttps:\/\/twitter.com\/razurax_\/status\/1965807776757956788\n<\/div><\/figure>\n\n\n\n<p>Im Endeffekt wird es f\u00fcr Kompany und seinen Trainerstab um<a href=\"https:\/\/4Ballers.de\/?p=5638\"> Ren\u00e9 Maric und Co.<\/a> darauf ankommen, die jungen Spieler langsam heranzuf\u00fchren, ohne sie gleich zu verheizen. Klar ist aber auch: Sollte sich aufgrund der enorm d\u00fcnnen Perosonaldecke in der Offensive kurzfristig akuter Bedarf ergeben, wird der belgische Chefcoach unweigerlich dazu gezwungen sein, jenen Akteuren das Vertrauen zu schenken.<\/p>\n\n\n\n<p>Die Kritik vieler Fans in der vergangenen Saison, Kompany w\u00fcrde zu wenig Vertrauen in den eigenen Nachwuchs besitzen, gilt es in dieser Saison anzunehmen und zu widerlegen. Denn der 39-J\u00e4hrige muss sich neben der sportlichen Bilanz in seinem zweiten Bayern-Jahr ebenso an der Weiterentwicklung seines Kaders messen lassen. Dazu geh\u00f6rt selbstverst\u00e4ndlich auch die Arbeit mit vielversprechenden Nachwuchskr\u00e4ften.<\/p>\n","protected":false},"excerpt":{"rendered":"<p>Beim FC Bayern gestaltet sich die Personaldecke in dieser Saison \u00e4u\u00dferst d\u00fcnn. Trainer Vincent Kompany wird deshalb vermehrt dazu gezwungen sein, dem eigenen Nachwuchs Chancen einzur\u00e4umen.<\/p>\n","protected":false},"author":2,"featured_media":2072,"comment_status":"open","ping_status":"open","sticky":false,"template":"","format":"standard","meta":{"footnotes":""},"categories":[6,615],"tags":[621,531,524],"class_list":["post-7996","post","type-post","status-publish","format-standard","has-post-thumbnail","hentry","category-bundesliga","category-fc-bayern","tag-lennart-karl","tag-max-eberl","tag-vincent-kompany"],"yoast_head":"<!-- This site is optimized with the Yoast SEO plugin v27.5 - https:\/\/yoast.com\/product\/yoast-seo-wordpress\/ -->\n<title>Kompany und die Sache mit dem Nachwuchs - 4Ballers - Euer Fu\u00dfballblog<\/title>\n<meta name=\"description\" content=\"Beim FC Bayern gestaltet sich die Personaldecke in dieser Saison \u00e4u\u00dferst d\u00fcnn. Vincent Kompany wird dem Nachwuchs Chancen geben m\u00fcssen.\" \/>\n<meta name=\"robots\" content=\"index, follow, max-snippet:-1, max-image-preview:large, max-video-preview:-1\" \/>\n<link rel=\"canonical\" href=\"https:\/\/4Ballers.de\/?p=7996\" \/>\n<meta property=\"og:locale\" content=\"de_DE\" \/>\n<meta property=\"og:type\" content=\"article\" \/>\n<meta property=\"og:title\" content=\"Kompany und die Sache mit dem Nachwuchs - 4Ballers - Euer Fu\u00dfballblog\" \/>\n<meta property=\"og:description\" content=\"Beim FC Bayern gestaltet sich die Personaldecke in dieser Saison \u00e4u\u00dferst d\u00fcnn. Vincent Kompany wird dem Nachwuchs Chancen geben m\u00fcssen.\" \/>\n<meta property=\"og:url\" content=\"https:\/\/4Ballers.de\/?p=7996\" \/>\n<meta property=\"og:site_name\" content=\"4Ballers - Euer Fu\u00dfballblog\" \/>\n<meta property=\"article:published_time\" content=\"2025-09-12T15:45:00+00:00\" \/>\n<meta property=\"article:modified_time\" content=\"2026-01-24T16:44:05+00:00\" \/>\n<meta property=\"og:image\" content=\"https:\/\/4Ballers.de\/wp-content\/uploads\/2023\/04\/IMG_6251-scaled.jpg\" \/>\n\t<meta property=\"og:image:width\" content=\"2560\" \/>\n\t<meta property=\"og:image:height\" content=\"1920\" \/>\n\t<meta property=\"og:image:type\" content=\"image\/jpeg\" \/>\n<meta name=\"author\" content=\"Lukas Schmitt\" \/>\n<meta name=\"twitter:card\" content=\"summary_large_image\" \/>\n<meta name=\"twitter:creator\" content=\"@4Ballers_\" \/>\n<meta name=\"twitter:site\" content=\"@4Ballers_\" \/>\n<meta name=\"twitter:label1\" content=\"Verfasst von\" \/>\n\t<meta name=\"twitter:data1\" content=\"Lukas Schmitt\" \/>\n\t<meta name=\"twitter:label2\" content=\"Gesch\u00e4tzte Lesezeit\" \/>\n\t<meta name=\"twitter:data2\" content=\"3\u00a0Minuten\" \/>\n<script type=\"application\/ld+json\" class=\"yoast-schema-graph\">{\"@context\":\"https:\\\/\\\/schema.org\",\"@graph\":[{\"@type\":\"Article\",\"@id\":\"https:\\\/\\\/4Ballers.de\\\/?p=7996#article\",\"isPartOf\":{\"@id\":\"https:\\\/\\\/4Ballers.de\\\/?p=7996\"},\"author\":{\"name\":\"Lukas Schmitt\",\"@id\":\"https:\\\/\\\/4Ballers.de\\\/#\\\/schema\\\/person\\\/a23eeed8afa2f2e4c487131ce9456e5d\"},\"headline\":\"Kompany und die Sache mit dem Nachwuchs\",\"datePublished\":\"2025-09-12T15:45:00+00:00\",\"dateModified\":\"2026-01-24T16:44:05+00:00\",\"mainEntityOfPage\":{\"@id\":\"https:\\\/\\\/4Ballers.de\\\/?p=7996\"},\"wordCount\":455,\"commentCount\":2,\"image\":{\"@id\":\"https:\\\/\\\/4Ballers.de\\\/?p=7996#primaryimage\"},\"thumbnailUrl\":\"https:\\\/\\\/4Ballers.de\\\/wp-content\\\/uploads\\\/2023\\\/04\\\/IMG_6251-scaled.jpg\",\"keywords\":[\"Lennart Karl\",\"Max Eberl\",\"Vincent Kompany\"],\"articleSection\":[\"BuLi \u26bd\ufe0f\",\"FC Bayern\"],\"inLanguage\":\"de\",\"potentialAction\":[{\"@type\":\"CommentAction\",\"name\":\"Comment\",\"target\":[\"https:\\\/\\\/4Ballers.de\\\/?p=7996#respond\"]}]},{\"@type\":\"WebPage\",\"@id\":\"https:\\\/\\\/4Ballers.de\\\/?p=7996\",\"url\":\"https:\\\/\\\/4Ballers.de\\\/?p=7996\",\"name\":\"Kompany und die Sache mit dem Nachwuchs - 4Ballers - Euer Fu\u00dfballblog\",\"isPartOf\":{\"@id\":\"https:\\\/\\\/4Ballers.de\\\/#website\"},\"primaryImageOfPage\":{\"@id\":\"https:\\\/\\\/4Ballers.de\\\/?p=7996#primaryimage\"},\"image\":{\"@id\":\"https:\\\/\\\/4Ballers.de\\\/?p=7996#primaryimage\"},\"thumbnailUrl\":\"https:\\\/\\\/4Ballers.de\\\/wp-content\\\/uploads\\\/2023\\\/04\\\/IMG_6251-scaled.jpg\",\"datePublished\":\"2025-09-12T15:45:00+00:00\",\"dateModified\":\"2026-01-24T16:44:05+00:00\",\"author\":{\"@id\":\"https:\\\/\\\/4Ballers.de\\\/#\\\/schema\\\/person\\\/a23eeed8afa2f2e4c487131ce9456e5d\"},\"description\":\"Beim FC Bayern gestaltet sich die Personaldecke in dieser Saison \u00e4u\u00dferst d\u00fcnn. Vincent Kompany wird dem Nachwuchs Chancen geben m\u00fcssen.\",\"breadcrumb\":{\"@id\":\"https:\\\/\\\/4Ballers.de\\\/?p=7996#breadcrumb\"},\"inLanguage\":\"de\",\"potentialAction\":[{\"@type\":\"ReadAction\",\"target\":[\"https:\\\/\\\/4Ballers.de\\\/?p=7996\"]}]},{\"@type\":\"ImageObject\",\"inLanguage\":\"de\",\"@id\":\"https:\\\/\\\/4Ballers.de\\\/?p=7996#primaryimage\",\"url\":\"https:\\\/\\\/4Ballers.de\\\/wp-content\\\/uploads\\\/2023\\\/04\\\/IMG_6251-scaled.jpg\",\"contentUrl\":\"https:\\\/\\\/4Ballers.de\\\/wp-content\\\/uploads\\\/2023\\\/04\\\/IMG_6251-scaled.jpg\",\"width\":2560,\"height\":1920},{\"@type\":\"BreadcrumbList\",\"@id\":\"https:\\\/\\\/4Ballers.de\\\/?p=7996#breadcrumb\",\"itemListElement\":[{\"@type\":\"ListItem\",\"position\":1,\"name\":\"Startseite\",\"item\":\"https:\\\/\\\/4Ballers.de\\\/\"},{\"@type\":\"ListItem\",\"position\":2,\"name\":\"Kompany und die Sache mit dem Nachwuchs\"}]},{\"@type\":\"WebSite\",\"@id\":\"https:\\\/\\\/4Ballers.de\\\/#website\",\"url\":\"https:\\\/\\\/4Ballers.de\\\/\",\"name\":\"4Ballers\",\"description\":\"\",\"potentialAction\":[{\"@type\":\"SearchAction\",\"target\":{\"@type\":\"EntryPoint\",\"urlTemplate\":\"https:\\\/\\\/4Ballers.de\\\/?s={search_term_string}\"},\"query-input\":{\"@type\":\"PropertyValueSpecification\",\"valueRequired\":true,\"valueName\":\"search_term_string\"}}],\"inLanguage\":\"de\"},{\"@type\":\"Person\",\"@id\":\"https:\\\/\\\/4Ballers.de\\\/#\\\/schema\\\/person\\\/a23eeed8afa2f2e4c487131ce9456e5d\",\"name\":\"Lukas Schmitt\",\"image\":{\"@type\":\"ImageObject\",\"inLanguage\":\"de\",\"@id\":\"https:\\\/\\\/secure.gravatar.com\\\/avatar\\\/ba60c656bea79c301c98542fa9aa2520ecde30acfd1a4d5ddf3342e3f794f942?s=96&d=blank&r=g\",\"url\":\"https:\\\/\\\/secure.gravatar.com\\\/avatar\\\/ba60c656bea79c301c98542fa9aa2520ecde30acfd1a4d5ddf3342e3f794f942?s=96&d=blank&r=g\",\"contentUrl\":\"https:\\\/\\\/secure.gravatar.com\\\/avatar\\\/ba60c656bea79c301c98542fa9aa2520ecde30acfd1a4d5ddf3342e3f794f942?s=96&d=blank&r=g\",\"caption\":\"Lukas Schmitt\"},\"sameAs\":[\"http:\\\/\\\/4Ballers\"],\"url\":\"https:\\\/\\\/4Ballers.de\\\/?author=2\"}]}<\/script>\n<!-- \/ Yoast SEO plugin. -->","yoast_head_json":{"title":"Kompany und die Sache mit dem Nachwuchs - 4Ballers - Euer Fu\u00dfballblog","description":"Beim FC Bayern gestaltet sich die Personaldecke in dieser Saison \u00e4u\u00dferst d\u00fcnn. Vincent Kompany wird dem Nachwuchs Chancen geben m\u00fcssen.","robots":{"index":"index","follow":"follow","max-snippet":"max-snippet:-1","max-image-preview":"max-image-preview:large","max-video-preview":"max-video-preview:-1"},"canonical":"https:\/\/4Ballers.de\/?p=7996","og_locale":"de_DE","og_type":"article","og_title":"Kompany und die Sache mit dem Nachwuchs - 4Ballers - Euer Fu\u00dfballblog","og_description":"Beim FC Bayern gestaltet sich die Personaldecke in dieser Saison \u00e4u\u00dferst d\u00fcnn. Vincent Kompany wird dem Nachwuchs Chancen geben m\u00fcssen.","og_url":"https:\/\/4Ballers.de\/?p=7996","og_site_name":"4Ballers - Euer Fu\u00dfballblog","article_published_time":"2025-09-12T15:45:00+00:00","article_modified_time":"2026-01-24T16:44:05+00:00","og_image":[{"width":2560,"height":1920,"url":"https:\/\/4Ballers.de\/wp-content\/uploads\/2023\/04\/IMG_6251-scaled.jpg","type":"image\/jpeg"}],"author":"Lukas Schmitt","twitter_card":"summary_large_image","twitter_creator":"@4Ballers_","twitter_site":"@4Ballers_","twitter_misc":{"Verfasst von":"Lukas Schmitt","Gesch\u00e4tzte Lesezeit":"3\u00a0Minuten"},"schema":{"@context":"https:\/\/schema.org","@graph":[{"@type":"Article","@id":"https:\/\/4Ballers.de\/?p=7996#article","isPartOf":{"@id":"https:\/\/4Ballers.de\/?p=7996"},"author":{"name":"Lukas Schmitt","@id":"https:\/\/4Ballers.de\/#\/schema\/person\/a23eeed8afa2f2e4c487131ce9456e5d"},"headline":"Kompany und die Sache mit dem Nachwuchs","datePublished":"2025-09-12T15:45:00+00:00","dateModified":"2026-01-24T16:44:05+00:00","mainEntityOfPage":{"@id":"https:\/\/4Ballers.de\/?p=7996"},"wordCount":455,"commentCount":2,"image":{"@id":"https:\/\/4Ballers.de\/?p=7996#primaryimage"},"thumbnailUrl":"https:\/\/4Ballers.de\/wp-content\/uploads\/2023\/04\/IMG_6251-scaled.jpg","keywords":["Lennart Karl","Max Eberl","Vincent Kompany"],"articleSection":["BuLi \u26bd\ufe0f","FC Bayern"],"inLanguage":"de","potentialAction":[{"@type":"CommentAction","name":"Comment","target":["https:\/\/4Ballers.de\/?p=7996#respond"]}]},{"@type":"WebPage","@id":"https:\/\/4Ballers.de\/?p=7996","url":"https:\/\/4Ballers.de\/?p=7996","name":"Kompany und die Sache mit dem Nachwuchs - 4Ballers - Euer Fu\u00dfballblog","isPartOf":{"@id":"https:\/\/4Ballers.de\/#website"},"primaryImageOfPage":{"@id":"https:\/\/4Ballers.de\/?p=7996#primaryimage"},"image":{"@id":"https:\/\/4Ballers.de\/?p=7996#primaryimage"},"thumbnailUrl":"https:\/\/4Ballers.de\/wp-content\/uploads\/2023\/04\/IMG_6251-scaled.jpg","datePublished":"2025-09-12T15:45:00+00:00","dateModified":"2026-01-24T16:44:05+00:00","author":{"@id":"https:\/\/4Ballers.de\/#\/schema\/person\/a23eeed8afa2f2e4c487131ce9456e5d"},"description":"Beim FC Bayern gestaltet sich die Personaldecke in dieser Saison \u00e4u\u00dferst d\u00fcnn. Vincent Kompany wird dem Nachwuchs Chancen geben m\u00fcssen.","breadcrumb":{"@id":"https:\/\/4Ballers.de\/?p=7996#breadcrumb"},"inLanguage":"de","potentialAction":[{"@type":"ReadAction","target":["https:\/\/4Ballers.de\/?p=7996"]}]},{"@type":"ImageObject","inLanguage":"de","@id":"https:\/\/4Ballers.de\/?p=7996#primaryimage","url":"https:\/\/4Ballers.de\/wp-content\/uploads\/2023\/04\/IMG_6251-scaled.jpg","contentUrl":"https:\/\/4Ballers.de\/wp-content\/uploads\/2023\/04\/IMG_6251-scaled.jpg","width":2560,"height":1920},{"@type":"BreadcrumbList","@id":"https:\/\/4Ballers.de\/?p=7996#breadcrumb","itemListElement":[{"@type":"ListItem","position":1,"name":"Startseite","item":"https:\/\/4Ballers.de\/"},{"@type":"ListItem","position":2,"name":"Kompany und die Sache mit dem Nachwuchs"}]},{"@type":"WebSite","@id":"https:\/\/4Ballers.de\/#website","url":"https:\/\/4Ballers.de\/","name":"4Ballers","description":"","potentialAction":[{"@type":"SearchAction","target":{"@type":"EntryPoint","urlTemplate":"https:\/\/4Ballers.de\/?s={search_term_string}"},"query-input":{"@type":"PropertyValueSpecification","valueRequired":true,"valueName":"search_term_string"}}],"inLanguage":"de"},{"@type":"Person","@id":"https:\/\/4Ballers.de\/#\/schema\/person\/a23eeed8afa2f2e4c487131ce9456e5d","name":"Lukas Schmitt","image":{"@type":"ImageObject","inLanguage":"de","@id":"https:\/\/secure.gravatar.com\/avatar\/ba60c656bea79c301c98542fa9aa2520ecde30acfd1a4d5ddf3342e3f794f942?s=96&d=blank&r=g","url":"https:\/\/secure.gravatar.com\/avatar\/ba60c656bea79c301c98542fa9aa2520ecde30acfd1a4d5ddf3342e3f794f942?s=96&d=blank&r=g","contentUrl":"https:\/\/secure.gravatar.com\/avatar\/ba60c656bea79c301c98542fa9aa2520ecde30acfd1a4d5ddf3342e3f794f942?s=96&d=blank&r=g","caption":"Lukas Schmitt"},"sameAs":["http:\/\/4Ballers"],"url":"https:\/\/4Ballers.de\/?author=2"}]}},"_links":{"self":[{"href":"https:\/\/4Ballers.de\/index.php?rest_route=\/wp\/v2\/posts\/7996","targetHints":{"allow":["GET"]}}],"collection":[{"href":"https:\/\/4Ballers.de\/index.php?rest_route=\/wp\/v2\/posts"}],"about":[{"href":"https:\/\/4Ballers.de\/index.php?rest_route=\/wp\/v2\/types\/post"}],"author":[{"embeddable":true,"href":"https:\/\/4Ballers.de\/index.php?rest_route=\/wp\/v2\/users\/2"}],"replies":[{"embeddable":true,"href":"https:\/\/4Ballers.de\/index.php?rest_route=%2Fwp%2Fv2%2Fcomments&post=7996"}],"version-history":[{"count":15,"href":"https:\/\/4Ballers.de\/index.php?rest_route=\/wp\/v2\/posts\/7996\/revisions"}],"predecessor-version":[{"id":8681,"href":"https:\/\/4Ballers.de\/index.php?rest_route=\/wp\/v2\/posts\/7996\/revisions\/8681"}],"wp:featuredmedia":[{"embeddable":true,"href":"https:\/\/4Ballers.de\/index.php?rest_route=\/wp\/v2\/media\/2072"}],"wp:attachment":[{"href":"https:\/\/4Ballers.de\/index.php?rest_route=%2Fwp%2Fv2%2Fmedia&parent=7996"}],"wp:term":[{"taxonomy":"category","embeddable":true,"href":"https:\/\/4Ballers.de\/index.php?rest_route=%2Fwp%2Fv2%2Fcategories&post=7996"},{"taxonomy":"post_tag","embeddable":true,"href":"https:\/\/4Ballers.de\/index.php?rest_route=%2Fwp%2Fv2%2Ftags&post=7996"}],"curies":[{"name":"wp","href":"https:\/\/api.w.org\/{rel}","templated":true}]}}