{"id":7907,"date":"2025-09-08T13:13:37","date_gmt":"2025-09-08T11:13:37","guid":{"rendered":"https:\/\/4Ballers.de\/?p=7907"},"modified":"2026-01-23T13:24:01","modified_gmt":"2026-01-23T12:24:01","slug":"vom-hoffnungstraeger-zum-nationalhelden-amiris-langer-weg-nach-oben","status":"publish","type":"post","link":"https:\/\/4Ballers.de\/?p=7907","title":{"rendered":"Vom Hoffnungstr\u00e4ger zum Nationalhelden: Amiris langer Weg nach oben"},"content":{"rendered":"\n<p><strong>Lesezeit: 3 Minuten<\/strong><\/p>\n\n\n\n<p><strong>In Mainz ist er l\u00e4ngst unumstrittener Stammspieler und nun auch in der Nationalmannschaft ein gefeierter Held. F\u00fcr Nadiem Amiri k\u00f6nnte es dieser Tage kaum besser laufen.<\/strong><\/p>\n\n\n\n<p>Am Abend des 7. September 2025 wurde in der deutschen Nationalmannschaft ein neuer Held geboren. Nur acht Minuten nach seiner Einwechslung brachte Nadiem Amiri das im Vorfeld stark kritisierte DFB-Team um Trainer Julian Nagelsmann auf die Siegerstra\u00dfe. Dass der 28-J\u00e4hrige Mainzer sich nach dem hart erk\u00e4mpfen 3:1-Erfolg gegen Nordirland als Matchwinner feiern lassen durfte, lag auch daran, dass er etwas auf den Platz brachte, was dem Team zuvor abging: Leidenschaft, Siegeswille und Kampfgeist.<\/p>\n\n\n\n<p>F\u00fcr Fans des 1. FSV Mainz 05, wo der Rechtsfu\u00df seit seiner Ankunft im Januar 2024 mit Topleistungen gl\u00e4nzt, d\u00fcrften diese Attribute wenig \u00fcberraschend daherkommen. So gl\u00e4nzt der 28-J\u00e4hrige nicht erst seit dieser Saison als Topscorer des Teams, sondern f\u00fchrt seine Mannschaft auch regelm\u00e4\u00dfig als Kapit\u00e4n aufs Feld. Auch f\u00fcr Nagelsmann, seinen einstigen F\u00f6rderer aus Hoffenheimer Zeiten, der Amiri nach der Partie ein Sonderlob aussprach, wird er immer wichtiger.<\/p>\n\n\n\n<h2 class=\"wp-block-heading\">Amiris Entwicklung in Rekordtempo<\/h2>\n\n\n\n<p>Der logische n\u00e4chste Schritt f\u00fcr einen Spieler, der vor etwas mehr als eineinhalb Jahren bei Bayer Leverkusen noch als gescheitert galt. Als f\u00fcnftes Rad am Wagen unter dem sp\u00e4teren Meistertrainer Xabi Alonso kam der 28-J\u00e4hrige nur selten auf Spielzeit, ein Vereinswechsel lie\u00df sich in der Folge monatelang nicht realisieren. Nachdem seinerzeit ein Abgang mehrmals scheiterte, warf man dem Ausnahmek\u00f6nner im Rheinland vor, <a href=\"https:\/\/www.transfermarkt.de\/amiri-und-bayer-04-nehmen-abstand-von-verlangerung-leverkusen-strebt-verkauf-an\/view\/news\/422650\">einen schlechten Umgang zu pflegen<\/a>.<\/p>\n\n\n\n<p>Amiri erreichte sein pers\u00f6nliches \u201eRock bottom\u201c, ein Wechsel nach Mainz zu seinem ehemaligen Auswahlcoach Jan Siewert galt schnell als letzter Ausweg. Auch wenn der FSV, damals in tiefen Abstiegsn\u00f6ten, sportlich eine unattraktive Adresse darzustellen schien, vollbrachte der Edeltechniker nach einem <a href=\"https:\/\/4Ballers.de\/?p=4545\">erneuten Trainerwechsel hin zu Bo Henriksen<\/a> das Unfassbare: Mit einem \u00fcberragenden Schlussspurt hielten die Mainzer letztendlich doch noch die Klasse und Amiri avancierte schnell zum Unterschiedsspieler des Teams.<\/p>\n\n\n\n<figure class=\"wp-block-embed is-type-rich is-provider-twitter wp-block-embed-twitter\"><div class=\"wp-block-embed__wrapper\">\n\t\t<div class=\"embed-privacy-container is-disabled embed-x\" data-embed-id=\"oembed_1e43b625be12534b46453679a277cffb\" data-embed-provider=\"x\">\t\t\t\t\t\t<button type=\"button\" class=\"embed-privacy-enable screen-reader-text\">Inhalt von X anzeigen<\/button>\t\t\t\t\t\t<div class=\"embed-privacy-overlay\">\t\t\t\t<div class=\"embed-privacy-inner\">\t\t\t\t\t<div class=\"embed-privacy-logo\" style=\"background-image: url(https:\/\/4Ballers.de\/wp-content\/plugins\/embed-privacy\/assets\/images\/embed-x.png?ver=1.12.3);\"><\/div>\t\t<p>\t\tHier klicken, um den Inhalt von X anzuzeigen.\t\t\t\t\t<br>\t\t\t\t\tErfahre mehr in der <a href=\"https:\/\/x.com\/de\/privacy\" target=\"_blank\">Datenschutzerkl\u00e4rung von X<\/a>.\t\t<\/p>\t\t<p class=\"embed-privacy-input-wrapper\">\t\t\t<input id=\"embed-privacy-store-x-1e43b625be12534b46453679a277cffb\" type=\"checkbox\" value=\"1\" class=\"embed-privacy-input\" data-embed-provider=\"x\">\t\t\t<label for=\"embed-privacy-store-x-1e43b625be12534b46453679a277cffb\" class=\"embed-privacy-label\" data-embed-provider=\"x\">\t\t\t\tInhalt von X immer anzeigen\t\t\t<\/label>\t\t<\/p>\t\t\t\t\t\t<\/div>\t\t\t\t\t\t\t\t<div class=\"embed-privacy-footer\"><span class=\"embed-privacy-url\"><a href=\"https:\/\/twitter.com\/Mainz05en\/status\/1964791056651931703\">Tweet direkt \u00f6ffnen<\/a><\/span><\/div>\t\t\t<\/div>\t\t\t\t\t\t<div class=\"embed-privacy-content\">\t\t\t\t<script>var _oembed_1e43b625be12534b46453679a277cffb = '{\\\"embed\\\":\\\"&lt;blockquote class=&quot;twitter-tweet&quot; data-width=&quot;550&quot; data-dnt=&quot;true&quot;&gt;&lt;p lang=&quot;en&quot; dir=&quot;ltr&quot;&gt;Our very own Nadiem Amiri scored his first goal for Germany tonight as they beat Northern Ireland 3-1! \\\\ud83e\\\\udd29\\\\ud83c\\\\udde9\\\\ud83c\\\\uddea&lt;br&gt;&lt;br&gt;\\\\ud83d\\\\udcf8 IMAGO \\\\\/ HMB-Media&lt;a href=&quot;https:\\\\\/\\\\\/twitter.com\\\\\/hashtag\\\\\/Mainz05?src=hash&amp;amp;ref_src=twsrc%5Etfw&quot;&gt;#Mainz05&lt;\\\\\/a&gt; &lt;a href=&quot;https:\\\\\/\\\\\/twitter.com\\\\\/hashtag\\\\\/GERNIR?src=hash&amp;amp;ref_src=twsrc%5Etfw&quot;&gt;#GERNIR&lt;\\\\\/a&gt; &lt;a href=&quot;https:\\\\\/\\\\\/t.co\\\\\/gf68LklGt0&quot;&gt;pic.twitter.com\\\\\/gf68LklGt0&lt;\\\\\/a&gt;&lt;\\\\\/p&gt;&amp;mdash; Mainz 05 English (@Mainz05en) &lt;a href=&quot;https:\\\\\/\\\\\/twitter.com\\\\\/Mainz05en\\\\\/status\\\\\/1964791056651931703?ref_src=twsrc%5Etfw&quot;&gt;September 7, 2025&lt;\\\\\/a&gt;&lt;\\\\\/blockquote&gt;&lt;script async src=&quot;https:\\\\\/\\\\\/platform.twitter.com\\\\\/widgets.js&quot; charset=&quot;utf-8&quot;&gt;&lt;\\\\\/script&gt;\\\"}';<\/script>\t\t\t<\/div>\t\t<\/div>\t\t\n<\/div><\/figure>\n\n\n\n<p>Dass Amiri bis heute seine Schuhe f\u00fcr die Mainzer schn\u00fcrt, hat vor allem mit dem passenden Umfeld sowie seiner pers\u00f6nlichen \u00dcberzeugung zu tun. In Mainz findet er alles vor was n\u00f6tig ist, um sich auch mit 28 noch in gro\u00dfen Schritten weiterzuentwickeln. Der Nationalspieler ist vom Enfant Terrible l\u00e4ngst zum \u00dcberzeugungst\u00e4ter avanciert. Sein hervorragendes Verh\u00e4ltnis zur Mainzer Kultfigur Bo Henriksen sowie sein Status innerhalb des Teams machen ihn zu einem der begehrtesten Spieler der Liga.<\/p>\n\n\n\n<p>Und auch wenn sich Amiri in Mainz eigenen Worten zufolge wohlf\u00fchlt, k\u00f6nnte die WM im kommenden Jahr f\u00fcr den Rechtsfu\u00df nochmal eine Art Schaufenster darstellen, um mit dann 29 Jahren doch nochmal einen Wechsel zu einem der ganz gro\u00dfen Klubs zu vollziehen. Klar ist: In Mainz w\u00fcrden sie ihrem Star das in keinem Fall ver\u00fcbeln. So oder so, die Entwicklung Amiris ist ohne Zweifel bemerkenswert.<\/p>\n","protected":false},"excerpt":{"rendered":"<p>In Mainz l\u00e4ngst unumstrittener Stammspieler und nun auch in der Nationalmannschaft ein gefeierter Held. F\u00fcr Nadiem Amiri k\u00f6nnte es dieser Tage kaum besser laufen.<\/p>\n","protected":false},"author":2,"featured_media":7850,"comment_status":"open","ping_status":"open","sticky":false,"template":"","format":"standard","meta":{"footnotes":""},"categories":[6,345],"tags":[534,593,352],"class_list":["post-7907","post","type-post","status-publish","format-standard","has-post-thumbnail","hentry","category-bundesliga","category-nationalmannschaft","tag-julian-nagelsmann","tag-nadiem-amiri","tag-nationalmannschaft"],"yoast_head":"<!-- This site is optimized with the Yoast SEO plugin v27.4 - https:\/\/yoast.com\/product\/yoast-seo-wordpress\/ -->\n<title>Vom Hoffnungstr\u00e4ger zum Nationalhelden: Amiris langer Weg nach oben - 4Ballers - Euer Fu\u00dfballblog<\/title>\n<meta name=\"description\" content=\"In Mainz l\u00e4ngst ein Superstar und nun auch in der Nationalmannschaft ein gefeierter Held. F\u00fcr Nadiem Amiri k\u00f6nnte es kaum besser laufen.\" \/>\n<meta name=\"robots\" content=\"index, follow, max-snippet:-1, max-image-preview:large, max-video-preview:-1\" \/>\n<link rel=\"canonical\" href=\"https:\/\/4Ballers.de\/?p=7907\" \/>\n<meta property=\"og:locale\" content=\"de_DE\" \/>\n<meta property=\"og:type\" content=\"article\" \/>\n<meta property=\"og:title\" content=\"Vom Hoffnungstr\u00e4ger zum Nationalhelden: Amiris langer Weg nach oben - 4Ballers - Euer Fu\u00dfballblog\" \/>\n<meta property=\"og:description\" content=\"In Mainz l\u00e4ngst ein Superstar und nun auch in der Nationalmannschaft ein gefeierter Held. F\u00fcr Nadiem Amiri k\u00f6nnte es kaum besser laufen.\" \/>\n<meta property=\"og:url\" content=\"https:\/\/4Ballers.de\/?p=7907\" \/>\n<meta property=\"og:site_name\" content=\"4Ballers - Euer Fu\u00dfballblog\" \/>\n<meta property=\"article:published_time\" content=\"2025-09-08T11:13:37+00:00\" \/>\n<meta property=\"article:modified_time\" content=\"2026-01-23T12:24:01+00:00\" \/>\n<meta name=\"author\" content=\"Lukas Schmitt\" \/>\n<meta name=\"twitter:card\" content=\"summary_large_image\" \/>\n<meta name=\"twitter:creator\" content=\"@4Ballers_\" \/>\n<meta name=\"twitter:site\" content=\"@4Ballers_\" \/>\n<meta name=\"twitter:label1\" content=\"Verfasst von\" \/>\n\t<meta name=\"twitter:data1\" content=\"Lukas Schmitt\" \/>\n\t<meta name=\"twitter:label2\" content=\"Gesch\u00e4tzte Lesezeit\" \/>\n\t<meta name=\"twitter:data2\" content=\"3\u00a0Minuten\" \/>\n<script type=\"application\/ld+json\" class=\"yoast-schema-graph\">{\"@context\":\"https:\\\/\\\/schema.org\",\"@graph\":[{\"@type\":\"Article\",\"@id\":\"https:\\\/\\\/4Ballers.de\\\/?p=7907#article\",\"isPartOf\":{\"@id\":\"https:\\\/\\\/4Ballers.de\\\/?p=7907\"},\"author\":{\"name\":\"Lukas Schmitt\",\"@id\":\"https:\\\/\\\/4Ballers.de\\\/#\\\/schema\\\/person\\\/a23eeed8afa2f2e4c487131ce9456e5d\"},\"headline\":\"Vom Hoffnungstr\u00e4ger zum Nationalhelden: Amiris langer Weg nach oben\",\"datePublished\":\"2025-09-08T11:13:37+00:00\",\"dateModified\":\"2026-01-23T12:24:01+00:00\",\"mainEntityOfPage\":{\"@id\":\"https:\\\/\\\/4Ballers.de\\\/?p=7907\"},\"wordCount\":496,\"commentCount\":1,\"image\":{\"@id\":\"https:\\\/\\\/4Ballers.de\\\/?p=7907#primaryimage\"},\"thumbnailUrl\":\"https:\\\/\\\/4Ballers.de\\\/wp-content\\\/uploads\\\/2025\\\/09\\\/IMG_1321.heic\",\"keywords\":[\"Julian Nagelsmann\",\"Nadiem Amiri\",\"Nationalmannschaft\"],\"articleSection\":[\"BuLi \u26bd\ufe0f\",\"Nationalmannschaft \ud83c\udde9\ud83c\uddea\"],\"inLanguage\":\"de\",\"potentialAction\":[{\"@type\":\"CommentAction\",\"name\":\"Comment\",\"target\":[\"https:\\\/\\\/4Ballers.de\\\/?p=7907#respond\"]}]},{\"@type\":\"WebPage\",\"@id\":\"https:\\\/\\\/4Ballers.de\\\/?p=7907\",\"url\":\"https:\\\/\\\/4Ballers.de\\\/?p=7907\",\"name\":\"Vom Hoffnungstr\u00e4ger zum Nationalhelden: Amiris langer Weg nach oben - 4Ballers - Euer Fu\u00dfballblog\",\"isPartOf\":{\"@id\":\"https:\\\/\\\/4Ballers.de\\\/#website\"},\"primaryImageOfPage\":{\"@id\":\"https:\\\/\\\/4Ballers.de\\\/?p=7907#primaryimage\"},\"image\":{\"@id\":\"https:\\\/\\\/4Ballers.de\\\/?p=7907#primaryimage\"},\"thumbnailUrl\":\"https:\\\/\\\/4Ballers.de\\\/wp-content\\\/uploads\\\/2025\\\/09\\\/IMG_1321.heic\",\"datePublished\":\"2025-09-08T11:13:37+00:00\",\"dateModified\":\"2026-01-23T12:24:01+00:00\",\"author\":{\"@id\":\"https:\\\/\\\/4Ballers.de\\\/#\\\/schema\\\/person\\\/a23eeed8afa2f2e4c487131ce9456e5d\"},\"description\":\"In Mainz l\u00e4ngst ein Superstar und nun auch in der Nationalmannschaft ein gefeierter Held. F\u00fcr Nadiem Amiri k\u00f6nnte es kaum besser laufen.\",\"breadcrumb\":{\"@id\":\"https:\\\/\\\/4Ballers.de\\\/?p=7907#breadcrumb\"},\"inLanguage\":\"de\",\"potentialAction\":[{\"@type\":\"ReadAction\",\"target\":[\"https:\\\/\\\/4Ballers.de\\\/?p=7907\"]}]},{\"@type\":\"ImageObject\",\"inLanguage\":\"de\",\"@id\":\"https:\\\/\\\/4Ballers.de\\\/?p=7907#primaryimage\",\"url\":\"https:\\\/\\\/4Ballers.de\\\/wp-content\\\/uploads\\\/2025\\\/09\\\/IMG_1321.heic\",\"contentUrl\":\"https:\\\/\\\/4Ballers.de\\\/wp-content\\\/uploads\\\/2025\\\/09\\\/IMG_1321.heic\"},{\"@type\":\"BreadcrumbList\",\"@id\":\"https:\\\/\\\/4Ballers.de\\\/?p=7907#breadcrumb\",\"itemListElement\":[{\"@type\":\"ListItem\",\"position\":1,\"name\":\"Startseite\",\"item\":\"https:\\\/\\\/4Ballers.de\\\/\"},{\"@type\":\"ListItem\",\"position\":2,\"name\":\"Vom Hoffnungstr\u00e4ger zum Nationalhelden: Amiris langer Weg nach oben\"}]},{\"@type\":\"WebSite\",\"@id\":\"https:\\\/\\\/4Ballers.de\\\/#website\",\"url\":\"https:\\\/\\\/4Ballers.de\\\/\",\"name\":\"4Ballers\",\"description\":\"\",\"potentialAction\":[{\"@type\":\"SearchAction\",\"target\":{\"@type\":\"EntryPoint\",\"urlTemplate\":\"https:\\\/\\\/4Ballers.de\\\/?s={search_term_string}\"},\"query-input\":{\"@type\":\"PropertyValueSpecification\",\"valueRequired\":true,\"valueName\":\"search_term_string\"}}],\"inLanguage\":\"de\"},{\"@type\":\"Person\",\"@id\":\"https:\\\/\\\/4Ballers.de\\\/#\\\/schema\\\/person\\\/a23eeed8afa2f2e4c487131ce9456e5d\",\"name\":\"Lukas Schmitt\",\"image\":{\"@type\":\"ImageObject\",\"inLanguage\":\"de\",\"@id\":\"https:\\\/\\\/secure.gravatar.com\\\/avatar\\\/ba60c656bea79c301c98542fa9aa2520ecde30acfd1a4d5ddf3342e3f794f942?s=96&d=blank&r=g\",\"url\":\"https:\\\/\\\/secure.gravatar.com\\\/avatar\\\/ba60c656bea79c301c98542fa9aa2520ecde30acfd1a4d5ddf3342e3f794f942?s=96&d=blank&r=g\",\"contentUrl\":\"https:\\\/\\\/secure.gravatar.com\\\/avatar\\\/ba60c656bea79c301c98542fa9aa2520ecde30acfd1a4d5ddf3342e3f794f942?s=96&d=blank&r=g\",\"caption\":\"Lukas Schmitt\"},\"sameAs\":[\"http:\\\/\\\/4Ballers\"],\"url\":\"https:\\\/\\\/4Ballers.de\\\/?author=2\"}]}<\/script>\n<!-- \/ Yoast SEO plugin. -->","yoast_head_json":{"title":"Vom Hoffnungstr\u00e4ger zum Nationalhelden: Amiris langer Weg nach oben - 4Ballers - Euer Fu\u00dfballblog","description":"In Mainz l\u00e4ngst ein Superstar und nun auch in der Nationalmannschaft ein gefeierter Held. F\u00fcr Nadiem Amiri k\u00f6nnte es kaum besser laufen.","robots":{"index":"index","follow":"follow","max-snippet":"max-snippet:-1","max-image-preview":"max-image-preview:large","max-video-preview":"max-video-preview:-1"},"canonical":"https:\/\/4Ballers.de\/?p=7907","og_locale":"de_DE","og_type":"article","og_title":"Vom Hoffnungstr\u00e4ger zum Nationalhelden: Amiris langer Weg nach oben - 4Ballers - Euer Fu\u00dfballblog","og_description":"In Mainz l\u00e4ngst ein Superstar und nun auch in der Nationalmannschaft ein gefeierter Held. F\u00fcr Nadiem Amiri k\u00f6nnte es kaum besser laufen.","og_url":"https:\/\/4Ballers.de\/?p=7907","og_site_name":"4Ballers - Euer Fu\u00dfballblog","article_published_time":"2025-09-08T11:13:37+00:00","article_modified_time":"2026-01-23T12:24:01+00:00","author":"Lukas Schmitt","twitter_card":"summary_large_image","twitter_creator":"@4Ballers_","twitter_site":"@4Ballers_","twitter_misc":{"Verfasst von":"Lukas Schmitt","Gesch\u00e4tzte Lesezeit":"3\u00a0Minuten"},"schema":{"@context":"https:\/\/schema.org","@graph":[{"@type":"Article","@id":"https:\/\/4Ballers.de\/?p=7907#article","isPartOf":{"@id":"https:\/\/4Ballers.de\/?p=7907"},"author":{"name":"Lukas Schmitt","@id":"https:\/\/4Ballers.de\/#\/schema\/person\/a23eeed8afa2f2e4c487131ce9456e5d"},"headline":"Vom Hoffnungstr\u00e4ger zum Nationalhelden: Amiris langer Weg nach oben","datePublished":"2025-09-08T11:13:37+00:00","dateModified":"2026-01-23T12:24:01+00:00","mainEntityOfPage":{"@id":"https:\/\/4Ballers.de\/?p=7907"},"wordCount":496,"commentCount":1,"image":{"@id":"https:\/\/4Ballers.de\/?p=7907#primaryimage"},"thumbnailUrl":"https:\/\/4Ballers.de\/wp-content\/uploads\/2025\/09\/IMG_1321.heic","keywords":["Julian Nagelsmann","Nadiem Amiri","Nationalmannschaft"],"articleSection":["BuLi \u26bd\ufe0f","Nationalmannschaft \ud83c\udde9\ud83c\uddea"],"inLanguage":"de","potentialAction":[{"@type":"CommentAction","name":"Comment","target":["https:\/\/4Ballers.de\/?p=7907#respond"]}]},{"@type":"WebPage","@id":"https:\/\/4Ballers.de\/?p=7907","url":"https:\/\/4Ballers.de\/?p=7907","name":"Vom Hoffnungstr\u00e4ger zum Nationalhelden: Amiris langer Weg nach oben - 4Ballers - Euer Fu\u00dfballblog","isPartOf":{"@id":"https:\/\/4Ballers.de\/#website"},"primaryImageOfPage":{"@id":"https:\/\/4Ballers.de\/?p=7907#primaryimage"},"image":{"@id":"https:\/\/4Ballers.de\/?p=7907#primaryimage"},"thumbnailUrl":"https:\/\/4Ballers.de\/wp-content\/uploads\/2025\/09\/IMG_1321.heic","datePublished":"2025-09-08T11:13:37+00:00","dateModified":"2026-01-23T12:24:01+00:00","author":{"@id":"https:\/\/4Ballers.de\/#\/schema\/person\/a23eeed8afa2f2e4c487131ce9456e5d"},"description":"In Mainz l\u00e4ngst ein Superstar und nun auch in der Nationalmannschaft ein gefeierter Held. F\u00fcr Nadiem Amiri k\u00f6nnte es kaum besser laufen.","breadcrumb":{"@id":"https:\/\/4Ballers.de\/?p=7907#breadcrumb"},"inLanguage":"de","potentialAction":[{"@type":"ReadAction","target":["https:\/\/4Ballers.de\/?p=7907"]}]},{"@type":"ImageObject","inLanguage":"de","@id":"https:\/\/4Ballers.de\/?p=7907#primaryimage","url":"https:\/\/4Ballers.de\/wp-content\/uploads\/2025\/09\/IMG_1321.heic","contentUrl":"https:\/\/4Ballers.de\/wp-content\/uploads\/2025\/09\/IMG_1321.heic"},{"@type":"BreadcrumbList","@id":"https:\/\/4Ballers.de\/?p=7907#breadcrumb","itemListElement":[{"@type":"ListItem","position":1,"name":"Startseite","item":"https:\/\/4Ballers.de\/"},{"@type":"ListItem","position":2,"name":"Vom Hoffnungstr\u00e4ger zum Nationalhelden: Amiris langer Weg nach oben"}]},{"@type":"WebSite","@id":"https:\/\/4Ballers.de\/#website","url":"https:\/\/4Ballers.de\/","name":"4Ballers","description":"","potentialAction":[{"@type":"SearchAction","target":{"@type":"EntryPoint","urlTemplate":"https:\/\/4Ballers.de\/?s={search_term_string}"},"query-input":{"@type":"PropertyValueSpecification","valueRequired":true,"valueName":"search_term_string"}}],"inLanguage":"de"},{"@type":"Person","@id":"https:\/\/4Ballers.de\/#\/schema\/person\/a23eeed8afa2f2e4c487131ce9456e5d","name":"Lukas Schmitt","image":{"@type":"ImageObject","inLanguage":"de","@id":"https:\/\/secure.gravatar.com\/avatar\/ba60c656bea79c301c98542fa9aa2520ecde30acfd1a4d5ddf3342e3f794f942?s=96&d=blank&r=g","url":"https:\/\/secure.gravatar.com\/avatar\/ba60c656bea79c301c98542fa9aa2520ecde30acfd1a4d5ddf3342e3f794f942?s=96&d=blank&r=g","contentUrl":"https:\/\/secure.gravatar.com\/avatar\/ba60c656bea79c301c98542fa9aa2520ecde30acfd1a4d5ddf3342e3f794f942?s=96&d=blank&r=g","caption":"Lukas Schmitt"},"sameAs":["http:\/\/4Ballers"],"url":"https:\/\/4Ballers.de\/?author=2"}]}},"_links":{"self":[{"href":"https:\/\/4Ballers.de\/index.php?rest_route=\/wp\/v2\/posts\/7907","targetHints":{"allow":["GET"]}}],"collection":[{"href":"https:\/\/4Ballers.de\/index.php?rest_route=\/wp\/v2\/posts"}],"about":[{"href":"https:\/\/4Ballers.de\/index.php?rest_route=\/wp\/v2\/types\/post"}],"author":[{"embeddable":true,"href":"https:\/\/4Ballers.de\/index.php?rest_route=\/wp\/v2\/users\/2"}],"replies":[{"embeddable":true,"href":"https:\/\/4Ballers.de\/index.php?rest_route=%2Fwp%2Fv2%2Fcomments&post=7907"}],"version-history":[{"count":16,"href":"https:\/\/4Ballers.de\/index.php?rest_route=\/wp\/v2\/posts\/7907\/revisions"}],"predecessor-version":[{"id":8652,"href":"https:\/\/4Ballers.de\/index.php?rest_route=\/wp\/v2\/posts\/7907\/revisions\/8652"}],"wp:featuredmedia":[{"embeddable":true,"href":"https:\/\/4Ballers.de\/index.php?rest_route=\/wp\/v2\/media\/7850"}],"wp:attachment":[{"href":"https:\/\/4Ballers.de\/index.php?rest_route=%2Fwp%2Fv2%2Fmedia&parent=7907"}],"wp:term":[{"taxonomy":"category","embeddable":true,"href":"https:\/\/4Ballers.de\/index.php?rest_route=%2Fwp%2Fv2%2Fcategories&post=7907"},{"taxonomy":"post_tag","embeddable":true,"href":"https:\/\/4Ballers.de\/index.php?rest_route=%2Fwp%2Fv2%2Ftags&post=7907"}],"curies":[{"name":"wp","href":"https:\/\/api.w.org\/{rel}","templated":true}]}}