{"id":7893,"date":"2025-09-06T13:44:58","date_gmt":"2025-09-06T11:44:58","guid":{"rendered":"https:\/\/4Ballers.de\/?p=7893"},"modified":"2026-01-23T13:22:39","modified_gmt":"2026-01-23T12:22:39","slug":"die-nationalmannschaft-hat-ein-mentalitaetsproblem","status":"publish","type":"post","link":"https:\/\/4Ballers.de\/?p=7893","title":{"rendered":"Die Nationalmannschaft hat ein Mentalit\u00e4tsproblem"},"content":{"rendered":"\n<p><strong>Lesezeit: 3 Minuten<\/strong><\/p>\n\n\n\n<p><strong>Nach dem ern\u00fcchternden 0:2 ausw\u00e4rts gegen die Slowakei wurden wieder mal die Defizite der DFB-Elf deutlich. Seit der Europameisterschaft im eigenen Land vollzieht ich eine schleichende Entwicklung, die in Hinblick auf die WM im kommenden Sommer Sorgen macht.<\/strong><\/p>\n\n\n\n<p>Was ist eigentlich seit der mitrei\u00dfenden EM im eigenen Land vor mehr als einem Jahr passiert? Diese Frage d\u00fcrfte sich die Mehrheit der Fans in den zur\u00fcckliegenden Monaten mehr als nur ein Mal gestellt haben. Das 0:2 gegen die Slowakei, \u00fcbrigens die erste WM-Quali-Ausw\u00e4rtsniederlage einer DFB-Auswahl jemals, war Wasser auf die M\u00fchlen f\u00fcr jeden Kritiker.<\/p>\n\n\n\n<p>Nicht erst seit dieser L\u00e4nderspielperiode, sondern bereits beim Final-Four der Nations League im Juni pr\u00e4sentierte sich das Team von Julian Nagelsmann zu ungef\u00e4hrlich, zu lethargisch und vor allem zu leidenschaftslos. W\u00e4hrend es Halbfinalgegner Portugal um Superstar Cristiano Ronaldo einfach mehr wollte, siegten die Franzosen im Spiel um Platz 3 im Schongang. Das rund zwei Jahre nach Amtsantritt des 38-J\u00e4hrigen erneut die Mentalit\u00e4tsfrage in den Raum gestellt wird, ist f\u00fcr alle im Umkreis der DFB-Elf mehr als nur ein symbolischer Denkzettel.<\/p>\n\n\n\n<h2 class=\"wp-block-heading\">\u00dcberschrift<\/h2>\n\n\n\n<p>Festzustellen ist: Die Entwicklung des Teams unter Julian Nagelsmann geht im Vorfeld der Weltmeisterschaft in \u00dcbersee aktuell in die v\u00f6llig falsche Richtung. Schaffte es der Ex-Bayern-Coach zu Beginn seiner \u00c4gide noch, das leidgeplagte Umfeld nach zwei WM-Vorrundenaus in Folge <a href=\"https:\/\/4Ballers.de\/?p=5409\">wieder emotional hinter sich zu vereinen<\/a>, begeht er mittlerweile die nahezu identischen Fehler wie seine Vorg\u00e4nger.<\/p>\n\n\n\n<p>Spieler, die seit Jahren in der Nationalmannschaft auf unterdurchschnittlichem Niveau performen, erhalten immer wieder die Chance, sich zu pr\u00e4sentieren. W\u00e4hrend Leon Goretzka oder Serge Gnabry in den vergangenen Jahren seltenst durch spielerische H\u00f6chstleistungen im DFB-Dress auffielen, scharren andere Akteure l\u00e4ngst mit den Hufen. Auch ein Joshua Kimmich, der f\u00fcr sein Land auf der Rechtsverteidigerposition einen enormen Mehrwert darstellt, agiert neuerdings ohne Not wieder im Mittelfeld. <\/p>\n\n\n\n<p>Sich mit dem (ungl\u00fccklichen) Deb\u00fctanten Nmandi Collins auf dieser ohnehin schon qualitativ d\u00fcnn besetzten Position eine weitere Baustelle aufzumachen, zeigt, dass Nagelsmann nur bedingt aus den Fehlern seiner Vorg\u00e4nger gelernt hat.<\/p>\n\n\n\n<figure class=\"wp-block-embed is-type-rich is-provider-twitter wp-block-embed-twitter\"><div class=\"wp-block-embed__wrapper\">\n\t\t<div class=\"embed-privacy-container is-disabled embed-x\" data-embed-id=\"oembed_1a3db74c38990933cb1bc33af4aced4d\" data-embed-provider=\"x\">\t\t\t\t\t\t<button type=\"button\" class=\"embed-privacy-enable screen-reader-text\">Inhalt von X anzeigen<\/button>\t\t\t\t\t\t<div class=\"embed-privacy-overlay\">\t\t\t\t<div class=\"embed-privacy-inner\">\t\t\t\t\t<div class=\"embed-privacy-logo\" style=\"background-image: url(https:\/\/4Ballers.de\/wp-content\/plugins\/embed-privacy\/assets\/images\/embed-x.png?ver=1.12.3);\"><\/div>\t\t<p>\t\tHier klicken, um den Inhalt von X anzuzeigen.\t\t\t\t\t<br>\t\t\t\t\tErfahre mehr in der <a href=\"https:\/\/x.com\/de\/privacy\" target=\"_blank\">Datenschutzerkl\u00e4rung von X<\/a>.\t\t<\/p>\t\t<p class=\"embed-privacy-input-wrapper\">\t\t\t<input id=\"embed-privacy-store-x-1a3db74c38990933cb1bc33af4aced4d\" type=\"checkbox\" value=\"1\" class=\"embed-privacy-input\" data-embed-provider=\"x\">\t\t\t<label for=\"embed-privacy-store-x-1a3db74c38990933cb1bc33af4aced4d\" class=\"embed-privacy-label\" data-embed-provider=\"x\">\t\t\t\tInhalt von X immer anzeigen\t\t\t<\/label>\t\t<\/p>\t\t\t\t\t\t<\/div>\t\t\t\t\t\t\t\t<div class=\"embed-privacy-footer\"><span class=\"embed-privacy-url\"><a href=\"https:\/\/twitter.com\/iMiaSanMia\/status\/1963882534804079032\">Tweet direkt \u00f6ffnen<\/a><\/span><\/div>\t\t\t<\/div>\t\t\t\t\t\t<div class=\"embed-privacy-content\">\t\t\t\t<script>var _oembed_1a3db74c38990933cb1bc33af4aced4d = '{\\\"embed\\\":\\\"&lt;blockquote class=&quot;twitter-tweet&quot; data-width=&quot;550&quot; data-dnt=&quot;true&quot;&gt;&lt;p lang=&quot;en&quot; dir=&quot;ltr&quot;&gt;Julian Nagelsmann vs Hansi Flick with the national team &lt;br&gt;&lt;br&gt;Games &lt;br&gt;Wins &lt;br&gt;Draws &lt;br&gt;Defeats &lt;br&gt;Goal difference &lt;a href=&quot;https:\\\\\/\\\\\/twitter.com\\\\\/Transfermarkt?ref_src=twsrc%5Etfw&quot;&gt;@Transfermarkt&lt;\\\\\/a&gt; &lt;a href=&quot;https:\\\\\/\\\\\/t.co\\\\\/2GeQ002IqA&quot;&gt;pic.twitter.com\\\\\/2GeQ002IqA&lt;\\\\\/a&gt;&lt;\\\\\/p&gt;&amp;mdash; Bayern &amp;amp; Germany (@iMiaSanMia) &lt;a href=&quot;https:\\\\\/\\\\\/twitter.com\\\\\/iMiaSanMia\\\\\/status\\\\\/1963882534804079032?ref_src=twsrc%5Etfw&quot;&gt;September 5, 2025&lt;\\\\\/a&gt;&lt;\\\\\/blockquote&gt;&lt;script async src=&quot;https:\\\\\/\\\\\/platform.twitter.com\\\\\/widgets.js&quot; charset=&quot;utf-8&quot;&gt;&lt;\\\\\/script&gt;\\\"}';<\/script>\t\t\t<\/div>\t\t<\/div>\t\t\n<\/div><\/figure>\n\n\n\n<p>Dass sich der Bundestrainer im Anschluss der Partie das Thema Mentalit\u00e4t selbst zu eigen machte und seine Spieler in Hinblick auf den n\u00e4chsten DFB-Lehrgang <a href=\"https:\/\/www.fussballtransfers.com\/a9135484288060077689-wm-in-gefahr-nagelsmann-platzt-der-kragen\">\u00f6ffentlich anz\u00e4hlte<\/a>, k\u00f6nnte intern noch f\u00fcr Diskussionen sorgen. Ob der Schachzug des 38-J\u00e4hrigen in dieser Hinsicht ein cleverer war, wird sich im kommenden Spiel gegen die Nordiren sowie im Oktober zeigen, wenn es an die erneute Kadernominierung sowie die Partien gegen Luxemburg sowie erneut Nordirland geht.<\/p>\n\n\n\n<p>Zwar stellen diese Gegner sportlich nicht die gr\u00f6\u00dfte H\u00fcrde dar, dennoch wird man in ganz Fu\u00dfballdeutschland mit Argusaugen auf den Auftritt sowie das Personal blicken. Denn f\u00fcr die DFB-Elf steht nicht nur die Stimmung auf der Kippe, sondern auch die Qualifikation f\u00fcr eine Fu\u00dfball-Weltmeisterschaft, die Nagelsmann eigenen Worten nach zu urteilen auch gewinnen will.<\/p>\n","protected":false},"excerpt":{"rendered":"<p>Nach dem ern\u00fcchternden 0:2 ausw\u00e4rts gegen die Slowakei wurden wieder mal die Defizite der DFB-Elf deutlich. Seit der Europameisterschaft im eigenen Land vollzieht ich eine schleichende Entwicklung, die in Hinblick auf die WM im kommenden Sommer Sorgen macht.<\/p>\n","protected":false},"author":2,"featured_media":3417,"comment_status":"open","ping_status":"open","sticky":false,"template":"","format":"standard","meta":{"footnotes":""},"categories":[345],"tags":[610,534,488],"class_list":["post-7893","post","type-post","status-publish","format-standard","has-post-thumbnail","hentry","category-nationalmannschaft","tag-deutsche-nationalmannschaft","tag-julian-nagelsmann","tag-nationalelf"],"yoast_head":"<!-- This site is optimized with the Yoast SEO plugin v27.4 - https:\/\/yoast.com\/product\/yoast-seo-wordpress\/ -->\n<title>Die Nationalmannschaft hat ein Mentalit\u00e4tsproblem - 4Ballers - Euer Fu\u00dfballblog<\/title>\n<meta name=\"description\" content=\"Nach dem ern\u00fcchternden 0:2 gegen die Slowakei wurden erneut die Defizite der DFB-Elf deutlich. Die Entwicklung des Teams ist besorgniserregend\" \/>\n<meta name=\"robots\" content=\"index, follow, max-snippet:-1, max-image-preview:large, max-video-preview:-1\" \/>\n<link rel=\"canonical\" href=\"https:\/\/4Ballers.de\/?p=7893\" \/>\n<meta property=\"og:locale\" content=\"de_DE\" \/>\n<meta property=\"og:type\" content=\"article\" \/>\n<meta property=\"og:title\" content=\"Die Nationalmannschaft hat ein Mentalit\u00e4tsproblem - 4Ballers - Euer Fu\u00dfballblog\" \/>\n<meta property=\"og:description\" content=\"Nach dem ern\u00fcchternden 0:2 gegen die Slowakei wurden erneut die Defizite der DFB-Elf deutlich. Die Entwicklung des Teams ist besorgniserregend\" \/>\n<meta property=\"og:url\" content=\"https:\/\/4Ballers.de\/?p=7893\" \/>\n<meta property=\"og:site_name\" content=\"4Ballers - Euer Fu\u00dfballblog\" \/>\n<meta property=\"article:published_time\" content=\"2025-09-06T11:44:58+00:00\" \/>\n<meta property=\"article:modified_time\" content=\"2026-01-23T12:22:39+00:00\" \/>\n<meta property=\"og:image\" content=\"https:\/\/4Ballers.de\/wp-content\/uploads\/2023\/09\/IMG_7158-scaled.jpg\" \/>\n\t<meta property=\"og:image:width\" content=\"1920\" \/>\n\t<meta property=\"og:image:height\" content=\"2560\" \/>\n\t<meta property=\"og:image:type\" content=\"image\/jpeg\" \/>\n<meta name=\"author\" content=\"Lukas Schmitt\" \/>\n<meta name=\"twitter:card\" content=\"summary_large_image\" \/>\n<meta name=\"twitter:creator\" content=\"@4Ballers_\" \/>\n<meta name=\"twitter:site\" content=\"@4Ballers_\" \/>\n<meta name=\"twitter:label1\" content=\"Verfasst von\" \/>\n\t<meta name=\"twitter:data1\" content=\"Lukas Schmitt\" \/>\n\t<meta name=\"twitter:label2\" content=\"Gesch\u00e4tzte Lesezeit\" \/>\n\t<meta name=\"twitter:data2\" content=\"3\u00a0Minuten\" \/>\n<script type=\"application\/ld+json\" class=\"yoast-schema-graph\">{\"@context\":\"https:\\\/\\\/schema.org\",\"@graph\":[{\"@type\":\"Article\",\"@id\":\"https:\\\/\\\/4Ballers.de\\\/?p=7893#article\",\"isPartOf\":{\"@id\":\"https:\\\/\\\/4Ballers.de\\\/?p=7893\"},\"author\":{\"name\":\"Lukas Schmitt\",\"@id\":\"https:\\\/\\\/4Ballers.de\\\/#\\\/schema\\\/person\\\/a23eeed8afa2f2e4c487131ce9456e5d\"},\"headline\":\"Die Nationalmannschaft hat ein Mentalit\u00e4tsproblem\",\"datePublished\":\"2025-09-06T11:44:58+00:00\",\"dateModified\":\"2026-01-23T12:22:39+00:00\",\"mainEntityOfPage\":{\"@id\":\"https:\\\/\\\/4Ballers.de\\\/?p=7893\"},\"wordCount\":497,\"commentCount\":1,\"image\":{\"@id\":\"https:\\\/\\\/4Ballers.de\\\/?p=7893#primaryimage\"},\"thumbnailUrl\":\"https:\\\/\\\/4Ballers.de\\\/wp-content\\\/uploads\\\/2023\\\/09\\\/IMG_7158-scaled.jpg\",\"keywords\":[\"Deutsche Nationalmannschaft\",\"Julian Nagelsmann\",\"Nationalelf\"],\"articleSection\":[\"Nationalmannschaft \ud83c\udde9\ud83c\uddea\"],\"inLanguage\":\"de\",\"potentialAction\":[{\"@type\":\"CommentAction\",\"name\":\"Comment\",\"target\":[\"https:\\\/\\\/4Ballers.de\\\/?p=7893#respond\"]}]},{\"@type\":\"WebPage\",\"@id\":\"https:\\\/\\\/4Ballers.de\\\/?p=7893\",\"url\":\"https:\\\/\\\/4Ballers.de\\\/?p=7893\",\"name\":\"Die Nationalmannschaft hat ein Mentalit\u00e4tsproblem - 4Ballers - Euer Fu\u00dfballblog\",\"isPartOf\":{\"@id\":\"https:\\\/\\\/4Ballers.de\\\/#website\"},\"primaryImageOfPage\":{\"@id\":\"https:\\\/\\\/4Ballers.de\\\/?p=7893#primaryimage\"},\"image\":{\"@id\":\"https:\\\/\\\/4Ballers.de\\\/?p=7893#primaryimage\"},\"thumbnailUrl\":\"https:\\\/\\\/4Ballers.de\\\/wp-content\\\/uploads\\\/2023\\\/09\\\/IMG_7158-scaled.jpg\",\"datePublished\":\"2025-09-06T11:44:58+00:00\",\"dateModified\":\"2026-01-23T12:22:39+00:00\",\"author\":{\"@id\":\"https:\\\/\\\/4Ballers.de\\\/#\\\/schema\\\/person\\\/a23eeed8afa2f2e4c487131ce9456e5d\"},\"description\":\"Nach dem ern\u00fcchternden 0:2 gegen die Slowakei wurden erneut die Defizite der DFB-Elf deutlich. Die Entwicklung des Teams ist besorgniserregend\",\"breadcrumb\":{\"@id\":\"https:\\\/\\\/4Ballers.de\\\/?p=7893#breadcrumb\"},\"inLanguage\":\"de\",\"potentialAction\":[{\"@type\":\"ReadAction\",\"target\":[\"https:\\\/\\\/4Ballers.de\\\/?p=7893\"]}]},{\"@type\":\"ImageObject\",\"inLanguage\":\"de\",\"@id\":\"https:\\\/\\\/4Ballers.de\\\/?p=7893#primaryimage\",\"url\":\"https:\\\/\\\/4Ballers.de\\\/wp-content\\\/uploads\\\/2023\\\/09\\\/IMG_7158-scaled.jpg\",\"contentUrl\":\"https:\\\/\\\/4Ballers.de\\\/wp-content\\\/uploads\\\/2023\\\/09\\\/IMG_7158-scaled.jpg\",\"width\":1920,\"height\":2560},{\"@type\":\"BreadcrumbList\",\"@id\":\"https:\\\/\\\/4Ballers.de\\\/?p=7893#breadcrumb\",\"itemListElement\":[{\"@type\":\"ListItem\",\"position\":1,\"name\":\"Startseite\",\"item\":\"https:\\\/\\\/4Ballers.de\\\/\"},{\"@type\":\"ListItem\",\"position\":2,\"name\":\"Die Nationalmannschaft hat ein Mentalit\u00e4tsproblem\"}]},{\"@type\":\"WebSite\",\"@id\":\"https:\\\/\\\/4Ballers.de\\\/#website\",\"url\":\"https:\\\/\\\/4Ballers.de\\\/\",\"name\":\"4Ballers\",\"description\":\"\",\"potentialAction\":[{\"@type\":\"SearchAction\",\"target\":{\"@type\":\"EntryPoint\",\"urlTemplate\":\"https:\\\/\\\/4Ballers.de\\\/?s={search_term_string}\"},\"query-input\":{\"@type\":\"PropertyValueSpecification\",\"valueRequired\":true,\"valueName\":\"search_term_string\"}}],\"inLanguage\":\"de\"},{\"@type\":\"Person\",\"@id\":\"https:\\\/\\\/4Ballers.de\\\/#\\\/schema\\\/person\\\/a23eeed8afa2f2e4c487131ce9456e5d\",\"name\":\"Lukas Schmitt\",\"image\":{\"@type\":\"ImageObject\",\"inLanguage\":\"de\",\"@id\":\"https:\\\/\\\/secure.gravatar.com\\\/avatar\\\/ba60c656bea79c301c98542fa9aa2520ecde30acfd1a4d5ddf3342e3f794f942?s=96&d=blank&r=g\",\"url\":\"https:\\\/\\\/secure.gravatar.com\\\/avatar\\\/ba60c656bea79c301c98542fa9aa2520ecde30acfd1a4d5ddf3342e3f794f942?s=96&d=blank&r=g\",\"contentUrl\":\"https:\\\/\\\/secure.gravatar.com\\\/avatar\\\/ba60c656bea79c301c98542fa9aa2520ecde30acfd1a4d5ddf3342e3f794f942?s=96&d=blank&r=g\",\"caption\":\"Lukas Schmitt\"},\"sameAs\":[\"http:\\\/\\\/4Ballers\"],\"url\":\"https:\\\/\\\/4Ballers.de\\\/?author=2\"}]}<\/script>\n<!-- \/ Yoast SEO plugin. -->","yoast_head_json":{"title":"Die Nationalmannschaft hat ein Mentalit\u00e4tsproblem - 4Ballers - Euer Fu\u00dfballblog","description":"Nach dem ern\u00fcchternden 0:2 gegen die Slowakei wurden erneut die Defizite der DFB-Elf deutlich. Die Entwicklung des Teams ist besorgniserregend","robots":{"index":"index","follow":"follow","max-snippet":"max-snippet:-1","max-image-preview":"max-image-preview:large","max-video-preview":"max-video-preview:-1"},"canonical":"https:\/\/4Ballers.de\/?p=7893","og_locale":"de_DE","og_type":"article","og_title":"Die Nationalmannschaft hat ein Mentalit\u00e4tsproblem - 4Ballers - Euer Fu\u00dfballblog","og_description":"Nach dem ern\u00fcchternden 0:2 gegen die Slowakei wurden erneut die Defizite der DFB-Elf deutlich. Die Entwicklung des Teams ist besorgniserregend","og_url":"https:\/\/4Ballers.de\/?p=7893","og_site_name":"4Ballers - Euer Fu\u00dfballblog","article_published_time":"2025-09-06T11:44:58+00:00","article_modified_time":"2026-01-23T12:22:39+00:00","og_image":[{"width":1920,"height":2560,"url":"https:\/\/4Ballers.de\/wp-content\/uploads\/2023\/09\/IMG_7158-scaled.jpg","type":"image\/jpeg"}],"author":"Lukas Schmitt","twitter_card":"summary_large_image","twitter_creator":"@4Ballers_","twitter_site":"@4Ballers_","twitter_misc":{"Verfasst von":"Lukas Schmitt","Gesch\u00e4tzte Lesezeit":"3\u00a0Minuten"},"schema":{"@context":"https:\/\/schema.org","@graph":[{"@type":"Article","@id":"https:\/\/4Ballers.de\/?p=7893#article","isPartOf":{"@id":"https:\/\/4Ballers.de\/?p=7893"},"author":{"name":"Lukas Schmitt","@id":"https:\/\/4Ballers.de\/#\/schema\/person\/a23eeed8afa2f2e4c487131ce9456e5d"},"headline":"Die Nationalmannschaft hat ein Mentalit\u00e4tsproblem","datePublished":"2025-09-06T11:44:58+00:00","dateModified":"2026-01-23T12:22:39+00:00","mainEntityOfPage":{"@id":"https:\/\/4Ballers.de\/?p=7893"},"wordCount":497,"commentCount":1,"image":{"@id":"https:\/\/4Ballers.de\/?p=7893#primaryimage"},"thumbnailUrl":"https:\/\/4Ballers.de\/wp-content\/uploads\/2023\/09\/IMG_7158-scaled.jpg","keywords":["Deutsche Nationalmannschaft","Julian Nagelsmann","Nationalelf"],"articleSection":["Nationalmannschaft \ud83c\udde9\ud83c\uddea"],"inLanguage":"de","potentialAction":[{"@type":"CommentAction","name":"Comment","target":["https:\/\/4Ballers.de\/?p=7893#respond"]}]},{"@type":"WebPage","@id":"https:\/\/4Ballers.de\/?p=7893","url":"https:\/\/4Ballers.de\/?p=7893","name":"Die Nationalmannschaft hat ein Mentalit\u00e4tsproblem - 4Ballers - Euer Fu\u00dfballblog","isPartOf":{"@id":"https:\/\/4Ballers.de\/#website"},"primaryImageOfPage":{"@id":"https:\/\/4Ballers.de\/?p=7893#primaryimage"},"image":{"@id":"https:\/\/4Ballers.de\/?p=7893#primaryimage"},"thumbnailUrl":"https:\/\/4Ballers.de\/wp-content\/uploads\/2023\/09\/IMG_7158-scaled.jpg","datePublished":"2025-09-06T11:44:58+00:00","dateModified":"2026-01-23T12:22:39+00:00","author":{"@id":"https:\/\/4Ballers.de\/#\/schema\/person\/a23eeed8afa2f2e4c487131ce9456e5d"},"description":"Nach dem ern\u00fcchternden 0:2 gegen die Slowakei wurden erneut die Defizite der DFB-Elf deutlich. Die Entwicklung des Teams ist besorgniserregend","breadcrumb":{"@id":"https:\/\/4Ballers.de\/?p=7893#breadcrumb"},"inLanguage":"de","potentialAction":[{"@type":"ReadAction","target":["https:\/\/4Ballers.de\/?p=7893"]}]},{"@type":"ImageObject","inLanguage":"de","@id":"https:\/\/4Ballers.de\/?p=7893#primaryimage","url":"https:\/\/4Ballers.de\/wp-content\/uploads\/2023\/09\/IMG_7158-scaled.jpg","contentUrl":"https:\/\/4Ballers.de\/wp-content\/uploads\/2023\/09\/IMG_7158-scaled.jpg","width":1920,"height":2560},{"@type":"BreadcrumbList","@id":"https:\/\/4Ballers.de\/?p=7893#breadcrumb","itemListElement":[{"@type":"ListItem","position":1,"name":"Startseite","item":"https:\/\/4Ballers.de\/"},{"@type":"ListItem","position":2,"name":"Die Nationalmannschaft hat ein Mentalit\u00e4tsproblem"}]},{"@type":"WebSite","@id":"https:\/\/4Ballers.de\/#website","url":"https:\/\/4Ballers.de\/","name":"4Ballers","description":"","potentialAction":[{"@type":"SearchAction","target":{"@type":"EntryPoint","urlTemplate":"https:\/\/4Ballers.de\/?s={search_term_string}"},"query-input":{"@type":"PropertyValueSpecification","valueRequired":true,"valueName":"search_term_string"}}],"inLanguage":"de"},{"@type":"Person","@id":"https:\/\/4Ballers.de\/#\/schema\/person\/a23eeed8afa2f2e4c487131ce9456e5d","name":"Lukas Schmitt","image":{"@type":"ImageObject","inLanguage":"de","@id":"https:\/\/secure.gravatar.com\/avatar\/ba60c656bea79c301c98542fa9aa2520ecde30acfd1a4d5ddf3342e3f794f942?s=96&d=blank&r=g","url":"https:\/\/secure.gravatar.com\/avatar\/ba60c656bea79c301c98542fa9aa2520ecde30acfd1a4d5ddf3342e3f794f942?s=96&d=blank&r=g","contentUrl":"https:\/\/secure.gravatar.com\/avatar\/ba60c656bea79c301c98542fa9aa2520ecde30acfd1a4d5ddf3342e3f794f942?s=96&d=blank&r=g","caption":"Lukas Schmitt"},"sameAs":["http:\/\/4Ballers"],"url":"https:\/\/4Ballers.de\/?author=2"}]}},"_links":{"self":[{"href":"https:\/\/4Ballers.de\/index.php?rest_route=\/wp\/v2\/posts\/7893","targetHints":{"allow":["GET"]}}],"collection":[{"href":"https:\/\/4Ballers.de\/index.php?rest_route=\/wp\/v2\/posts"}],"about":[{"href":"https:\/\/4Ballers.de\/index.php?rest_route=\/wp\/v2\/types\/post"}],"author":[{"embeddable":true,"href":"https:\/\/4Ballers.de\/index.php?rest_route=\/wp\/v2\/users\/2"}],"replies":[{"embeddable":true,"href":"https:\/\/4Ballers.de\/index.php?rest_route=%2Fwp%2Fv2%2Fcomments&post=7893"}],"version-history":[{"count":10,"href":"https:\/\/4Ballers.de\/index.php?rest_route=\/wp\/v2\/posts\/7893\/revisions"}],"predecessor-version":[{"id":8650,"href":"https:\/\/4Ballers.de\/index.php?rest_route=\/wp\/v2\/posts\/7893\/revisions\/8650"}],"wp:featuredmedia":[{"embeddable":true,"href":"https:\/\/4Ballers.de\/index.php?rest_route=\/wp\/v2\/media\/3417"}],"wp:attachment":[{"href":"https:\/\/4Ballers.de\/index.php?rest_route=%2Fwp%2Fv2%2Fmedia&parent=7893"}],"wp:term":[{"taxonomy":"category","embeddable":true,"href":"https:\/\/4Ballers.de\/index.php?rest_route=%2Fwp%2Fv2%2Fcategories&post=7893"},{"taxonomy":"post_tag","embeddable":true,"href":"https:\/\/4Ballers.de\/index.php?rest_route=%2Fwp%2Fv2%2Ftags&post=7893"}],"curies":[{"name":"wp","href":"https:\/\/api.w.org\/{rel}","templated":true}]}}