{"id":7885,"date":"2025-09-05T14:11:02","date_gmt":"2025-09-05T12:11:02","guid":{"rendered":"https:\/\/4Ballers.de\/?p=7885"},"modified":"2026-01-23T13:24:42","modified_gmt":"2026-01-23T12:24:42","slug":"zu-viele-koeche-verderben-den-brei","status":"publish","type":"post","link":"https:\/\/4Ballers.de\/?p=7885","title":{"rendered":"Zu viele K\u00f6che verderben den Brei"},"content":{"rendered":"\n<p><strong>Lesezeit: 3 Minuten<\/strong><\/p>\n\n\n\n<p><strong>Die Transferperiode des FC Bayern steht stellvertretend f\u00fcr die verworrene Situation im Klub. Intern rumort es gewaltig.<\/strong><\/p>\n\n\n\n<p>Galt der FC Bayern in den vergangenen Jahrzehnten auf diversen Ebenen stets als Vorzeigeklub, wackelt dieser Status in Hinblick auf die vergangenen Monate, wenn nicht sogar Jahre, bereits bedenklich. Vor allem die abgelaufene Transferperiode gibt mehr als nur ein paar R\u00e4tsel auf. Das Motto des deutschen Rekordmeisters auf der Suche nach Neuverpflichtungen: Pleiten, Pech und Pannen.<\/p>\n\n\n\n<p>Scheiterte der Wechsel einer potenziellen Neuverpflichtung nicht am Veto des Aufsichtsrats, zerschlug sich ein Transfer durch die dubiosesten Gr\u00fcnde. Auch wenn der FCB nicht immer f\u00fcr das Misslingen verantwortlich war, passte auch die Posse um den Wechsel von Leihzugang Nicolas Jackson (Chelsea) bestens ins Bild. Dass Sportvorstand Max Eberl am Ende eine Kaufverpflichtung in den Deal mit den Blues aufnahm, bringt zus\u00e4tzlich Brisanz in die Geschichte.<\/p>\n\n\n\n<h2 class=\"wp-block-heading\">Hoene\u00df und die Sache mit der Macht<\/h2>\n\n\n\n<p>Das es soweit \u00fcberhaupt erst kommen musste, lag an einem \u00f6ffentlichen wie unn\u00f6tigen Transferveto der m\u00e4chtigen Vereinsoberen um Uli Hoene\u00df und Karl-Heinz Rummenigge, deren <a href=\"https:\/\/www.sport1.de\/news\/fussball\/bundesliga\/2025\/09\/uli-hoeness-sendet-im-dopa-eine-unmissverstandliche-botschaft-an-max-eberl\">Pr\u00e4senz im Klub<\/a> seit geraumer Zeit massiven Einfluss auf das <a href=\"https:\/\/4Ballers.de\/?p=7778\">\u00f6ffentliche Standing Eberls<\/a> nimmt. Mit Aussagen wie \u201eich w\u00fcrde sehr daf\u00fcr pl\u00e4dieren, den Kader noch aufzuf\u00fcllen mit einem Leihspieler\u201c schw\u00e4chte der Vereinspatriarch mal eben nachhaltig die Verhandlungsposition des Vereins, die f\u00fcr den sonst so finanzstarken FCB einem Offenbarungseid gleichkamen.<\/p>\n\n\n\n<p>Ingesamt verzeichnete man im S\u00fcden der Republik insgesamt vier Neuzug\u00e4nge von denen mit Jonathan Tah und Tom Bischof zwei abl\u00f6sefreie Akteure den Weg an die S\u00e4bener Stra\u00dfe fanden. Einzig Luis Diaz, der nach wochenlangen Querelen und der Absage etlicher Wunschkandidaten f\u00fcr 75 Millionen Euro aus Liverpool losgeeist wurde, kostete eine Abl\u00f6se. Das \u00f6ffentliche Werben um Wunschspieler Florian Wirtz verlief letztendlich ebenso erfolglos wie das Geschacher um Nick Woltemade, der ebenso wie sein Nationalmannschaftskollege den Weg nach England w\u00e4hlte.<\/p>\n\n\n\n<figure class=\"wp-block-embed is-type-rich is-provider-twitter wp-block-embed-twitter\"><div class=\"wp-block-embed__wrapper\">\n\t\t<div class=\"embed-privacy-container is-disabled embed-x\" data-embed-id=\"oembed_d67ec322cd6b12df08772c3341fd9e9f\" data-embed-provider=\"x\">\t\t\t\t\t\t<button type=\"button\" class=\"embed-privacy-enable screen-reader-text\">Inhalt von X anzeigen<\/button>\t\t\t\t\t\t<div class=\"embed-privacy-overlay\">\t\t\t\t<div class=\"embed-privacy-inner\">\t\t\t\t\t<div class=\"embed-privacy-logo\" style=\"background-image: url(https:\/\/4Ballers.de\/wp-content\/plugins\/embed-privacy\/assets\/images\/embed-x.png?ver=1.12.3);\"><\/div>\t\t<p>\t\tHier klicken, um den Inhalt von X anzuzeigen.\t\t\t\t\t<br>\t\t\t\t\tErfahre mehr in der <a href=\"https:\/\/x.com\/de\/privacy\" target=\"_blank\">Datenschutzerkl\u00e4rung von X<\/a>.\t\t<\/p>\t\t<p class=\"embed-privacy-input-wrapper\">\t\t\t<input id=\"embed-privacy-store-x-d67ec322cd6b12df08772c3341fd9e9f\" type=\"checkbox\" value=\"1\" class=\"embed-privacy-input\" data-embed-provider=\"x\">\t\t\t<label for=\"embed-privacy-store-x-d67ec322cd6b12df08772c3341fd9e9f\" class=\"embed-privacy-label\" data-embed-provider=\"x\">\t\t\t\tInhalt von X immer anzeigen\t\t\t<\/label>\t\t<\/p>\t\t\t\t\t\t<\/div>\t\t\t\t\t\t\t\t<div class=\"embed-privacy-footer\"><span class=\"embed-privacy-url\"><a href=\"https:\/\/twitter.com\/iMiaSanMia\/status\/1963243108264477044\">Tweet direkt \u00f6ffnen<\/a><\/span><\/div>\t\t\t<\/div>\t\t\t\t\t\t<div class=\"embed-privacy-content\">\t\t\t\t<script>var _oembed_d67ec322cd6b12df08772c3341fd9e9f = '{\\\"embed\\\":\\\"&lt;blockquote class=&quot;twitter-tweet&quot; data-width=&quot;550&quot; data-dnt=&quot;true&quot;&gt;&lt;p lang=&quot;en&quot; dir=&quot;ltr&quot;&gt;Jan-Christian Dreesen on rumours about a possible Max Eberl exit: &amp;quot;A lot is being written, and every day a different story is being told. It&amp;#39;s best to either take note of it, or better yet, not take note of it at all and simply ignore it. I think that these days, a different&hellip; &lt;a href=&quot;https:\\\\\/\\\\\/t.co\\\\\/Dez6AXfgII&quot;&gt;pic.twitter.com\\\\\/Dez6AXfgII&lt;\\\\\/a&gt;&lt;\\\\\/p&gt;&amp;mdash; Bayern &amp;amp; Germany (@iMiaSanMia) &lt;a href=&quot;https:\\\\\/\\\\\/twitter.com\\\\\/iMiaSanMia\\\\\/status\\\\\/1963243108264477044?ref_src=twsrc%5Etfw&quot;&gt;September 3, 2025&lt;\\\\\/a&gt;&lt;\\\\\/blockquote&gt;&lt;script async src=&quot;https:\\\\\/\\\\\/platform.twitter.com\\\\\/widgets.js&quot; charset=&quot;utf-8&quot;&gt;&lt;\\\\\/script&gt;\\\"}';<\/script>\t\t\t<\/div>\t\t<\/div>\t\t\n<\/div><\/figure>\n\n\n\n<p>Folglich rumort es auf der sportlichen F\u00fchrungsebene gewaltig. So werden Eberl, der seit jeher einen schwierigen Stand in M\u00fcnchen haben soll, immer wieder R\u00fccktrittsgedanken nachgesagt. Das sportliche Chaos sowie dessen eingeschr\u00e4nkte Handlungsf\u00e4higkeit sollen den 51-J\u00e4hrigen zunehmend frustrieren, was der Ex-Gladbacher wohl auch bei einer internen Sitzung Ende August kundtat.<\/p>\n\n\n\n<p>Neben Eberl sorgt auch der Abgang von Finanzvorstand Michael Diederich f\u00fcr Unruhe im Verein. Seine Aufgaben \u00fcbernehmen k\u00f6nnte wiederum der Vorstandsvorsitzende Jan-Christian Dreesen, der wiederum ebenfalls unsicheren Zukunft steht. Im Zusammenspiel mit dem Mitmischen von Hoene\u00df und Rummenigge wirkt der FC Bayern wie ein \u00e4u\u00dferst fragiles Gebilde, dass jederzeit zu implodieren droht.<\/p>\n\n\n\n<p><\/p>\n","protected":false},"excerpt":{"rendered":"<p>Die Transferperiode des FC Bayern steht stellvertretend f\u00fcr die verworrene Situation im Klub. Intern rumort es gewaltig.<\/p>\n","protected":false},"author":2,"featured_media":2019,"comment_status":"open","ping_status":"open","sticky":false,"template":"","format":"standard","meta":{"footnotes":""},"categories":[6,615],"tags":[141,531,608],"class_list":["post-7885","post","type-post","status-publish","format-standard","has-post-thumbnail","hentry","category-bundesliga","category-fc-bayern","tag-fc-bayern","tag-max-eberl","tag-uli-hoeness"],"yoast_head":"<!-- This site is optimized with the Yoast SEO plugin v27.4 - https:\/\/yoast.com\/product\/yoast-seo-wordpress\/ -->\n<title>Zu viele K\u00f6che verderben den Brei - 4Ballers - Euer Fu\u00dfballblog<\/title>\n<meta name=\"description\" content=\"Die Transferperiode des FC Bayern steht stellvertretend f\u00fcr die verworrene Situation im Klub. Intern rumort es gewaltig.\" \/>\n<meta name=\"robots\" content=\"index, follow, max-snippet:-1, max-image-preview:large, max-video-preview:-1\" \/>\n<link rel=\"canonical\" href=\"https:\/\/4Ballers.de\/?p=7885\" \/>\n<meta property=\"og:locale\" content=\"de_DE\" \/>\n<meta property=\"og:type\" content=\"article\" \/>\n<meta property=\"og:title\" content=\"Zu viele K\u00f6che verderben den Brei - 4Ballers - Euer Fu\u00dfballblog\" \/>\n<meta property=\"og:description\" content=\"Die Transferperiode des FC Bayern steht stellvertretend f\u00fcr die verworrene Situation im Klub. Intern rumort es gewaltig.\" \/>\n<meta property=\"og:url\" content=\"https:\/\/4Ballers.de\/?p=7885\" \/>\n<meta property=\"og:site_name\" content=\"4Ballers - Euer Fu\u00dfballblog\" \/>\n<meta property=\"article:published_time\" content=\"2025-09-05T12:11:02+00:00\" \/>\n<meta property=\"article:modified_time\" content=\"2026-01-23T12:24:42+00:00\" \/>\n<meta property=\"og:image\" content=\"https:\/\/4Ballers.de\/wp-content\/uploads\/2023\/04\/IMG_6241-scaled.jpg\" \/>\n\t<meta property=\"og:image:width\" content=\"2560\" \/>\n\t<meta property=\"og:image:height\" content=\"1920\" \/>\n\t<meta property=\"og:image:type\" content=\"image\/jpeg\" \/>\n<meta name=\"author\" content=\"Lukas Schmitt\" \/>\n<meta name=\"twitter:card\" content=\"summary_large_image\" \/>\n<meta name=\"twitter:creator\" content=\"@4Ballers_\" \/>\n<meta name=\"twitter:site\" content=\"@4Ballers_\" \/>\n<meta name=\"twitter:label1\" content=\"Verfasst von\" \/>\n\t<meta name=\"twitter:data1\" content=\"Lukas Schmitt\" \/>\n\t<meta name=\"twitter:label2\" content=\"Gesch\u00e4tzte Lesezeit\" \/>\n\t<meta name=\"twitter:data2\" content=\"3\u00a0Minuten\" \/>\n<script type=\"application\/ld+json\" class=\"yoast-schema-graph\">{\"@context\":\"https:\\\/\\\/schema.org\",\"@graph\":[{\"@type\":\"Article\",\"@id\":\"https:\\\/\\\/4Ballers.de\\\/?p=7885#article\",\"isPartOf\":{\"@id\":\"https:\\\/\\\/4Ballers.de\\\/?p=7885\"},\"author\":{\"name\":\"Lukas Schmitt\",\"@id\":\"https:\\\/\\\/4Ballers.de\\\/#\\\/schema\\\/person\\\/a23eeed8afa2f2e4c487131ce9456e5d\"},\"headline\":\"Zu viele K\u00f6che verderben den Brei\",\"datePublished\":\"2025-09-05T12:11:02+00:00\",\"dateModified\":\"2026-01-23T12:24:42+00:00\",\"mainEntityOfPage\":{\"@id\":\"https:\\\/\\\/4Ballers.de\\\/?p=7885\"},\"wordCount\":442,\"commentCount\":0,\"image\":{\"@id\":\"https:\\\/\\\/4Ballers.de\\\/?p=7885#primaryimage\"},\"thumbnailUrl\":\"https:\\\/\\\/4Ballers.de\\\/wp-content\\\/uploads\\\/2023\\\/04\\\/IMG_6241-scaled.jpg\",\"keywords\":[\"FC Bayern\",\"Max Eberl\",\"Uli Hoene\u00df\"],\"articleSection\":[\"BuLi \u26bd\ufe0f\",\"FC Bayern\"],\"inLanguage\":\"de\",\"potentialAction\":[{\"@type\":\"CommentAction\",\"name\":\"Comment\",\"target\":[\"https:\\\/\\\/4Ballers.de\\\/?p=7885#respond\"]}]},{\"@type\":\"WebPage\",\"@id\":\"https:\\\/\\\/4Ballers.de\\\/?p=7885\",\"url\":\"https:\\\/\\\/4Ballers.de\\\/?p=7885\",\"name\":\"Zu viele K\u00f6che verderben den Brei - 4Ballers - Euer Fu\u00dfballblog\",\"isPartOf\":{\"@id\":\"https:\\\/\\\/4Ballers.de\\\/#website\"},\"primaryImageOfPage\":{\"@id\":\"https:\\\/\\\/4Ballers.de\\\/?p=7885#primaryimage\"},\"image\":{\"@id\":\"https:\\\/\\\/4Ballers.de\\\/?p=7885#primaryimage\"},\"thumbnailUrl\":\"https:\\\/\\\/4Ballers.de\\\/wp-content\\\/uploads\\\/2023\\\/04\\\/IMG_6241-scaled.jpg\",\"datePublished\":\"2025-09-05T12:11:02+00:00\",\"dateModified\":\"2026-01-23T12:24:42+00:00\",\"author\":{\"@id\":\"https:\\\/\\\/4Ballers.de\\\/#\\\/schema\\\/person\\\/a23eeed8afa2f2e4c487131ce9456e5d\"},\"description\":\"Die Transferperiode des FC Bayern steht stellvertretend f\u00fcr die verworrene Situation im Klub. Intern rumort es gewaltig.\",\"breadcrumb\":{\"@id\":\"https:\\\/\\\/4Ballers.de\\\/?p=7885#breadcrumb\"},\"inLanguage\":\"de\",\"potentialAction\":[{\"@type\":\"ReadAction\",\"target\":[\"https:\\\/\\\/4Ballers.de\\\/?p=7885\"]}]},{\"@type\":\"ImageObject\",\"inLanguage\":\"de\",\"@id\":\"https:\\\/\\\/4Ballers.de\\\/?p=7885#primaryimage\",\"url\":\"https:\\\/\\\/4Ballers.de\\\/wp-content\\\/uploads\\\/2023\\\/04\\\/IMG_6241-scaled.jpg\",\"contentUrl\":\"https:\\\/\\\/4Ballers.de\\\/wp-content\\\/uploads\\\/2023\\\/04\\\/IMG_6241-scaled.jpg\",\"width\":2560,\"height\":1920},{\"@type\":\"BreadcrumbList\",\"@id\":\"https:\\\/\\\/4Ballers.de\\\/?p=7885#breadcrumb\",\"itemListElement\":[{\"@type\":\"ListItem\",\"position\":1,\"name\":\"Startseite\",\"item\":\"https:\\\/\\\/4Ballers.de\\\/\"},{\"@type\":\"ListItem\",\"position\":2,\"name\":\"Zu viele K\u00f6che verderben den Brei\"}]},{\"@type\":\"WebSite\",\"@id\":\"https:\\\/\\\/4Ballers.de\\\/#website\",\"url\":\"https:\\\/\\\/4Ballers.de\\\/\",\"name\":\"4Ballers\",\"description\":\"\",\"potentialAction\":[{\"@type\":\"SearchAction\",\"target\":{\"@type\":\"EntryPoint\",\"urlTemplate\":\"https:\\\/\\\/4Ballers.de\\\/?s={search_term_string}\"},\"query-input\":{\"@type\":\"PropertyValueSpecification\",\"valueRequired\":true,\"valueName\":\"search_term_string\"}}],\"inLanguage\":\"de\"},{\"@type\":\"Person\",\"@id\":\"https:\\\/\\\/4Ballers.de\\\/#\\\/schema\\\/person\\\/a23eeed8afa2f2e4c487131ce9456e5d\",\"name\":\"Lukas Schmitt\",\"image\":{\"@type\":\"ImageObject\",\"inLanguage\":\"de\",\"@id\":\"https:\\\/\\\/secure.gravatar.com\\\/avatar\\\/ba60c656bea79c301c98542fa9aa2520ecde30acfd1a4d5ddf3342e3f794f942?s=96&d=blank&r=g\",\"url\":\"https:\\\/\\\/secure.gravatar.com\\\/avatar\\\/ba60c656bea79c301c98542fa9aa2520ecde30acfd1a4d5ddf3342e3f794f942?s=96&d=blank&r=g\",\"contentUrl\":\"https:\\\/\\\/secure.gravatar.com\\\/avatar\\\/ba60c656bea79c301c98542fa9aa2520ecde30acfd1a4d5ddf3342e3f794f942?s=96&d=blank&r=g\",\"caption\":\"Lukas Schmitt\"},\"sameAs\":[\"http:\\\/\\\/4Ballers\"],\"url\":\"https:\\\/\\\/4Ballers.de\\\/?author=2\"}]}<\/script>\n<!-- \/ Yoast SEO plugin. -->","yoast_head_json":{"title":"Zu viele K\u00f6che verderben den Brei - 4Ballers - Euer Fu\u00dfballblog","description":"Die Transferperiode des FC Bayern steht stellvertretend f\u00fcr die verworrene Situation im Klub. Intern rumort es gewaltig.","robots":{"index":"index","follow":"follow","max-snippet":"max-snippet:-1","max-image-preview":"max-image-preview:large","max-video-preview":"max-video-preview:-1"},"canonical":"https:\/\/4Ballers.de\/?p=7885","og_locale":"de_DE","og_type":"article","og_title":"Zu viele K\u00f6che verderben den Brei - 4Ballers - Euer Fu\u00dfballblog","og_description":"Die Transferperiode des FC Bayern steht stellvertretend f\u00fcr die verworrene Situation im Klub. Intern rumort es gewaltig.","og_url":"https:\/\/4Ballers.de\/?p=7885","og_site_name":"4Ballers - Euer Fu\u00dfballblog","article_published_time":"2025-09-05T12:11:02+00:00","article_modified_time":"2026-01-23T12:24:42+00:00","og_image":[{"width":2560,"height":1920,"url":"https:\/\/4Ballers.de\/wp-content\/uploads\/2023\/04\/IMG_6241-scaled.jpg","type":"image\/jpeg"}],"author":"Lukas Schmitt","twitter_card":"summary_large_image","twitter_creator":"@4Ballers_","twitter_site":"@4Ballers_","twitter_misc":{"Verfasst von":"Lukas Schmitt","Gesch\u00e4tzte Lesezeit":"3\u00a0Minuten"},"schema":{"@context":"https:\/\/schema.org","@graph":[{"@type":"Article","@id":"https:\/\/4Ballers.de\/?p=7885#article","isPartOf":{"@id":"https:\/\/4Ballers.de\/?p=7885"},"author":{"name":"Lukas Schmitt","@id":"https:\/\/4Ballers.de\/#\/schema\/person\/a23eeed8afa2f2e4c487131ce9456e5d"},"headline":"Zu viele K\u00f6che verderben den Brei","datePublished":"2025-09-05T12:11:02+00:00","dateModified":"2026-01-23T12:24:42+00:00","mainEntityOfPage":{"@id":"https:\/\/4Ballers.de\/?p=7885"},"wordCount":442,"commentCount":0,"image":{"@id":"https:\/\/4Ballers.de\/?p=7885#primaryimage"},"thumbnailUrl":"https:\/\/4Ballers.de\/wp-content\/uploads\/2023\/04\/IMG_6241-scaled.jpg","keywords":["FC Bayern","Max Eberl","Uli Hoene\u00df"],"articleSection":["BuLi \u26bd\ufe0f","FC Bayern"],"inLanguage":"de","potentialAction":[{"@type":"CommentAction","name":"Comment","target":["https:\/\/4Ballers.de\/?p=7885#respond"]}]},{"@type":"WebPage","@id":"https:\/\/4Ballers.de\/?p=7885","url":"https:\/\/4Ballers.de\/?p=7885","name":"Zu viele K\u00f6che verderben den Brei - 4Ballers - Euer Fu\u00dfballblog","isPartOf":{"@id":"https:\/\/4Ballers.de\/#website"},"primaryImageOfPage":{"@id":"https:\/\/4Ballers.de\/?p=7885#primaryimage"},"image":{"@id":"https:\/\/4Ballers.de\/?p=7885#primaryimage"},"thumbnailUrl":"https:\/\/4Ballers.de\/wp-content\/uploads\/2023\/04\/IMG_6241-scaled.jpg","datePublished":"2025-09-05T12:11:02+00:00","dateModified":"2026-01-23T12:24:42+00:00","author":{"@id":"https:\/\/4Ballers.de\/#\/schema\/person\/a23eeed8afa2f2e4c487131ce9456e5d"},"description":"Die Transferperiode des FC Bayern steht stellvertretend f\u00fcr die verworrene Situation im Klub. Intern rumort es gewaltig.","breadcrumb":{"@id":"https:\/\/4Ballers.de\/?p=7885#breadcrumb"},"inLanguage":"de","potentialAction":[{"@type":"ReadAction","target":["https:\/\/4Ballers.de\/?p=7885"]}]},{"@type":"ImageObject","inLanguage":"de","@id":"https:\/\/4Ballers.de\/?p=7885#primaryimage","url":"https:\/\/4Ballers.de\/wp-content\/uploads\/2023\/04\/IMG_6241-scaled.jpg","contentUrl":"https:\/\/4Ballers.de\/wp-content\/uploads\/2023\/04\/IMG_6241-scaled.jpg","width":2560,"height":1920},{"@type":"BreadcrumbList","@id":"https:\/\/4Ballers.de\/?p=7885#breadcrumb","itemListElement":[{"@type":"ListItem","position":1,"name":"Startseite","item":"https:\/\/4Ballers.de\/"},{"@type":"ListItem","position":2,"name":"Zu viele K\u00f6che verderben den Brei"}]},{"@type":"WebSite","@id":"https:\/\/4Ballers.de\/#website","url":"https:\/\/4Ballers.de\/","name":"4Ballers","description":"","potentialAction":[{"@type":"SearchAction","target":{"@type":"EntryPoint","urlTemplate":"https:\/\/4Ballers.de\/?s={search_term_string}"},"query-input":{"@type":"PropertyValueSpecification","valueRequired":true,"valueName":"search_term_string"}}],"inLanguage":"de"},{"@type":"Person","@id":"https:\/\/4Ballers.de\/#\/schema\/person\/a23eeed8afa2f2e4c487131ce9456e5d","name":"Lukas Schmitt","image":{"@type":"ImageObject","inLanguage":"de","@id":"https:\/\/secure.gravatar.com\/avatar\/ba60c656bea79c301c98542fa9aa2520ecde30acfd1a4d5ddf3342e3f794f942?s=96&d=blank&r=g","url":"https:\/\/secure.gravatar.com\/avatar\/ba60c656bea79c301c98542fa9aa2520ecde30acfd1a4d5ddf3342e3f794f942?s=96&d=blank&r=g","contentUrl":"https:\/\/secure.gravatar.com\/avatar\/ba60c656bea79c301c98542fa9aa2520ecde30acfd1a4d5ddf3342e3f794f942?s=96&d=blank&r=g","caption":"Lukas Schmitt"},"sameAs":["http:\/\/4Ballers"],"url":"https:\/\/4Ballers.de\/?author=2"}]}},"_links":{"self":[{"href":"https:\/\/4Ballers.de\/index.php?rest_route=\/wp\/v2\/posts\/7885","targetHints":{"allow":["GET"]}}],"collection":[{"href":"https:\/\/4Ballers.de\/index.php?rest_route=\/wp\/v2\/posts"}],"about":[{"href":"https:\/\/4Ballers.de\/index.php?rest_route=\/wp\/v2\/types\/post"}],"author":[{"embeddable":true,"href":"https:\/\/4Ballers.de\/index.php?rest_route=\/wp\/v2\/users\/2"}],"replies":[{"embeddable":true,"href":"https:\/\/4Ballers.de\/index.php?rest_route=%2Fwp%2Fv2%2Fcomments&post=7885"}],"version-history":[{"count":9,"href":"https:\/\/4Ballers.de\/index.php?rest_route=\/wp\/v2\/posts\/7885\/revisions"}],"predecessor-version":[{"id":8653,"href":"https:\/\/4Ballers.de\/index.php?rest_route=\/wp\/v2\/posts\/7885\/revisions\/8653"}],"wp:featuredmedia":[{"embeddable":true,"href":"https:\/\/4Ballers.de\/index.php?rest_route=\/wp\/v2\/media\/2019"}],"wp:attachment":[{"href":"https:\/\/4Ballers.de\/index.php?rest_route=%2Fwp%2Fv2%2Fmedia&parent=7885"}],"wp:term":[{"taxonomy":"category","embeddable":true,"href":"https:\/\/4Ballers.de\/index.php?rest_route=%2Fwp%2Fv2%2Fcategories&post=7885"},{"taxonomy":"post_tag","embeddable":true,"href":"https:\/\/4Ballers.de\/index.php?rest_route=%2Fwp%2Fv2%2Ftags&post=7885"}],"curies":[{"name":"wp","href":"https:\/\/api.w.org\/{rel}","templated":true}]}}