{"id":7415,"date":"2025-03-10T14:30:00","date_gmt":"2025-03-10T13:30:00","guid":{"rendered":"https:\/\/4Ballers.de\/?p=7415"},"modified":"2026-01-24T19:47:24","modified_gmt":"2026-01-24T18:47:24","slug":"bundesliga-diaries-025-amiri-fuer-deutschland","status":"publish","type":"post","link":"https:\/\/4Ballers.de\/?p=7415","title":{"rendered":"Bundesliga Diaries #025 &#8211; Amiri f\u00fcr Deutschland"},"content":{"rendered":"\n<p><strong>Lesezeit: 3 Minuten<\/strong><\/p>\n\n\n\n<p><strong>Ein historisches Bundesliga-Wochenende liegt hinter uns. Dabei erneut in der Hauptrolle: Ein formstarker Mainzer und fahrl\u00e4ssige Champions-League-Achtelfinalisten. Es wird Zeit f\u00fcr eine neue Folge <a href=\"https:\/\/4ballers.de\/?cat=533\">Diaries<\/a>.<\/strong><\/p>\n\n\n\n<figure class=\"wp-block-embed is-type-rich is-provider-spotify wp-block-embed-spotify wp-embed-aspect-21-9 wp-has-aspect-ratio\"><div class=\"wp-block-embed__wrapper\">\n\t\t<div class=\"embed-privacy-container is-disabled embed-spotify\" data-embed-id=\"oembed_ba886505b9e6481b78f40c948361d703\" data-embed-provider=\"spotify\" style=\"aspect-ratio: 1020\/152;\">\t\t\t\t\t\t<button type=\"button\" class=\"embed-privacy-enable screen-reader-text\">\u201eSpotify Embed: Big Macs &amp; Champions League \u201c von Spotify anzeigen<\/button>\t\t\t\t\t\t<div class=\"embed-privacy-overlay\">\t\t\t\t<div class=\"embed-privacy-inner\">\t\t\t\t\t<div class=\"embed-privacy-logo\" style=\"background-image: url(https:\/\/4Ballers.de\/wp-content\/plugins\/embed-privacy\/assets\/images\/embed-spotify.png?ver=1.12.3);\"><\/div>\t\t<p>\t\tHier klicken, um den Inhalt von Spotify anzuzeigen.\t\t\t\t\t<br>\t\t\t\t\tErfahre mehr in der <a href=\"https:\/\/www.spotify.com\/privacy\/\" target=\"_blank\">Datenschutzerkl\u00e4rung von Spotify<\/a>.\t\t<\/p>\t\t<p class=\"embed-privacy-input-wrapper\">\t\t\t<input id=\"embed-privacy-store-spotify-ba886505b9e6481b78f40c948361d703\" type=\"checkbox\" value=\"1\" class=\"embed-privacy-input\" data-embed-provider=\"spotify\">\t\t\t<label for=\"embed-privacy-store-spotify-ba886505b9e6481b78f40c948361d703\" class=\"embed-privacy-label\" data-embed-provider=\"spotify\">\t\t\t\tInhalt von Spotify immer anzeigen\t\t\t<\/label>\t\t<\/p>\t\t\t\t\t\t<\/div>\t\t\t\t\t\t\t\t<div class=\"embed-privacy-footer\"><span class=\"embed-privacy-url\"><a href=\"https:\/\/open.spotify.com\/episode\/5etVw3EFmh1y0VY6O6iFOK?si=s1uW2uqvQvq6z5D9y0C0GQ&#038;nd=1&#038;dlsi=fba5b23082de4713\">\u201eSpotify Embed: Big Macs &#038; Champions League \u201c direkt \u00f6ffnen<\/a><\/span><\/div>\t\t\t<\/div>\t\t\t\t\t\t<div class=\"embed-privacy-content\">\t\t\t\t<script>var _oembed_ba886505b9e6481b78f40c948361d703 = '{\\\"embed\\\":\\\"&lt;iframe title=&quot;Spotify Embed: Big Macs &amp;amp; Champions League &quot; style=&quot;border-radius: 12px&quot; width=&quot;100%&quot; height=&quot;152&quot; frameborder=&quot;0&quot; allowfullscreen allow=&quot;autoplay; clipboard-write; encrypted-media; fullscreen; picture-in-picture&quot; loading=&quot;lazy&quot; src=&quot;https:\\\\\/\\\\\/open.spotify.com\\\\\/embed\\\\\/episode\\\\\/5etVw3EFmh1y0VY6O6iFOK?si=s1uW2uqvQvq6z5D9y0C0GQ&amp;nd=1&amp;dlsi=fba5b23082de4713&amp;utm_source=oembed&quot;&gt;&lt;\\\\\/iframe&gt;\\\"}';<\/script>\t\t\t<\/div>\t\t<\/div>\t\t\n<\/div><\/figure>\n\n\n\n<p>Dieser 25. Bundesliga-Spieltag war alles, aber definitiv nicht normal. Den Anfang machten weiterhin furiose Mainzer, die auch die Festung Borussia Park st\u00fcrmten. Mit dem 3:1-Ausw\u00e4rtssieg in Gladbach nimmt der Champions-League-Traum in Rheinhessen mehr und mehr Konturen an. Angef\u00fchrt von seinen Galionsfiguren pr\u00e4sentieren sich die Mannen von Trainer Bo Henriksen enorm konstant. Platz 3 zu einem derart sp\u00e4ten Saison-Zeitpunkt gab es in Mainz noch nie.<\/p>\n\n\n\n<p>Einmal mehr \u00fcberragend: Nadiem Amiri, der als einer von drei Mainzern am kommenden Donnerstag auf eine Nominierung f\u00fcr die deutsche Nationalmannschaft hoffen darf. W\u00e4hrend es f\u00fcr den 28-J\u00e4hrigen nach seinem letzten L\u00e4nderspiel im November 2020 zu einem Comeback kommen w\u00fcrde, hofft mit Robin Zentner der formst\u00e4rkste Bundesliga-Keeper auf sein Kaderdeb\u00fct. Bei Jonathan Burkardt ist eine erneute Nominierung bei entsprechendem Fitnesszustand ebenfalls ein No-Brainer. Mainz rockt.<\/p>\n\n\n\n<figure class=\"wp-block-embed is-type-rich is-provider-twitter wp-block-embed-twitter\"><div class=\"wp-block-embed__wrapper\">\n\t\t<div class=\"embed-privacy-container is-disabled embed-x\" data-embed-id=\"oembed_e354f80b41281937dc4250f61d976f71\" data-embed-provider=\"x\">\t\t\t\t\t\t<button type=\"button\" class=\"embed-privacy-enable screen-reader-text\">Inhalt von X anzeigen<\/button>\t\t\t\t\t\t<div class=\"embed-privacy-overlay\">\t\t\t\t<div class=\"embed-privacy-inner\">\t\t\t\t\t<div class=\"embed-privacy-logo\" style=\"background-image: url(https:\/\/4Ballers.de\/wp-content\/plugins\/embed-privacy\/assets\/images\/embed-x.png?ver=1.12.3);\"><\/div>\t\t<p>\t\tHier klicken, um den Inhalt von X anzuzeigen.\t\t\t\t\t<br>\t\t\t\t\tErfahre mehr in der <a href=\"https:\/\/x.com\/de\/privacy\" target=\"_blank\">Datenschutzerkl\u00e4rung von X<\/a>.\t\t<\/p>\t\t<p class=\"embed-privacy-input-wrapper\">\t\t\t<input id=\"embed-privacy-store-x-e354f80b41281937dc4250f61d976f71\" type=\"checkbox\" value=\"1\" class=\"embed-privacy-input\" data-embed-provider=\"x\">\t\t\t<label for=\"embed-privacy-store-x-e354f80b41281937dc4250f61d976f71\" class=\"embed-privacy-label\" data-embed-provider=\"x\">\t\t\t\tInhalt von X immer anzeigen\t\t\t<\/label>\t\t<\/p>\t\t\t\t\t\t<\/div>\t\t\t\t\t\t\t\t<div class=\"embed-privacy-footer\"><span class=\"embed-privacy-url\"><a href=\"https:\/\/twitter.com\/scoreadviseyt\/status\/1898128523002626107?s=46&#038;t=SegNjflk2ZHAofInwXny7Q\">Tweet direkt \u00f6ffnen<\/a><\/span><\/div>\t\t\t<\/div>\t\t\t\t\t\t<div class=\"embed-privacy-content\">\t\t\t\t<script>var _oembed_e354f80b41281937dc4250f61d976f71 = '{\\\"embed\\\":\\\"&lt;blockquote class=&quot;twitter-tweet&quot; data-width=&quot;550&quot; data-dnt=&quot;true&quot;&gt;&lt;p lang=&quot;en&quot; dir=&quot;ltr&quot;&gt;Another top game from Nadiem Amiri against &lt;a href=&quot;https:\\\\\/\\\\\/twitter.com\\\\\/borussia_en?ref_src=twsrc%5Etfw&quot;&gt;@borussia_en&lt;\\\\\/a&gt; \\\\ud83d\\\\udc4f&lt;br&gt;&lt;br&gt;Compared to the Bundesliga, also an absolutely amazing season \\\\ud83d\\\\ude4f &lt;a href=&quot;https:\\\\\/\\\\\/t.co\\\\\/Z7C9JqVJHv&quot;&gt;pic.twitter.com\\\\\/Z7C9JqVJHv&lt;\\\\\/a&gt;&lt;\\\\\/p&gt;&amp;mdash; Marco | scoreadvise (@scoreadviseYT) &lt;a href=&quot;https:\\\\\/\\\\\/twitter.com\\\\\/scoreadviseYT\\\\\/status\\\\\/1898128523002626107?ref_src=twsrc%5Etfw&quot;&gt;March 7, 2025&lt;\\\\\/a&gt;&lt;\\\\\/blockquote&gt;&lt;script async src=&quot;https:\\\\\/\\\\\/platform.twitter.com\\\\\/widgets.js&quot; charset=&quot;utf-8&quot;&gt;&lt;\\\\\/script&gt;\\\"}';<\/script>\t\t\t<\/div>\t\t<\/div>\t\t\n<\/div><\/figure>\n\n\n\n<p>Am Samstag dann ereignete sich in der Bundesliga-Konferenz historisches. Sowohl der FC Bayern (2:3 gegen Bochum) als auch Bayer Leverkusen (0:2 gegen Werder Bremen) erlagen dem Champions-League-Blues. Unabh\u00e4ngig vom Ergebnis standen vor allem die Schiedsrichter auf beiden Pl\u00e4tzen erneut im Blickpunkt. W\u00e4hrend Joao Palhinha f\u00fcr ein hartes Einsteigen v\u00f6llig zurecht die rote Karte kassierte, kam Mitchell Weiser nach einem harten Foul an Florian Wirtz mit Gelb davon. <\/p>\n\n\n\n<p>Auch diese beiden Szenen stehen weiterhin exemplarisch f\u00fcr ein Schiedsrichter-Problem im deutschen Profifu\u00dfball. Schiedsrichter Christian Dingert erhielt vom <em>kicker<\/em> nach einer katastrophalen Darbietung folgerichtig die <a href=\"https:\/\/www.kicker.de\/christian-dingert\/schiedsrichter-einsaetze\">Note 6.<\/a> Die Diskussionen um einheitliche Linien und pers\u00f6nliche Strafen rei\u00dfen weiterhin nicht ab. Fakt ist: Wir haben ein Schiedsrichterproblem.<\/p>\n\n\n\n<h2 class=\"wp-block-heading\">BVB in der Bundesliga weiter katastrophal<\/h2>\n\n\n\n<p>Der BVB hingegen hat weiterhin absolut nichts mit den oberen Pl\u00e4tzen zu tun. Auch beim 0:1 gegen den FC Augsburg versagten die Borussen erneut auf ganzer Linie. W\u00e4hrend der Anspruch im v\u00f6llig falsch zusammengestellten Kader Champions League lautet, stellen die \u201eLeistungstr\u00e4ger\u201c Woche f\u00fcr Woche zur Schau, wie gro\u00df die L\u00fccke zwischen Erwartung und Realit\u00e4t am Borsigplatz wirklich ist. Positiv aus Dortmunder Sicht: W\u00e4hrend unter Nuri Sahin so ziemlich alles schief lief, hat Niko Kovac beim BVB immerhin das Pr\u00e4dikat wechselhaft etabliert. Ehre, wem Ehre geb\u00fchrt.<\/p>\n\n\n\n<p>Am Sonntag dann sorgten die letzten beiden Spiele des 25. Spieltags f\u00fcr ein absolutes Novum: Weil sowohl Eintracht Frankfurt als auch die TSG Hoffenheim ihre Heimspiele nicht gewinnen konnten, gab es erstmals in der Bundesliga-Geschichte an zwei aufeinanderfolgenden Spieltagen keinen einzigen Heimsieg zu bestaunen.<\/p>\n\n\n\n<p>W\u00e4hrend Steffen Baumgart das wohl vor allem verbal bewerkstelligt hat, verhinderte der 1. FC Heidenheim durch ein Traumtor von Budu Zivzivadze einen Erfolg von Hoffenheim und Motivationsk\u00fcnstler Christian Ilzer.<\/p>\n\n\n\n<figure class=\"wp-block-embed is-type-rich is-provider-tiktok wp-block-embed-tiktok\"><div class=\"wp-block-embed__wrapper\">\nhttps:\/\/www.tiktok.com\/@4ballers.official\n<\/div><\/figure>\n","protected":false},"excerpt":{"rendered":"<p>Ein historisches Bundesliga-Wochenende liegt hinter uns. Dabei erneut in der Hauptrolle: Ein formstarker Mainzer und fahrl\u00e4ssige Champions-League-Achtelfinalisten.<\/p>\n","protected":false},"author":2,"featured_media":8364,"comment_status":"open","ping_status":"open","sticky":false,"template":"","format":"standard","meta":{"footnotes":""},"categories":[6],"tags":[124,594,593],"class_list":["post-7415","post","type-post","status-publish","format-standard","has-post-thumbnail","hentry","category-bundesliga","tag-bundesliga","tag-joao-palhinha","tag-nadiem-amiri"],"yoast_head":"<!-- This site is optimized with the Yoast SEO plugin v27.5 - https:\/\/yoast.com\/product\/yoast-seo-wordpress\/ -->\n<title>Bundesliga Diaries #025 - Amiri f\u00fcr Deutschland - 4Ballers - Euer Fu\u00dfballblog<\/title>\n<meta name=\"description\" content=\"Ein historisches Wochenende liegt hinter uns. In der Hauptrolle: Ein formstarker Mainzer und zwei Champions-League-Achtelfinalisten.\" \/>\n<meta name=\"robots\" content=\"index, follow, max-snippet:-1, max-image-preview:large, max-video-preview:-1\" \/>\n<link rel=\"canonical\" href=\"https:\/\/4Ballers.de\/?p=7415\" \/>\n<meta property=\"og:locale\" content=\"de_DE\" \/>\n<meta property=\"og:type\" content=\"article\" \/>\n<meta property=\"og:title\" content=\"Bundesliga Diaries #025 - Amiri f\u00fcr Deutschland - 4Ballers - Euer Fu\u00dfballblog\" \/>\n<meta property=\"og:description\" content=\"Ein historisches Wochenende liegt hinter uns. In der Hauptrolle: Ein formstarker Mainzer und zwei Champions-League-Achtelfinalisten.\" \/>\n<meta property=\"og:url\" content=\"https:\/\/4Ballers.de\/?p=7415\" \/>\n<meta property=\"og:site_name\" content=\"4Ballers - Euer Fu\u00dfballblog\" \/>\n<meta property=\"article:published_time\" content=\"2025-03-10T13:30:00+00:00\" \/>\n<meta property=\"article:modified_time\" content=\"2026-01-24T18:47:24+00:00\" \/>\n<meta property=\"og:image\" content=\"https:\/\/4Ballers.de\/wp-content\/uploads\/2023\/04\/cropped-cropped-cropped-cropped-cropped-customcolor_logo_customcolor_background-1-2-3-1-1.png\" \/>\n\t<meta property=\"og:image:width\" content=\"449\" \/>\n\t<meta property=\"og:image:height\" content=\"200\" \/>\n\t<meta property=\"og:image:type\" content=\"image\/png\" \/>\n<meta name=\"author\" content=\"Lukas Schmitt\" \/>\n<meta name=\"twitter:card\" content=\"summary_large_image\" \/>\n<meta name=\"twitter:creator\" content=\"@4Ballers_\" \/>\n<meta name=\"twitter:site\" content=\"@4Ballers_\" \/>\n<meta name=\"twitter:label1\" content=\"Verfasst von\" \/>\n\t<meta name=\"twitter:data1\" content=\"Lukas Schmitt\" \/>\n\t<meta name=\"twitter:label2\" content=\"Gesch\u00e4tzte Lesezeit\" \/>\n\t<meta name=\"twitter:data2\" content=\"3\u00a0Minuten\" \/>\n<script type=\"application\/ld+json\" class=\"yoast-schema-graph\">{\"@context\":\"https:\\\/\\\/schema.org\",\"@graph\":[{\"@type\":\"Article\",\"@id\":\"https:\\\/\\\/4Ballers.de\\\/?p=7415#article\",\"isPartOf\":{\"@id\":\"https:\\\/\\\/4Ballers.de\\\/?p=7415\"},\"author\":{\"name\":\"Lukas Schmitt\",\"@id\":\"https:\\\/\\\/4Ballers.de\\\/#\\\/schema\\\/person\\\/a23eeed8afa2f2e4c487131ce9456e5d\"},\"headline\":\"Bundesliga Diaries #025 &#8211; Amiri f\u00fcr Deutschland\",\"datePublished\":\"2025-03-10T13:30:00+00:00\",\"dateModified\":\"2026-01-24T18:47:24+00:00\",\"mainEntityOfPage\":{\"@id\":\"https:\\\/\\\/4Ballers.de\\\/?p=7415\"},\"wordCount\":511,\"commentCount\":0,\"image\":{\"@id\":\"https:\\\/\\\/4Ballers.de\\\/?p=7415#primaryimage\"},\"thumbnailUrl\":\"https:\\\/\\\/4Ballers.de\\\/wp-content\\\/uploads\\\/2023\\\/04\\\/cropped-cropped-cropped-cropped-cropped-customcolor_logo_customcolor_background-1-2-3-1-1.png\",\"keywords\":[\"Bundesliga\",\"Joao Palhinha\",\"Nadiem Amiri\"],\"articleSection\":[\"BuLi \u26bd\ufe0f\"],\"inLanguage\":\"de\",\"potentialAction\":[{\"@type\":\"CommentAction\",\"name\":\"Comment\",\"target\":[\"https:\\\/\\\/4Ballers.de\\\/?p=7415#respond\"]}]},{\"@type\":\"WebPage\",\"@id\":\"https:\\\/\\\/4Ballers.de\\\/?p=7415\",\"url\":\"https:\\\/\\\/4Ballers.de\\\/?p=7415\",\"name\":\"Bundesliga Diaries #025 - Amiri f\u00fcr Deutschland - 4Ballers - Euer Fu\u00dfballblog\",\"isPartOf\":{\"@id\":\"https:\\\/\\\/4Ballers.de\\\/#website\"},\"primaryImageOfPage\":{\"@id\":\"https:\\\/\\\/4Ballers.de\\\/?p=7415#primaryimage\"},\"image\":{\"@id\":\"https:\\\/\\\/4Ballers.de\\\/?p=7415#primaryimage\"},\"thumbnailUrl\":\"https:\\\/\\\/4Ballers.de\\\/wp-content\\\/uploads\\\/2023\\\/04\\\/cropped-cropped-cropped-cropped-cropped-customcolor_logo_customcolor_background-1-2-3-1-1.png\",\"datePublished\":\"2025-03-10T13:30:00+00:00\",\"dateModified\":\"2026-01-24T18:47:24+00:00\",\"author\":{\"@id\":\"https:\\\/\\\/4Ballers.de\\\/#\\\/schema\\\/person\\\/a23eeed8afa2f2e4c487131ce9456e5d\"},\"description\":\"Ein historisches Wochenende liegt hinter uns. In der Hauptrolle: Ein formstarker Mainzer und zwei Champions-League-Achtelfinalisten.\",\"breadcrumb\":{\"@id\":\"https:\\\/\\\/4Ballers.de\\\/?p=7415#breadcrumb\"},\"inLanguage\":\"de\",\"potentialAction\":[{\"@type\":\"ReadAction\",\"target\":[\"https:\\\/\\\/4Ballers.de\\\/?p=7415\"]}]},{\"@type\":\"ImageObject\",\"inLanguage\":\"de\",\"@id\":\"https:\\\/\\\/4Ballers.de\\\/?p=7415#primaryimage\",\"url\":\"https:\\\/\\\/4Ballers.de\\\/wp-content\\\/uploads\\\/2023\\\/04\\\/cropped-cropped-cropped-cropped-cropped-customcolor_logo_customcolor_background-1-2-3-1-1.png\",\"contentUrl\":\"https:\\\/\\\/4Ballers.de\\\/wp-content\\\/uploads\\\/2023\\\/04\\\/cropped-cropped-cropped-cropped-cropped-customcolor_logo_customcolor_background-1-2-3-1-1.png\",\"width\":449,\"height\":200},{\"@type\":\"BreadcrumbList\",\"@id\":\"https:\\\/\\\/4Ballers.de\\\/?p=7415#breadcrumb\",\"itemListElement\":[{\"@type\":\"ListItem\",\"position\":1,\"name\":\"Startseite\",\"item\":\"https:\\\/\\\/4Ballers.de\\\/\"},{\"@type\":\"ListItem\",\"position\":2,\"name\":\"Bundesliga Diaries #025 &#8211; Amiri f\u00fcr Deutschland\"}]},{\"@type\":\"WebSite\",\"@id\":\"https:\\\/\\\/4Ballers.de\\\/#website\",\"url\":\"https:\\\/\\\/4Ballers.de\\\/\",\"name\":\"4Ballers\",\"description\":\"\",\"potentialAction\":[{\"@type\":\"SearchAction\",\"target\":{\"@type\":\"EntryPoint\",\"urlTemplate\":\"https:\\\/\\\/4Ballers.de\\\/?s={search_term_string}\"},\"query-input\":{\"@type\":\"PropertyValueSpecification\",\"valueRequired\":true,\"valueName\":\"search_term_string\"}}],\"inLanguage\":\"de\"},{\"@type\":\"Person\",\"@id\":\"https:\\\/\\\/4Ballers.de\\\/#\\\/schema\\\/person\\\/a23eeed8afa2f2e4c487131ce9456e5d\",\"name\":\"Lukas Schmitt\",\"image\":{\"@type\":\"ImageObject\",\"inLanguage\":\"de\",\"@id\":\"https:\\\/\\\/secure.gravatar.com\\\/avatar\\\/ba60c656bea79c301c98542fa9aa2520ecde30acfd1a4d5ddf3342e3f794f942?s=96&d=blank&r=g\",\"url\":\"https:\\\/\\\/secure.gravatar.com\\\/avatar\\\/ba60c656bea79c301c98542fa9aa2520ecde30acfd1a4d5ddf3342e3f794f942?s=96&d=blank&r=g\",\"contentUrl\":\"https:\\\/\\\/secure.gravatar.com\\\/avatar\\\/ba60c656bea79c301c98542fa9aa2520ecde30acfd1a4d5ddf3342e3f794f942?s=96&d=blank&r=g\",\"caption\":\"Lukas Schmitt\"},\"sameAs\":[\"http:\\\/\\\/4Ballers\"],\"url\":\"https:\\\/\\\/4Ballers.de\\\/?author=2\"}]}<\/script>\n<!-- \/ Yoast SEO plugin. -->","yoast_head_json":{"title":"Bundesliga Diaries #025 - Amiri f\u00fcr Deutschland - 4Ballers - Euer Fu\u00dfballblog","description":"Ein historisches Wochenende liegt hinter uns. In der Hauptrolle: Ein formstarker Mainzer und zwei Champions-League-Achtelfinalisten.","robots":{"index":"index","follow":"follow","max-snippet":"max-snippet:-1","max-image-preview":"max-image-preview:large","max-video-preview":"max-video-preview:-1"},"canonical":"https:\/\/4Ballers.de\/?p=7415","og_locale":"de_DE","og_type":"article","og_title":"Bundesliga Diaries #025 - Amiri f\u00fcr Deutschland - 4Ballers - Euer Fu\u00dfballblog","og_description":"Ein historisches Wochenende liegt hinter uns. In der Hauptrolle: Ein formstarker Mainzer und zwei Champions-League-Achtelfinalisten.","og_url":"https:\/\/4Ballers.de\/?p=7415","og_site_name":"4Ballers - Euer Fu\u00dfballblog","article_published_time":"2025-03-10T13:30:00+00:00","article_modified_time":"2026-01-24T18:47:24+00:00","og_image":[{"width":449,"height":200,"url":"https:\/\/4Ballers.de\/wp-content\/uploads\/2023\/04\/cropped-cropped-cropped-cropped-cropped-customcolor_logo_customcolor_background-1-2-3-1-1.png","type":"image\/png"}],"author":"Lukas Schmitt","twitter_card":"summary_large_image","twitter_creator":"@4Ballers_","twitter_site":"@4Ballers_","twitter_misc":{"Verfasst von":"Lukas Schmitt","Gesch\u00e4tzte Lesezeit":"3\u00a0Minuten"},"schema":{"@context":"https:\/\/schema.org","@graph":[{"@type":"Article","@id":"https:\/\/4Ballers.de\/?p=7415#article","isPartOf":{"@id":"https:\/\/4Ballers.de\/?p=7415"},"author":{"name":"Lukas Schmitt","@id":"https:\/\/4Ballers.de\/#\/schema\/person\/a23eeed8afa2f2e4c487131ce9456e5d"},"headline":"Bundesliga Diaries #025 &#8211; Amiri f\u00fcr Deutschland","datePublished":"2025-03-10T13:30:00+00:00","dateModified":"2026-01-24T18:47:24+00:00","mainEntityOfPage":{"@id":"https:\/\/4Ballers.de\/?p=7415"},"wordCount":511,"commentCount":0,"image":{"@id":"https:\/\/4Ballers.de\/?p=7415#primaryimage"},"thumbnailUrl":"https:\/\/4Ballers.de\/wp-content\/uploads\/2023\/04\/cropped-cropped-cropped-cropped-cropped-customcolor_logo_customcolor_background-1-2-3-1-1.png","keywords":["Bundesliga","Joao Palhinha","Nadiem Amiri"],"articleSection":["BuLi \u26bd\ufe0f"],"inLanguage":"de","potentialAction":[{"@type":"CommentAction","name":"Comment","target":["https:\/\/4Ballers.de\/?p=7415#respond"]}]},{"@type":"WebPage","@id":"https:\/\/4Ballers.de\/?p=7415","url":"https:\/\/4Ballers.de\/?p=7415","name":"Bundesliga Diaries #025 - Amiri f\u00fcr Deutschland - 4Ballers - Euer Fu\u00dfballblog","isPartOf":{"@id":"https:\/\/4Ballers.de\/#website"},"primaryImageOfPage":{"@id":"https:\/\/4Ballers.de\/?p=7415#primaryimage"},"image":{"@id":"https:\/\/4Ballers.de\/?p=7415#primaryimage"},"thumbnailUrl":"https:\/\/4Ballers.de\/wp-content\/uploads\/2023\/04\/cropped-cropped-cropped-cropped-cropped-customcolor_logo_customcolor_background-1-2-3-1-1.png","datePublished":"2025-03-10T13:30:00+00:00","dateModified":"2026-01-24T18:47:24+00:00","author":{"@id":"https:\/\/4Ballers.de\/#\/schema\/person\/a23eeed8afa2f2e4c487131ce9456e5d"},"description":"Ein historisches Wochenende liegt hinter uns. In der Hauptrolle: Ein formstarker Mainzer und zwei Champions-League-Achtelfinalisten.","breadcrumb":{"@id":"https:\/\/4Ballers.de\/?p=7415#breadcrumb"},"inLanguage":"de","potentialAction":[{"@type":"ReadAction","target":["https:\/\/4Ballers.de\/?p=7415"]}]},{"@type":"ImageObject","inLanguage":"de","@id":"https:\/\/4Ballers.de\/?p=7415#primaryimage","url":"https:\/\/4Ballers.de\/wp-content\/uploads\/2023\/04\/cropped-cropped-cropped-cropped-cropped-customcolor_logo_customcolor_background-1-2-3-1-1.png","contentUrl":"https:\/\/4Ballers.de\/wp-content\/uploads\/2023\/04\/cropped-cropped-cropped-cropped-cropped-customcolor_logo_customcolor_background-1-2-3-1-1.png","width":449,"height":200},{"@type":"BreadcrumbList","@id":"https:\/\/4Ballers.de\/?p=7415#breadcrumb","itemListElement":[{"@type":"ListItem","position":1,"name":"Startseite","item":"https:\/\/4Ballers.de\/"},{"@type":"ListItem","position":2,"name":"Bundesliga Diaries #025 &#8211; Amiri f\u00fcr Deutschland"}]},{"@type":"WebSite","@id":"https:\/\/4Ballers.de\/#website","url":"https:\/\/4Ballers.de\/","name":"4Ballers","description":"","potentialAction":[{"@type":"SearchAction","target":{"@type":"EntryPoint","urlTemplate":"https:\/\/4Ballers.de\/?s={search_term_string}"},"query-input":{"@type":"PropertyValueSpecification","valueRequired":true,"valueName":"search_term_string"}}],"inLanguage":"de"},{"@type":"Person","@id":"https:\/\/4Ballers.de\/#\/schema\/person\/a23eeed8afa2f2e4c487131ce9456e5d","name":"Lukas Schmitt","image":{"@type":"ImageObject","inLanguage":"de","@id":"https:\/\/secure.gravatar.com\/avatar\/ba60c656bea79c301c98542fa9aa2520ecde30acfd1a4d5ddf3342e3f794f942?s=96&d=blank&r=g","url":"https:\/\/secure.gravatar.com\/avatar\/ba60c656bea79c301c98542fa9aa2520ecde30acfd1a4d5ddf3342e3f794f942?s=96&d=blank&r=g","contentUrl":"https:\/\/secure.gravatar.com\/avatar\/ba60c656bea79c301c98542fa9aa2520ecde30acfd1a4d5ddf3342e3f794f942?s=96&d=blank&r=g","caption":"Lukas Schmitt"},"sameAs":["http:\/\/4Ballers"],"url":"https:\/\/4Ballers.de\/?author=2"}]}},"_links":{"self":[{"href":"https:\/\/4Ballers.de\/index.php?rest_route=\/wp\/v2\/posts\/7415","targetHints":{"allow":["GET"]}}],"collection":[{"href":"https:\/\/4Ballers.de\/index.php?rest_route=\/wp\/v2\/posts"}],"about":[{"href":"https:\/\/4Ballers.de\/index.php?rest_route=\/wp\/v2\/types\/post"}],"author":[{"embeddable":true,"href":"https:\/\/4Ballers.de\/index.php?rest_route=\/wp\/v2\/users\/2"}],"replies":[{"embeddable":true,"href":"https:\/\/4Ballers.de\/index.php?rest_route=%2Fwp%2Fv2%2Fcomments&post=7415"}],"version-history":[{"count":17,"href":"https:\/\/4Ballers.de\/index.php?rest_route=\/wp\/v2\/posts\/7415\/revisions"}],"predecessor-version":[{"id":8701,"href":"https:\/\/4Ballers.de\/index.php?rest_route=\/wp\/v2\/posts\/7415\/revisions\/8701"}],"wp:featuredmedia":[{"embeddable":true,"href":"https:\/\/4Ballers.de\/index.php?rest_route=\/wp\/v2\/media\/8364"}],"wp:attachment":[{"href":"https:\/\/4Ballers.de\/index.php?rest_route=%2Fwp%2Fv2%2Fmedia&parent=7415"}],"wp:term":[{"taxonomy":"category","embeddable":true,"href":"https:\/\/4Ballers.de\/index.php?rest_route=%2Fwp%2Fv2%2Fcategories&post=7415"},{"taxonomy":"post_tag","embeddable":true,"href":"https:\/\/4Ballers.de\/index.php?rest_route=%2Fwp%2Fv2%2Ftags&post=7415"}],"curies":[{"name":"wp","href":"https:\/\/api.w.org\/{rel}","templated":true}]}}