{"id":7060,"date":"2025-01-08T14:30:00","date_gmt":"2025-01-08T13:30:00","guid":{"rendered":"https:\/\/4Ballers.de\/?p=7060"},"modified":"2026-01-24T19:51:50","modified_gmt":"2026-01-24T18:51:50","slug":"musiala-und-die-ausstiegsklausel-ein-kommentar","status":"publish","type":"post","link":"https:\/\/4Ballers.de\/?p=7060","title":{"rendered":"Musiala und die Ausstiegsklausel &#8211; Ein Kommentar"},"content":{"rendered":"\n<p><strong>Lesezeit: 3 Minuten<\/strong><\/p>\n\n\n\n<p><strong>Manchmal kommt doch alles anders als erwartet. Obwohl die Gespr\u00e4che zwischen Jamal Musiala und dem FC Bayern bez\u00fcglich einer Vertragsverl\u00e4ngerung bislang \u00e4u\u00dferst positiv verliefen, blockiert nun ausgerechnet der Wunsch nach einer Ausstiegsklausel den Abschluss des Deals. Die Forderung des 21-J\u00e4hrigen ist nachvollziehbar, setzt den den deutschen Rekordmeister gleichzeitig aber unter enormen Handlungsdruck.<\/strong><\/p>\n\n\n\n<figure class=\"wp-block-embed is-type-rich is-provider-spotify wp-block-embed-spotify wp-embed-aspect-21-9 wp-has-aspect-ratio\"><div class=\"wp-block-embed__wrapper\">\n\t\t<div class=\"embed-privacy-container is-disabled embed-spotify\" data-embed-id=\"oembed_d3de47a2db2ca31575980d0349378054\" data-embed-provider=\"spotify\" style=\"aspect-ratio: 1020\/152;\">\t\t\t\t\t\t<button type=\"button\" class=\"embed-privacy-enable screen-reader-text\">\u201eSpotify Embed: Derbys im Brennpunkt | Rage Folge\u201c von Spotify anzeigen<\/button>\t\t\t\t\t\t<div class=\"embed-privacy-overlay\">\t\t\t\t<div class=\"embed-privacy-inner\">\t\t\t\t\t<div class=\"embed-privacy-logo\" style=\"background-image: url(https:\/\/4Ballers.de\/wp-content\/plugins\/embed-privacy\/assets\/images\/embed-spotify.png?ver=1.12.3);\"><\/div>\t\t<p>\t\tHier klicken, um den Inhalt von Spotify anzuzeigen.\t\t\t\t\t<br>\t\t\t\t\tErfahre mehr in der <a href=\"https:\/\/www.spotify.com\/privacy\/\" target=\"_blank\">Datenschutzerkl\u00e4rung von Spotify<\/a>.\t\t<\/p>\t\t<p class=\"embed-privacy-input-wrapper\">\t\t\t<input id=\"embed-privacy-store-spotify-d3de47a2db2ca31575980d0349378054\" type=\"checkbox\" value=\"1\" class=\"embed-privacy-input\" data-embed-provider=\"spotify\">\t\t\t<label for=\"embed-privacy-store-spotify-d3de47a2db2ca31575980d0349378054\" class=\"embed-privacy-label\" data-embed-provider=\"spotify\">\t\t\t\tInhalt von Spotify immer anzeigen\t\t\t<\/label>\t\t<\/p>\t\t\t\t\t\t<\/div>\t\t\t\t\t\t\t\t<div class=\"embed-privacy-footer\"><span class=\"embed-privacy-url\"><a href=\"https:\/\/open.spotify.com\/episode\/1XkeIPoJZ5JZ9eCfNY3fII?si=FKv-7E87SlOLT7egUrYeIA\">\u201eSpotify Embed: Derbys im Brennpunkt | Rage Folge\u201c direkt \u00f6ffnen<\/a><\/span><\/div>\t\t\t<\/div>\t\t\t\t\t\t<div class=\"embed-privacy-content\">\t\t\t\t<script>var _oembed_d3de47a2db2ca31575980d0349378054 = '{\\\"embed\\\":\\\"&lt;iframe title=&quot;Spotify Embed: Derbys im Brennpunkt | Rage Folge&quot; style=&quot;border-radius: 12px&quot; width=&quot;100%&quot; height=&quot;152&quot; frameborder=&quot;0&quot; allowfullscreen allow=&quot;autoplay; clipboard-write; encrypted-media; fullscreen; picture-in-picture&quot; loading=&quot;lazy&quot; src=&quot;https:\\\\\/\\\\\/open.spotify.com\\\\\/embed\\\\\/episode\\\\\/1XkeIPoJZ5JZ9eCfNY3fII?si=FKv-7E87SlOLT7egUrYeIA&amp;utm_source=oembed&quot;&gt;&lt;\\\\\/iframe&gt;\\\"}';<\/script>\t\t\t<\/div>\t\t<\/div>\t\t\n<\/div><\/figure>\n\n\n\n<p>Die Vertragsverl\u00e4ngerung von Jamal Musiala beim FC Bayern schien in den letzten Wochen eigentlich nur noch eine Frage der Zeit zu sein. Sowohl der Verein als auch der Spieler streben eine weitere Zusammenarbeit an. Eigentlich eine Win-Win Situation, wenn da nicht Musialas Wunsch nach einer Ausstiegsklausel w\u00e4re. Diese Meldung der <em>Sport BILD<\/em> versetzte am Dienstagabend zahlreich Fans des deutschen Rekordmeisters in Aufruhr. In den sozialen Medien entstand eine regelrechte Kontroverse. <\/p>\n\n\n\n<p>Klar ist: Eine derartig wichtige Zukunftsentscheidung, bei der sich Verein und Spieler grunds\u00e4tzlich einig sind, ist in solchen F\u00e4llen vor allem ein klares Commitment des Spielers. Dass sich Musiala und seine Agenten absichern wollen, ist aus Sicht des deutschen Nationalspielers ein nachvollziehbarer Gedankengang. Der Offensivspieler folgt mit diesem Wunsch den knallharten Prinzipien des Gesch\u00e4fts. Auch wenn er den FC Bayern als seine sportliche Heimst sieht, will der 21-J\u00e4hrige weiterhin alle Tr\u00fcmpfe in der Hand behalten. Eine 175 Millionen schwere Ausstiegsklausel garantiert ihm genau das.<\/p>\n\n\n\n<h2 class=\"wp-block-heading\">Musiala-Klausel aus Vereinssicht eine Katastrophe<\/h2>\n\n\n\n<p>Aus Sicht des FC Bayern k\u00e4me eine solche Ausstiegsklausel sportlich einer Katastrophe gleich. Der deutsche Rekordmeister w\u00fcrde in diesem Fall jegliche Tr\u00fcmpfe aus der Hand geben. Die eigene Verhandlungsposition zu schw\u00e4chen und die Interessen des Spielers \u00fcber die eigenen Ziele zu stellen, steht keineswegs in Einklang mit den Werten des Vereins. Aus diesem Grund besitzt im aktuellen Bayern-Kader auch kein Spieler eine derartige Klausel.<\/p>\n\n\n\n<p>Allein ein Blick in die Vergangenheit reicht, um die potenzielle Tragweite einer derartigen Exit-Option einsch\u00e4tzen zu k\u00f6nnen. Der Fall Neymar versetzte vor einigen Jahren ganz Europa in Aufruhr. PSG, das seinerzeit 222 Millionen f\u00fcr die Dienste des Brasilianers nach Barcelona \u00fcberwies, lie\u00df die stolzen Katalanen handlungsunf\u00e4hig zur\u00fcck und dem\u00fctigte sie bis ins Mark. Der FC Bayern ist aufgrund vorhandener Pr\u00e4zedenzf\u00e4lle definitiv gewarnt. Europas Topklubs um Real Madrid, Manchester City und Co. sind finanziell ohne Weiteres in der Lage, die Summe von 175 Millionen Euro aufzubringen.<\/p>\n\n\n\n<figure class=\"wp-block-embed is-type-rich is-provider-twitter wp-block-embed-twitter\"><div class=\"wp-block-embed__wrapper\">\n\t\t<div class=\"embed-privacy-container is-disabled embed-x\" data-embed-id=\"oembed_71affa18a171a839f7aaa1cf49333bc9\" data-embed-provider=\"x\">\t\t\t\t\t\t<button type=\"button\" class=\"embed-privacy-enable screen-reader-text\">Inhalt von X anzeigen<\/button>\t\t\t\t\t\t<div class=\"embed-privacy-overlay\">\t\t\t\t<div class=\"embed-privacy-inner\">\t\t\t\t\t<div class=\"embed-privacy-logo\" style=\"background-image: url(https:\/\/4Ballers.de\/wp-content\/plugins\/embed-privacy\/assets\/images\/embed-x.png?ver=1.12.3);\"><\/div>\t\t<p>\t\tHier klicken, um den Inhalt von X anzuzeigen.\t\t\t\t\t<br>\t\t\t\t\tErfahre mehr in der <a href=\"https:\/\/x.com\/de\/privacy\" target=\"_blank\">Datenschutzerkl\u00e4rung von X<\/a>.\t\t<\/p>\t\t<p class=\"embed-privacy-input-wrapper\">\t\t\t<input id=\"embed-privacy-store-x-71affa18a171a839f7aaa1cf49333bc9\" type=\"checkbox\" value=\"1\" class=\"embed-privacy-input\" data-embed-provider=\"x\">\t\t\t<label for=\"embed-privacy-store-x-71affa18a171a839f7aaa1cf49333bc9\" class=\"embed-privacy-label\" data-embed-provider=\"x\">\t\t\t\tInhalt von X immer anzeigen\t\t\t<\/label>\t\t<\/p>\t\t\t\t\t\t<\/div>\t\t\t\t\t\t\t\t<div class=\"embed-privacy-footer\"><span class=\"embed-privacy-url\"><a href=\"https:\/\/twitter.com\/spielertrainer_\/status\/1876890760609460570?s=46&#038;t=SegNjflk2ZHAofInwXny7Q\">Tweet direkt \u00f6ffnen<\/a><\/span><\/div>\t\t\t<\/div>\t\t\t\t\t\t<div class=\"embed-privacy-content\">\t\t\t\t<script>var _oembed_71affa18a171a839f7aaa1cf49333bc9 = '{\\\"embed\\\":\\\"&lt;blockquote class=&quot;twitter-tweet&quot; data-width=&quot;550&quot; data-dnt=&quot;true&quot;&gt;&lt;p lang=&quot;de&quot; dir=&quot;ltr&quot;&gt;\\\\ud835\\\\ude51\\\\ud835\\\\ude40\\\\ud835\\\\ude4d\\\\ud835\\\\ude4f\\\\ud835\\\\ude4d\\\\ud835\\\\ude3c\\\\ud835\\\\ude42\\\\ud835\\\\ude4e\\\\ud835\\\\ude51\\\\ud835\\\\ude40\\\\ud835\\\\ude4d\\\\ud835\\\\ude43\\\\ud835\\\\ude3c\\\\ud835\\\\ude49\\\\ud835\\\\ude3f\\\\ud835\\\\ude47\\\\ud835\\\\ude50\\\\ud835\\\\ude49\\\\ud835\\\\ude42\\\\ud835\\\\ude40\\\\ud835\\\\ude49&lt;br&gt;Die gestrige Meldung der SportBild, das Jamal Musiala eine Ausstiegsklausel von 175 Mio m&ouml;chte, hat die Bayern Timeline auf \\\\ud835\\\\udd4f in ein emotionales Tief gest&uuml;rzt. &lt;br&gt;&lt;br&gt;Ich kann verstehen, dass man gerne ein volles Commitment des Spielers&hellip; &lt;a href=&quot;https:\\\\\/\\\\\/t.co\\\\\/9IBQrkEmqW&quot;&gt;pic.twitter.com\\\\\/9IBQrkEmqW&lt;\\\\\/a&gt;&lt;\\\\\/p&gt;&amp;mdash; \\\\ud835\\\\udde6\\\\ud835\\\\uddfd\\\\ud835\\\\uddf6\\\\ud835\\\\uddf2\\\\ud835\\\\uddf9\\\\ud835\\\\uddf2\\\\ud835\\\\uddff\\\\ud835\\\\ude01\\\\ud835\\\\uddff\\\\ud835\\\\uddee\\\\ud835\\\\uddf6\\\\ud835\\\\uddfb\\\\ud835\\\\uddf2\\\\ud835\\\\uddff (@spielertrainer_) &lt;a href=&quot;https:\\\\\/\\\\\/twitter.com\\\\\/spielertrainer_\\\\\/status\\\\\/1876890760609460570?ref_src=twsrc%5Etfw&quot;&gt;January 8, 2025&lt;\\\\\/a&gt;&lt;\\\\\/blockquote&gt;&lt;script async src=&quot;https:\\\\\/\\\\\/platform.twitter.com\\\\\/widgets.js&quot; charset=&quot;utf-8&quot;&gt;&lt;\\\\\/script&gt;\\\"}';<\/script>\t\t\t<\/div>\t\t<\/div>\t\t\n<\/div><\/figure>\n\n\n\n<p>Eine derartige Klausel im Vertrag Musialas erscheint deshalb \u00e4u\u00dferst unwahrscheinlich. Wenn Weltstars eines Kalibers Robert Lewandowski, Harry Kane oder Joshua Kimmich nie eine derartige Klausel besa\u00dfen, warum sollte dann ausgerechnet Musiala eine solche erhalten? Aus Sicht des Vereins w\u00e4re das schlichtweg sinnbefreit.<\/p>\n\n\n\n<p>Sollte der 21-J\u00e4hrige allerdings auch weiterhin auf eine derartige Klausel dr\u00e4ngen, k\u00f6nnten die Vertragsgespr\u00e4che doch noch scheitern. Ein Worst-Case-Szenario, dass der deutsche Rekordmeister unter allen Umst\u00e4nden zu verhindern versuchen wird. Ob dies gelingt, wird auch daran liegen, wie kompromissbereit die Musiala-Seite sich in den kommenden Wochen noch pr\u00e4sentiert.<\/p>\n\n\n\n<figure class=\"wp-block-embed is-type-rich is-provider-tiktok wp-block-embed-tiktok\"><div class=\"wp-block-embed__wrapper\">\nhttps:\/\/www.tiktok.com\/@4ballers.official\n<\/div><\/figure>\n","protected":false},"excerpt":{"rendered":"<p>Manchmal kommt doch alles anders als erwartet. Obwohl die Gespr\u00e4che zwischen Jamal Musiala und dem FC Bayern bez\u00fcglich einer Vertragsverl\u00e4ngerung bislang \u00e4u\u00dferst positiv verliefen, blockiert nun ausgerechnet der Wunsch nach einer Ausstiegsklausel den Abschluss des Deals. Die Forderung des 21-J\u00e4hrigen ist nachvollziehbar, setzt den den deutschen Rekordmeister gleichzeitig aber unter enormen Handlungsdruck.<\/p>\n","protected":false},"author":2,"featured_media":8340,"comment_status":"open","ping_status":"open","sticky":false,"template":"","format":"standard","meta":{"footnotes":""},"categories":[6,615],"tags":[578],"class_list":["post-7060","post","type-post","status-publish","format-standard","has-post-thumbnail","hentry","category-bundesliga","category-fc-bayern","tag-jamal-musiala"],"yoast_head":"<!-- This site is optimized with the Yoast SEO plugin v27.4 - https:\/\/yoast.com\/product\/yoast-seo-wordpress\/ -->\n<title>Musiala und die Ausstiegsklausel - Ein Kommentar - 4Ballers - Euer Fu\u00dfballblog<\/title>\n<meta name=\"description\" content=\"Jamal Musiala fordert eine Ausstiegsklausel. Diese Meldung schlug gestern ein wie eine Bombe. Doch was bedeutet das nun im Detail?\" \/>\n<meta name=\"robots\" content=\"index, follow, max-snippet:-1, max-image-preview:large, max-video-preview:-1\" \/>\n<link rel=\"canonical\" href=\"https:\/\/4Ballers.de\/?p=7060\" \/>\n<meta property=\"og:locale\" content=\"de_DE\" \/>\n<meta property=\"og:type\" content=\"article\" \/>\n<meta property=\"og:title\" content=\"Musiala und die Ausstiegsklausel - Ein Kommentar - 4Ballers - Euer Fu\u00dfballblog\" \/>\n<meta property=\"og:description\" content=\"Jamal Musiala fordert eine Ausstiegsklausel. Diese Meldung schlug gestern ein wie eine Bombe. Doch was bedeutet das nun im Detail?\" \/>\n<meta property=\"og:url\" content=\"https:\/\/4Ballers.de\/?p=7060\" \/>\n<meta property=\"og:site_name\" content=\"4Ballers - Euer Fu\u00dfballblog\" \/>\n<meta property=\"article:published_time\" content=\"2025-01-08T13:30:00+00:00\" \/>\n<meta property=\"article:modified_time\" content=\"2026-01-24T18:51:50+00:00\" \/>\n<meta property=\"og:image\" content=\"https:\/\/4Ballers.de\/wp-content\/uploads\/2025\/04\/cropped-cropped-BCA0AA7F-B650-4AFB-8569-31AD15063F35.png\" \/>\n\t<meta property=\"og:image:width\" content=\"512\" \/>\n\t<meta property=\"og:image:height\" content=\"512\" \/>\n\t<meta property=\"og:image:type\" content=\"image\/png\" \/>\n<meta name=\"author\" content=\"Lukas Schmitt\" \/>\n<meta name=\"twitter:card\" content=\"summary_large_image\" \/>\n<meta name=\"twitter:creator\" content=\"@4Ballers_\" \/>\n<meta name=\"twitter:site\" content=\"@4Ballers_\" \/>\n<meta name=\"twitter:label1\" content=\"Verfasst von\" \/>\n\t<meta name=\"twitter:data1\" content=\"Lukas Schmitt\" \/>\n\t<meta name=\"twitter:label2\" content=\"Gesch\u00e4tzte Lesezeit\" \/>\n\t<meta name=\"twitter:data2\" content=\"3\u00a0Minuten\" \/>\n<script type=\"application\/ld+json\" class=\"yoast-schema-graph\">{\"@context\":\"https:\\\/\\\/schema.org\",\"@graph\":[{\"@type\":\"Article\",\"@id\":\"https:\\\/\\\/4Ballers.de\\\/?p=7060#article\",\"isPartOf\":{\"@id\":\"https:\\\/\\\/4Ballers.de\\\/?p=7060\"},\"author\":{\"name\":\"Lukas Schmitt\",\"@id\":\"https:\\\/\\\/4Ballers.de\\\/#\\\/schema\\\/person\\\/a23eeed8afa2f2e4c487131ce9456e5d\"},\"headline\":\"Musiala und die Ausstiegsklausel &#8211; Ein Kommentar\",\"datePublished\":\"2025-01-08T13:30:00+00:00\",\"dateModified\":\"2026-01-24T18:51:50+00:00\",\"mainEntityOfPage\":{\"@id\":\"https:\\\/\\\/4Ballers.de\\\/?p=7060\"},\"wordCount\":520,\"commentCount\":0,\"image\":{\"@id\":\"https:\\\/\\\/4Ballers.de\\\/?p=7060#primaryimage\"},\"thumbnailUrl\":\"https:\\\/\\\/4Ballers.de\\\/wp-content\\\/uploads\\\/2025\\\/04\\\/cropped-cropped-BCA0AA7F-B650-4AFB-8569-31AD15063F35.png\",\"keywords\":[\"Jamal Musiala\"],\"articleSection\":[\"BuLi \u26bd\ufe0f\",\"FC Bayern\"],\"inLanguage\":\"de\",\"potentialAction\":[{\"@type\":\"CommentAction\",\"name\":\"Comment\",\"target\":[\"https:\\\/\\\/4Ballers.de\\\/?p=7060#respond\"]}]},{\"@type\":\"WebPage\",\"@id\":\"https:\\\/\\\/4Ballers.de\\\/?p=7060\",\"url\":\"https:\\\/\\\/4Ballers.de\\\/?p=7060\",\"name\":\"Musiala und die Ausstiegsklausel - Ein Kommentar - 4Ballers - Euer Fu\u00dfballblog\",\"isPartOf\":{\"@id\":\"https:\\\/\\\/4Ballers.de\\\/#website\"},\"primaryImageOfPage\":{\"@id\":\"https:\\\/\\\/4Ballers.de\\\/?p=7060#primaryimage\"},\"image\":{\"@id\":\"https:\\\/\\\/4Ballers.de\\\/?p=7060#primaryimage\"},\"thumbnailUrl\":\"https:\\\/\\\/4Ballers.de\\\/wp-content\\\/uploads\\\/2025\\\/04\\\/cropped-cropped-BCA0AA7F-B650-4AFB-8569-31AD15063F35.png\",\"datePublished\":\"2025-01-08T13:30:00+00:00\",\"dateModified\":\"2026-01-24T18:51:50+00:00\",\"author\":{\"@id\":\"https:\\\/\\\/4Ballers.de\\\/#\\\/schema\\\/person\\\/a23eeed8afa2f2e4c487131ce9456e5d\"},\"description\":\"Jamal Musiala fordert eine Ausstiegsklausel. Diese Meldung schlug gestern ein wie eine Bombe. Doch was bedeutet das nun im Detail?\",\"breadcrumb\":{\"@id\":\"https:\\\/\\\/4Ballers.de\\\/?p=7060#breadcrumb\"},\"inLanguage\":\"de\",\"potentialAction\":[{\"@type\":\"ReadAction\",\"target\":[\"https:\\\/\\\/4Ballers.de\\\/?p=7060\"]}]},{\"@type\":\"ImageObject\",\"inLanguage\":\"de\",\"@id\":\"https:\\\/\\\/4Ballers.de\\\/?p=7060#primaryimage\",\"url\":\"https:\\\/\\\/4Ballers.de\\\/wp-content\\\/uploads\\\/2025\\\/04\\\/cropped-cropped-BCA0AA7F-B650-4AFB-8569-31AD15063F35.png\",\"contentUrl\":\"https:\\\/\\\/4Ballers.de\\\/wp-content\\\/uploads\\\/2025\\\/04\\\/cropped-cropped-BCA0AA7F-B650-4AFB-8569-31AD15063F35.png\",\"width\":512,\"height\":512},{\"@type\":\"BreadcrumbList\",\"@id\":\"https:\\\/\\\/4Ballers.de\\\/?p=7060#breadcrumb\",\"itemListElement\":[{\"@type\":\"ListItem\",\"position\":1,\"name\":\"Startseite\",\"item\":\"https:\\\/\\\/4Ballers.de\\\/\"},{\"@type\":\"ListItem\",\"position\":2,\"name\":\"Musiala und die Ausstiegsklausel &#8211; Ein Kommentar\"}]},{\"@type\":\"WebSite\",\"@id\":\"https:\\\/\\\/4Ballers.de\\\/#website\",\"url\":\"https:\\\/\\\/4Ballers.de\\\/\",\"name\":\"4Ballers\",\"description\":\"\",\"potentialAction\":[{\"@type\":\"SearchAction\",\"target\":{\"@type\":\"EntryPoint\",\"urlTemplate\":\"https:\\\/\\\/4Ballers.de\\\/?s={search_term_string}\"},\"query-input\":{\"@type\":\"PropertyValueSpecification\",\"valueRequired\":true,\"valueName\":\"search_term_string\"}}],\"inLanguage\":\"de\"},{\"@type\":\"Person\",\"@id\":\"https:\\\/\\\/4Ballers.de\\\/#\\\/schema\\\/person\\\/a23eeed8afa2f2e4c487131ce9456e5d\",\"name\":\"Lukas Schmitt\",\"image\":{\"@type\":\"ImageObject\",\"inLanguage\":\"de\",\"@id\":\"https:\\\/\\\/secure.gravatar.com\\\/avatar\\\/ba60c656bea79c301c98542fa9aa2520ecde30acfd1a4d5ddf3342e3f794f942?s=96&d=blank&r=g\",\"url\":\"https:\\\/\\\/secure.gravatar.com\\\/avatar\\\/ba60c656bea79c301c98542fa9aa2520ecde30acfd1a4d5ddf3342e3f794f942?s=96&d=blank&r=g\",\"contentUrl\":\"https:\\\/\\\/secure.gravatar.com\\\/avatar\\\/ba60c656bea79c301c98542fa9aa2520ecde30acfd1a4d5ddf3342e3f794f942?s=96&d=blank&r=g\",\"caption\":\"Lukas Schmitt\"},\"sameAs\":[\"http:\\\/\\\/4Ballers\"],\"url\":\"https:\\\/\\\/4Ballers.de\\\/?author=2\"}]}<\/script>\n<!-- \/ Yoast SEO plugin. -->","yoast_head_json":{"title":"Musiala und die Ausstiegsklausel - Ein Kommentar - 4Ballers - Euer Fu\u00dfballblog","description":"Jamal Musiala fordert eine Ausstiegsklausel. Diese Meldung schlug gestern ein wie eine Bombe. Doch was bedeutet das nun im Detail?","robots":{"index":"index","follow":"follow","max-snippet":"max-snippet:-1","max-image-preview":"max-image-preview:large","max-video-preview":"max-video-preview:-1"},"canonical":"https:\/\/4Ballers.de\/?p=7060","og_locale":"de_DE","og_type":"article","og_title":"Musiala und die Ausstiegsklausel - Ein Kommentar - 4Ballers - Euer Fu\u00dfballblog","og_description":"Jamal Musiala fordert eine Ausstiegsklausel. Diese Meldung schlug gestern ein wie eine Bombe. Doch was bedeutet das nun im Detail?","og_url":"https:\/\/4Ballers.de\/?p=7060","og_site_name":"4Ballers - Euer Fu\u00dfballblog","article_published_time":"2025-01-08T13:30:00+00:00","article_modified_time":"2026-01-24T18:51:50+00:00","og_image":[{"width":512,"height":512,"url":"https:\/\/4Ballers.de\/wp-content\/uploads\/2025\/04\/cropped-cropped-BCA0AA7F-B650-4AFB-8569-31AD15063F35.png","type":"image\/png"}],"author":"Lukas Schmitt","twitter_card":"summary_large_image","twitter_creator":"@4Ballers_","twitter_site":"@4Ballers_","twitter_misc":{"Verfasst von":"Lukas Schmitt","Gesch\u00e4tzte Lesezeit":"3\u00a0Minuten"},"schema":{"@context":"https:\/\/schema.org","@graph":[{"@type":"Article","@id":"https:\/\/4Ballers.de\/?p=7060#article","isPartOf":{"@id":"https:\/\/4Ballers.de\/?p=7060"},"author":{"name":"Lukas Schmitt","@id":"https:\/\/4Ballers.de\/#\/schema\/person\/a23eeed8afa2f2e4c487131ce9456e5d"},"headline":"Musiala und die Ausstiegsklausel &#8211; Ein Kommentar","datePublished":"2025-01-08T13:30:00+00:00","dateModified":"2026-01-24T18:51:50+00:00","mainEntityOfPage":{"@id":"https:\/\/4Ballers.de\/?p=7060"},"wordCount":520,"commentCount":0,"image":{"@id":"https:\/\/4Ballers.de\/?p=7060#primaryimage"},"thumbnailUrl":"https:\/\/4Ballers.de\/wp-content\/uploads\/2025\/04\/cropped-cropped-BCA0AA7F-B650-4AFB-8569-31AD15063F35.png","keywords":["Jamal Musiala"],"articleSection":["BuLi \u26bd\ufe0f","FC Bayern"],"inLanguage":"de","potentialAction":[{"@type":"CommentAction","name":"Comment","target":["https:\/\/4Ballers.de\/?p=7060#respond"]}]},{"@type":"WebPage","@id":"https:\/\/4Ballers.de\/?p=7060","url":"https:\/\/4Ballers.de\/?p=7060","name":"Musiala und die Ausstiegsklausel - Ein Kommentar - 4Ballers - Euer Fu\u00dfballblog","isPartOf":{"@id":"https:\/\/4Ballers.de\/#website"},"primaryImageOfPage":{"@id":"https:\/\/4Ballers.de\/?p=7060#primaryimage"},"image":{"@id":"https:\/\/4Ballers.de\/?p=7060#primaryimage"},"thumbnailUrl":"https:\/\/4Ballers.de\/wp-content\/uploads\/2025\/04\/cropped-cropped-BCA0AA7F-B650-4AFB-8569-31AD15063F35.png","datePublished":"2025-01-08T13:30:00+00:00","dateModified":"2026-01-24T18:51:50+00:00","author":{"@id":"https:\/\/4Ballers.de\/#\/schema\/person\/a23eeed8afa2f2e4c487131ce9456e5d"},"description":"Jamal Musiala fordert eine Ausstiegsklausel. Diese Meldung schlug gestern ein wie eine Bombe. Doch was bedeutet das nun im Detail?","breadcrumb":{"@id":"https:\/\/4Ballers.de\/?p=7060#breadcrumb"},"inLanguage":"de","potentialAction":[{"@type":"ReadAction","target":["https:\/\/4Ballers.de\/?p=7060"]}]},{"@type":"ImageObject","inLanguage":"de","@id":"https:\/\/4Ballers.de\/?p=7060#primaryimage","url":"https:\/\/4Ballers.de\/wp-content\/uploads\/2025\/04\/cropped-cropped-BCA0AA7F-B650-4AFB-8569-31AD15063F35.png","contentUrl":"https:\/\/4Ballers.de\/wp-content\/uploads\/2025\/04\/cropped-cropped-BCA0AA7F-B650-4AFB-8569-31AD15063F35.png","width":512,"height":512},{"@type":"BreadcrumbList","@id":"https:\/\/4Ballers.de\/?p=7060#breadcrumb","itemListElement":[{"@type":"ListItem","position":1,"name":"Startseite","item":"https:\/\/4Ballers.de\/"},{"@type":"ListItem","position":2,"name":"Musiala und die Ausstiegsklausel &#8211; Ein Kommentar"}]},{"@type":"WebSite","@id":"https:\/\/4Ballers.de\/#website","url":"https:\/\/4Ballers.de\/","name":"4Ballers","description":"","potentialAction":[{"@type":"SearchAction","target":{"@type":"EntryPoint","urlTemplate":"https:\/\/4Ballers.de\/?s={search_term_string}"},"query-input":{"@type":"PropertyValueSpecification","valueRequired":true,"valueName":"search_term_string"}}],"inLanguage":"de"},{"@type":"Person","@id":"https:\/\/4Ballers.de\/#\/schema\/person\/a23eeed8afa2f2e4c487131ce9456e5d","name":"Lukas Schmitt","image":{"@type":"ImageObject","inLanguage":"de","@id":"https:\/\/secure.gravatar.com\/avatar\/ba60c656bea79c301c98542fa9aa2520ecde30acfd1a4d5ddf3342e3f794f942?s=96&d=blank&r=g","url":"https:\/\/secure.gravatar.com\/avatar\/ba60c656bea79c301c98542fa9aa2520ecde30acfd1a4d5ddf3342e3f794f942?s=96&d=blank&r=g","contentUrl":"https:\/\/secure.gravatar.com\/avatar\/ba60c656bea79c301c98542fa9aa2520ecde30acfd1a4d5ddf3342e3f794f942?s=96&d=blank&r=g","caption":"Lukas Schmitt"},"sameAs":["http:\/\/4Ballers"],"url":"https:\/\/4Ballers.de\/?author=2"}]}},"_links":{"self":[{"href":"https:\/\/4Ballers.de\/index.php?rest_route=\/wp\/v2\/posts\/7060","targetHints":{"allow":["GET"]}}],"collection":[{"href":"https:\/\/4Ballers.de\/index.php?rest_route=\/wp\/v2\/posts"}],"about":[{"href":"https:\/\/4Ballers.de\/index.php?rest_route=\/wp\/v2\/types\/post"}],"author":[{"embeddable":true,"href":"https:\/\/4Ballers.de\/index.php?rest_route=\/wp\/v2\/users\/2"}],"replies":[{"embeddable":true,"href":"https:\/\/4Ballers.de\/index.php?rest_route=%2Fwp%2Fv2%2Fcomments&post=7060"}],"version-history":[{"count":8,"href":"https:\/\/4Ballers.de\/index.php?rest_route=\/wp\/v2\/posts\/7060\/revisions"}],"predecessor-version":[{"id":8714,"href":"https:\/\/4Ballers.de\/index.php?rest_route=\/wp\/v2\/posts\/7060\/revisions\/8714"}],"wp:featuredmedia":[{"embeddable":true,"href":"https:\/\/4Ballers.de\/index.php?rest_route=\/wp\/v2\/media\/8340"}],"wp:attachment":[{"href":"https:\/\/4Ballers.de\/index.php?rest_route=%2Fwp%2Fv2%2Fmedia&parent=7060"}],"wp:term":[{"taxonomy":"category","embeddable":true,"href":"https:\/\/4Ballers.de\/index.php?rest_route=%2Fwp%2Fv2%2Fcategories&post=7060"},{"taxonomy":"post_tag","embeddable":true,"href":"https:\/\/4Ballers.de\/index.php?rest_route=%2Fwp%2Fv2%2Ftags&post=7060"}],"curies":[{"name":"wp","href":"https:\/\/api.w.org\/{rel}","templated":true}]}}