{"id":5944,"date":"2024-08-29T14:21:30","date_gmt":"2024-08-29T12:21:30","guid":{"rendered":"https:\/\/4Ballers.de\/?p=5944"},"modified":"2026-01-25T19:38:41","modified_gmt":"2026-01-25T18:38:41","slug":"nagelsmann-kader-fuer-die-nations-league-ein-kurzkommentar","status":"publish","type":"post","link":"https:\/\/4Ballers.de\/?p=5944","title":{"rendered":"Nagelsmann-Kader f\u00fcr die Nations League &#8211; Ein Kurzkommentar"},"content":{"rendered":"\n<p><strong>Lesezeit: 3 Minuten<\/strong><\/p>\n\n\n\n<p><strong>Nach der Heim-EM ist vor der ersten L\u00e4nderspielpause. Im Zuge des Nations-League-Auftakts nominierte Julian Nagelsmann heute den Kader f\u00fcr die anstehenden Spiele gegen Ungarn sowie die Niederlande. Auch bei dieser Auswahl setzt sich das hervorragende Trend fort, den der 37-J\u00e4hrige bereits mit seinem Kader w\u00e4hrend der Europameisterschaft in Bewegung setzte.<\/strong><\/p>\n\n\n\n<figure class=\"wp-block-embed is-type-rich is-provider-spotify wp-block-embed-spotify wp-embed-aspect-21-9 wp-has-aspect-ratio\"><div class=\"wp-block-embed__wrapper\">\n\t\t<div class=\"embed-privacy-container is-disabled embed-spotify\" data-embed-id=\"oembed_aee22792164583d9c64aee057440951e\" data-embed-provider=\"spotify\" style=\"aspect-ratio: 1020\/152;\">\t\t\t\t\t\t<button type=\"button\" class=\"embed-privacy-enable screen-reader-text\">\u201eSpotify Embed: Er kam, sah und Gittens | Transfer Realtalk\u201c von Spotify anzeigen<\/button>\t\t\t\t\t\t<div class=\"embed-privacy-overlay\">\t\t\t\t<div class=\"embed-privacy-inner\">\t\t\t\t\t<div class=\"embed-privacy-logo\" style=\"background-image: url(https:\/\/4Ballers.de\/wp-content\/plugins\/embed-privacy\/assets\/images\/embed-spotify.png?ver=1.12.3);\"><\/div>\t\t<p>\t\tHier klicken, um den Inhalt von Spotify anzuzeigen.\t\t\t\t\t<br>\t\t\t\t\tErfahre mehr in der <a href=\"https:\/\/www.spotify.com\/privacy\/\" target=\"_blank\">Datenschutzerkl\u00e4rung von Spotify<\/a>.\t\t<\/p>\t\t<p class=\"embed-privacy-input-wrapper\">\t\t\t<input id=\"embed-privacy-store-spotify-aee22792164583d9c64aee057440951e\" type=\"checkbox\" value=\"1\" class=\"embed-privacy-input\" data-embed-provider=\"spotify\">\t\t\t<label for=\"embed-privacy-store-spotify-aee22792164583d9c64aee057440951e\" class=\"embed-privacy-label\" data-embed-provider=\"spotify\">\t\t\t\tInhalt von Spotify immer anzeigen\t\t\t<\/label>\t\t<\/p>\t\t\t\t\t\t<\/div>\t\t\t\t\t\t\t\t<div class=\"embed-privacy-footer\"><span class=\"embed-privacy-url\"><a href=\"https:\/\/open.spotify.com\/episode\/62lmAu4Vs5TTyJugXjom4x?si=oXOxjj5eRROOKwCbJu4NDg\">\u201eSpotify Embed: Er kam, sah und Gittens | Transfer Realtalk\u201c direkt \u00f6ffnen<\/a><\/span><\/div>\t\t\t<\/div>\t\t\t\t\t\t<div class=\"embed-privacy-content\">\t\t\t\t<script>var _oembed_aee22792164583d9c64aee057440951e = '{\\\"embed\\\":\\\"&lt;iframe title=&quot;Spotify Embed: Er kam, sah und Gittens | Transfer Realtalk&quot; style=&quot;border-radius: 12px&quot; width=&quot;100%&quot; height=&quot;152&quot; frameborder=&quot;0&quot; allowfullscreen allow=&quot;autoplay; clipboard-write; encrypted-media; fullscreen; picture-in-picture&quot; loading=&quot;lazy&quot; src=&quot;https:\\\\\/\\\\\/open.spotify.com\\\\\/embed\\\\\/episode\\\\\/62lmAu4Vs5TTyJugXjom4x?si=oXOxjj5eRROOKwCbJu4NDg&amp;utm_source=oembed&quot;&gt;&lt;\\\\\/iframe&gt;\\\"}';<\/script>\t\t\t<\/div>\t\t<\/div>\t\t\n<\/div><\/figure>\n\n\n\n<p>Dass es einem Trainer nach Jahren der sportlichen Tristesse innerhalb weniger Wochen gelingen w\u00fcrde, den Menschen in Fu\u00dfball-Deutschland <a href=\"https:\/\/4ballers.de\/?p=5409\">den Glauben an die eigene Mannschaft so schnell zur\u00fcckzugeben<\/a>, h\u00e4tten wohl nur die wenigsten erwartet. Auf eine unbeschreibliche Euphorie folgte bei der Europameisterschaft im eigenen Land ein unvergessliches Turnier. <\/p>\n\n\n\n<p>Der Auftrag nach dem bitteren Ausscheiden gegen Spanien im Viertelfinale war sofort klar: Nagelsmann wird einige Leistungstr\u00e4ger ersetzen und den Umbruch im Nationalteam weiter konsequent vorantreiben m\u00fcssen.<\/p>\n\n\n\n<p>Die Umsetzung dieses Vorhabens sollte nun erstmals mit der Kadernominierung f\u00fcr die anstehenden Nations League Spiele im September gelingen. Hierbei l\u00e4sst sich eins klar feststellen: Nagelsmann hat erneut geliefert (<a href=\"https:\/\/x.com\/dfb_team\/status\/1829066508514795678?s=46&amp;t=SegNjflk2ZHAofInwXny7Q\">zum Aufgebot<\/a>)! Mit Stuttgarts Angelo Stiller nominierte der 37-J\u00e4hrige konsequenterweise einen Akteur, dessen Nominierung l\u00e4ngst \u00fcberf\u00e4llig war. So erf\u00fcllte VfB-Akteur bereits \u00fcber Monate hinweg alle Anforderungen eines potenziellen Nationalspielers und verdiente sich seine Einladung ohne jeglichen Zweifel.<\/p>\n\n\n\n<figure class=\"wp-block-embed is-type-rich is-provider-twitter wp-block-embed-twitter\"><div class=\"wp-block-embed__wrapper\">\n\t\t<div class=\"embed-privacy-container is-disabled embed-x\" data-embed-id=\"oembed_a707f661c434778c37b15601996e51f6\" data-embed-provider=\"x\">\t\t\t\t\t\t<button type=\"button\" class=\"embed-privacy-enable screen-reader-text\">Inhalt von X anzeigen<\/button>\t\t\t\t\t\t<div class=\"embed-privacy-overlay\">\t\t\t\t<div class=\"embed-privacy-inner\">\t\t\t\t\t<div class=\"embed-privacy-logo\" style=\"background-image: url(https:\/\/4Ballers.de\/wp-content\/plugins\/embed-privacy\/assets\/images\/embed-x.png?ver=1.12.3);\"><\/div>\t\t<p>\t\tHier klicken, um den Inhalt von X anzuzeigen.\t\t\t\t\t<br>\t\t\t\t\tErfahre mehr in der <a href=\"https:\/\/x.com\/de\/privacy\" target=\"_blank\">Datenschutzerkl\u00e4rung von X<\/a>.\t\t<\/p>\t\t<p class=\"embed-privacy-input-wrapper\">\t\t\t<input id=\"embed-privacy-store-x-a707f661c434778c37b15601996e51f6\" type=\"checkbox\" value=\"1\" class=\"embed-privacy-input\" data-embed-provider=\"x\">\t\t\t<label for=\"embed-privacy-store-x-a707f661c434778c37b15601996e51f6\" class=\"embed-privacy-label\" data-embed-provider=\"x\">\t\t\t\tInhalt von X immer anzeigen\t\t\t<\/label>\t\t<\/p>\t\t\t\t\t\t<\/div>\t\t\t\t\t\t\t\t<div class=\"embed-privacy-footer\"><span class=\"embed-privacy-url\"><a href=\"https:\/\/twitter.com\/DFB_Team\/status\/1829066508514795678\">Tweet direkt \u00f6ffnen<\/a><\/span><\/div>\t\t\t<\/div>\t\t\t\t\t\t<div class=\"embed-privacy-content\">\t\t\t\t<script>var _oembed_a707f661c434778c37b15601996e51f6 = '{\\\"embed\\\":\\\"&lt;blockquote class=&quot;twitter-tweet&quot; data-width=&quot;550&quot; data-dnt=&quot;true&quot;&gt;&lt;p lang=&quot;de&quot; dir=&quot;ltr&quot;&gt;Mit diesem Kader geht es in die Nations League-Spiele gegen Ungarn und die Niederlande! \\\\ud83d\\\\udca5&lt;br&gt;&lt;br&gt;\\\\u27a1\\\\ufe0f Ein neues Kontingent an Tickets f&uuml;r unser Heimspiel in D&uuml;sseldorf (7. September, 20.45 Uhr) gegen Ungarn gibt&amp;#39;s auf &lt;a href=&quot;https:\\\\\/\\\\\/t.co\\\\\/FyasMc627F&quot;&gt;https:\\\\\/\\\\\/t.co\\\\\/FyasMc627F&lt;\\\\\/a&gt; \\\\ud83d\\\\ude4c&lt;a href=&quot;https:\\\\\/\\\\\/twitter.com\\\\\/hashtag\\\\\/dfbteam?src=hash&amp;amp;ref_src=twsrc%5Etfw&quot;&gt;#dfbteam&lt;\\\\\/a&gt; &lt;a href=&quot;https:\\\\\/\\\\\/twitter.com\\\\\/hashtag\\\\\/GERHUN?src=hash&amp;amp;ref_src=twsrc%5Etfw&quot;&gt;#GERHUN&lt;\\\\\/a&gt; &lt;a href=&quot;https:\\\\\/\\\\\/twitter.com\\\\\/hashtag\\\\\/NEDGER?src=hash&amp;amp;ref_src=twsrc%5Etfw&quot;&gt;#NEDGER&lt;\\\\\/a&gt; &lt;a href=&quot;https:\\\\\/\\\\\/t.co\\\\\/gLsWH8Ja7e&quot;&gt;pic.twitter.com\\\\\/gLsWH8Ja7e&lt;\\\\\/a&gt;&lt;\\\\\/p&gt;&amp;mdash; DFB-Team (@DFB_Team) &lt;a href=&quot;https:\\\\\/\\\\\/twitter.com\\\\\/DFB_Team\\\\\/status\\\\\/1829066508514795678?ref_src=twsrc%5Etfw&quot;&gt;August 29, 2024&lt;\\\\\/a&gt;&lt;\\\\\/blockquote&gt;&lt;script async src=&quot;https:\\\\\/\\\\\/platform.twitter.com\\\\\/widgets.js&quot; charset=&quot;utf-8&quot;&gt;&lt;\\\\\/script&gt;\\\"}';<\/script>\t\t\t<\/div>\t\t<\/div>\t\t\n<\/div><\/figure>\n\n\n\n<p class=\"has-large-font-size\">Nagelsmann setzt auf Bew\u00e4hrtes <\/p>\n\n\n\n<p>Ansonsten setzten Nagelsmann und sein Team zum Gro\u00dfteil auf bew\u00e4hrte Kr\u00e4fte. Auch das ist als Ausdruck der eigenen St\u00e4rke zu werten. So entschied sich der Bundestrainer bereits im Vorfeld der EM klar f\u00fcr geeignete Spielertypen, die seine Art des Fu\u00dfballs auf dem Platz umzusetzen wissen. <\/p>\n\n\n\n<p>Sowohl die erneute Nominierung von Nico Schlotterbeck als auch die des Neu-Dortmunders Maxi Beier zeigen den langfristigen Plan des 37-J\u00e4hrigen auf. In Abwesenheit des geschonten Antonio R\u00fcdiger bietet sich Schlotterbeck als logischer Vertreter an. Auch Beier wird sicher auf einige Minuten Spielzeit kommen.<\/p>\n\n\n\n<p>Leon Goretzka, beim FC Bayern zuletzt au\u00dfen vor, erhielt der gleichen Logik nach erneut keine Einladung zum Lehrgang. Ebenso ist der konsequente Verzicht auf den k\u00fcrzlich genesenen Leroy San\u00e9 sowie den zuletzt wieder erstarkten Serge Gnabry klar nachvollziehbar. Beide Akteure m\u00fcssen ihre Eignung sowie die n\u00f6tige Matchfitness f\u00fcr die Nationalmannschaft erst wieder \u00fcber einen l\u00e4ngeren Zeitraum nachweisen. Gelingt ihnen das, k\u00f6nnen sie sich ebenso wie Shootingstar Brajan Gruda \u00fcber Leistung f\u00fcr die kommenden L\u00e4nderspielphasen empfehlen.<\/p>\n\n\n\n<figure class=\"wp-block-embed is-type-rich is-provider-tiktok wp-block-embed-tiktok\"><div class=\"wp-block-embed__wrapper\">\nhttps:\/\/www.tiktok.com\/@4ballers.official\n<\/div><\/figure>\n","protected":false},"excerpt":{"rendered":"<p>Nach der Heim-EM ist vor der ersten L\u00e4nderspielpause. Im Zuge des Nations League-Auftakts nominierte Julian Nagelsmann heute den Kader f\u00fcr die anstehenden Spiele gegen Ungarn sowie die Niederlande. Auch bei dieser Auswahl setzt sich das hervorragende Trend fort, den der 37-J\u00e4hrige bereits mit seinem Kader w\u00e4hrend der Europameisterschaft in Bewegung setzte.<\/p>\n","protected":false},"author":2,"featured_media":8340,"comment_status":"open","ping_status":"open","sticky":false,"template":"","format":"standard","meta":{"footnotes":""},"categories":[345],"tags":[31,534,352],"class_list":["post-5944","post","type-post","status-publish","format-standard","has-post-thumbnail","hentry","category-nationalmannschaft","tag-dfb","tag-julian-nagelsmann","tag-nationalmannschaft"],"yoast_head":"<!-- This site is optimized with the Yoast SEO plugin v27.5 - https:\/\/yoast.com\/product\/yoast-seo-wordpress\/ -->\n<title>Nagelsmann-Kader f\u00fcr die Nations League - Ein Kurzkommentar - 4Ballers - Euer Fu\u00dfballblog<\/title>\n<meta name=\"description\" content=\"Der Kader von Nagelsmann f\u00fcr die kommenden L\u00e4nderspiele in der Nations League steht. Die Nominierungen des Trainers kommen logisch daher.\" \/>\n<meta name=\"robots\" content=\"index, follow, max-snippet:-1, max-image-preview:large, max-video-preview:-1\" \/>\n<link rel=\"canonical\" href=\"https:\/\/4Ballers.de\/?p=5944\" \/>\n<meta property=\"og:locale\" content=\"de_DE\" \/>\n<meta property=\"og:type\" content=\"article\" \/>\n<meta property=\"og:title\" content=\"Nagelsmann-Kader f\u00fcr die Nations League - Ein Kurzkommentar - 4Ballers - Euer Fu\u00dfballblog\" \/>\n<meta property=\"og:description\" content=\"Der Kader von Nagelsmann f\u00fcr die kommenden L\u00e4nderspiele in der Nations League steht. Die Nominierungen des Trainers kommen logisch daher.\" \/>\n<meta property=\"og:url\" content=\"https:\/\/4Ballers.de\/?p=5944\" \/>\n<meta property=\"og:site_name\" content=\"4Ballers - Euer Fu\u00dfballblog\" \/>\n<meta property=\"article:published_time\" content=\"2024-08-29T12:21:30+00:00\" \/>\n<meta property=\"article:modified_time\" content=\"2026-01-25T18:38:41+00:00\" \/>\n<meta property=\"og:image\" content=\"https:\/\/4Ballers.de\/wp-content\/uploads\/2025\/04\/cropped-cropped-BCA0AA7F-B650-4AFB-8569-31AD15063F35.png\" \/>\n\t<meta property=\"og:image:width\" content=\"512\" \/>\n\t<meta property=\"og:image:height\" content=\"512\" \/>\n\t<meta property=\"og:image:type\" content=\"image\/png\" \/>\n<meta name=\"author\" content=\"Lukas Schmitt\" \/>\n<meta name=\"twitter:card\" content=\"summary_large_image\" \/>\n<meta name=\"twitter:creator\" content=\"@4Ballers_\" \/>\n<meta name=\"twitter:site\" content=\"@4Ballers_\" \/>\n<meta name=\"twitter:label1\" content=\"Verfasst von\" \/>\n\t<meta name=\"twitter:data1\" content=\"Lukas Schmitt\" \/>\n\t<meta name=\"twitter:label2\" content=\"Gesch\u00e4tzte Lesezeit\" \/>\n\t<meta name=\"twitter:data2\" content=\"3\u00a0Minuten\" \/>\n<script type=\"application\/ld+json\" class=\"yoast-schema-graph\">{\"@context\":\"https:\\\/\\\/schema.org\",\"@graph\":[{\"@type\":\"Article\",\"@id\":\"https:\\\/\\\/4Ballers.de\\\/?p=5944#article\",\"isPartOf\":{\"@id\":\"https:\\\/\\\/4Ballers.de\\\/?p=5944\"},\"author\":{\"name\":\"Lukas Schmitt\",\"@id\":\"https:\\\/\\\/4Ballers.de\\\/#\\\/schema\\\/person\\\/a23eeed8afa2f2e4c487131ce9456e5d\"},\"headline\":\"Nagelsmann-Kader f\u00fcr die Nations League &#8211; Ein Kurzkommentar\",\"datePublished\":\"2024-08-29T12:21:30+00:00\",\"dateModified\":\"2026-01-25T18:38:41+00:00\",\"mainEntityOfPage\":{\"@id\":\"https:\\\/\\\/4Ballers.de\\\/?p=5944\"},\"wordCount\":427,\"commentCount\":0,\"image\":{\"@id\":\"https:\\\/\\\/4Ballers.de\\\/?p=5944#primaryimage\"},\"thumbnailUrl\":\"https:\\\/\\\/4Ballers.de\\\/wp-content\\\/uploads\\\/2025\\\/04\\\/cropped-cropped-BCA0AA7F-B650-4AFB-8569-31AD15063F35.png\",\"keywords\":[\"DFB\",\"Julian Nagelsmann\",\"Nationalmannschaft\"],\"articleSection\":[\"Nationalmannschaft \ud83c\udde9\ud83c\uddea\"],\"inLanguage\":\"de\",\"potentialAction\":[{\"@type\":\"CommentAction\",\"name\":\"Comment\",\"target\":[\"https:\\\/\\\/4Ballers.de\\\/?p=5944#respond\"]}]},{\"@type\":\"WebPage\",\"@id\":\"https:\\\/\\\/4Ballers.de\\\/?p=5944\",\"url\":\"https:\\\/\\\/4Ballers.de\\\/?p=5944\",\"name\":\"Nagelsmann-Kader f\u00fcr die Nations League - Ein Kurzkommentar - 4Ballers - Euer Fu\u00dfballblog\",\"isPartOf\":{\"@id\":\"https:\\\/\\\/4Ballers.de\\\/#website\"},\"primaryImageOfPage\":{\"@id\":\"https:\\\/\\\/4Ballers.de\\\/?p=5944#primaryimage\"},\"image\":{\"@id\":\"https:\\\/\\\/4Ballers.de\\\/?p=5944#primaryimage\"},\"thumbnailUrl\":\"https:\\\/\\\/4Ballers.de\\\/wp-content\\\/uploads\\\/2025\\\/04\\\/cropped-cropped-BCA0AA7F-B650-4AFB-8569-31AD15063F35.png\",\"datePublished\":\"2024-08-29T12:21:30+00:00\",\"dateModified\":\"2026-01-25T18:38:41+00:00\",\"author\":{\"@id\":\"https:\\\/\\\/4Ballers.de\\\/#\\\/schema\\\/person\\\/a23eeed8afa2f2e4c487131ce9456e5d\"},\"description\":\"Der Kader von Nagelsmann f\u00fcr die kommenden L\u00e4nderspiele in der Nations League steht. Die Nominierungen des Trainers kommen logisch daher.\",\"breadcrumb\":{\"@id\":\"https:\\\/\\\/4Ballers.de\\\/?p=5944#breadcrumb\"},\"inLanguage\":\"de\",\"potentialAction\":[{\"@type\":\"ReadAction\",\"target\":[\"https:\\\/\\\/4Ballers.de\\\/?p=5944\"]}]},{\"@type\":\"ImageObject\",\"inLanguage\":\"de\",\"@id\":\"https:\\\/\\\/4Ballers.de\\\/?p=5944#primaryimage\",\"url\":\"https:\\\/\\\/4Ballers.de\\\/wp-content\\\/uploads\\\/2025\\\/04\\\/cropped-cropped-BCA0AA7F-B650-4AFB-8569-31AD15063F35.png\",\"contentUrl\":\"https:\\\/\\\/4Ballers.de\\\/wp-content\\\/uploads\\\/2025\\\/04\\\/cropped-cropped-BCA0AA7F-B650-4AFB-8569-31AD15063F35.png\",\"width\":512,\"height\":512},{\"@type\":\"BreadcrumbList\",\"@id\":\"https:\\\/\\\/4Ballers.de\\\/?p=5944#breadcrumb\",\"itemListElement\":[{\"@type\":\"ListItem\",\"position\":1,\"name\":\"Startseite\",\"item\":\"https:\\\/\\\/4Ballers.de\\\/\"},{\"@type\":\"ListItem\",\"position\":2,\"name\":\"Nagelsmann-Kader f\u00fcr die Nations League &#8211; Ein Kurzkommentar\"}]},{\"@type\":\"WebSite\",\"@id\":\"https:\\\/\\\/4Ballers.de\\\/#website\",\"url\":\"https:\\\/\\\/4Ballers.de\\\/\",\"name\":\"4Ballers\",\"description\":\"\",\"potentialAction\":[{\"@type\":\"SearchAction\",\"target\":{\"@type\":\"EntryPoint\",\"urlTemplate\":\"https:\\\/\\\/4Ballers.de\\\/?s={search_term_string}\"},\"query-input\":{\"@type\":\"PropertyValueSpecification\",\"valueRequired\":true,\"valueName\":\"search_term_string\"}}],\"inLanguage\":\"de\"},{\"@type\":\"Person\",\"@id\":\"https:\\\/\\\/4Ballers.de\\\/#\\\/schema\\\/person\\\/a23eeed8afa2f2e4c487131ce9456e5d\",\"name\":\"Lukas Schmitt\",\"image\":{\"@type\":\"ImageObject\",\"inLanguage\":\"de\",\"@id\":\"https:\\\/\\\/secure.gravatar.com\\\/avatar\\\/ba60c656bea79c301c98542fa9aa2520ecde30acfd1a4d5ddf3342e3f794f942?s=96&d=blank&r=g\",\"url\":\"https:\\\/\\\/secure.gravatar.com\\\/avatar\\\/ba60c656bea79c301c98542fa9aa2520ecde30acfd1a4d5ddf3342e3f794f942?s=96&d=blank&r=g\",\"contentUrl\":\"https:\\\/\\\/secure.gravatar.com\\\/avatar\\\/ba60c656bea79c301c98542fa9aa2520ecde30acfd1a4d5ddf3342e3f794f942?s=96&d=blank&r=g\",\"caption\":\"Lukas Schmitt\"},\"sameAs\":[\"http:\\\/\\\/4Ballers\"],\"url\":\"https:\\\/\\\/4Ballers.de\\\/?author=2\"}]}<\/script>\n<!-- \/ Yoast SEO plugin. -->","yoast_head_json":{"title":"Nagelsmann-Kader f\u00fcr die Nations League - Ein Kurzkommentar - 4Ballers - Euer Fu\u00dfballblog","description":"Der Kader von Nagelsmann f\u00fcr die kommenden L\u00e4nderspiele in der Nations League steht. Die Nominierungen des Trainers kommen logisch daher.","robots":{"index":"index","follow":"follow","max-snippet":"max-snippet:-1","max-image-preview":"max-image-preview:large","max-video-preview":"max-video-preview:-1"},"canonical":"https:\/\/4Ballers.de\/?p=5944","og_locale":"de_DE","og_type":"article","og_title":"Nagelsmann-Kader f\u00fcr die Nations League - Ein Kurzkommentar - 4Ballers - Euer Fu\u00dfballblog","og_description":"Der Kader von Nagelsmann f\u00fcr die kommenden L\u00e4nderspiele in der Nations League steht. Die Nominierungen des Trainers kommen logisch daher.","og_url":"https:\/\/4Ballers.de\/?p=5944","og_site_name":"4Ballers - Euer Fu\u00dfballblog","article_published_time":"2024-08-29T12:21:30+00:00","article_modified_time":"2026-01-25T18:38:41+00:00","og_image":[{"width":512,"height":512,"url":"https:\/\/4Ballers.de\/wp-content\/uploads\/2025\/04\/cropped-cropped-BCA0AA7F-B650-4AFB-8569-31AD15063F35.png","type":"image\/png"}],"author":"Lukas Schmitt","twitter_card":"summary_large_image","twitter_creator":"@4Ballers_","twitter_site":"@4Ballers_","twitter_misc":{"Verfasst von":"Lukas Schmitt","Gesch\u00e4tzte Lesezeit":"3\u00a0Minuten"},"schema":{"@context":"https:\/\/schema.org","@graph":[{"@type":"Article","@id":"https:\/\/4Ballers.de\/?p=5944#article","isPartOf":{"@id":"https:\/\/4Ballers.de\/?p=5944"},"author":{"name":"Lukas Schmitt","@id":"https:\/\/4Ballers.de\/#\/schema\/person\/a23eeed8afa2f2e4c487131ce9456e5d"},"headline":"Nagelsmann-Kader f\u00fcr die Nations League &#8211; Ein Kurzkommentar","datePublished":"2024-08-29T12:21:30+00:00","dateModified":"2026-01-25T18:38:41+00:00","mainEntityOfPage":{"@id":"https:\/\/4Ballers.de\/?p=5944"},"wordCount":427,"commentCount":0,"image":{"@id":"https:\/\/4Ballers.de\/?p=5944#primaryimage"},"thumbnailUrl":"https:\/\/4Ballers.de\/wp-content\/uploads\/2025\/04\/cropped-cropped-BCA0AA7F-B650-4AFB-8569-31AD15063F35.png","keywords":["DFB","Julian Nagelsmann","Nationalmannschaft"],"articleSection":["Nationalmannschaft \ud83c\udde9\ud83c\uddea"],"inLanguage":"de","potentialAction":[{"@type":"CommentAction","name":"Comment","target":["https:\/\/4Ballers.de\/?p=5944#respond"]}]},{"@type":"WebPage","@id":"https:\/\/4Ballers.de\/?p=5944","url":"https:\/\/4Ballers.de\/?p=5944","name":"Nagelsmann-Kader f\u00fcr die Nations League - Ein Kurzkommentar - 4Ballers - Euer Fu\u00dfballblog","isPartOf":{"@id":"https:\/\/4Ballers.de\/#website"},"primaryImageOfPage":{"@id":"https:\/\/4Ballers.de\/?p=5944#primaryimage"},"image":{"@id":"https:\/\/4Ballers.de\/?p=5944#primaryimage"},"thumbnailUrl":"https:\/\/4Ballers.de\/wp-content\/uploads\/2025\/04\/cropped-cropped-BCA0AA7F-B650-4AFB-8569-31AD15063F35.png","datePublished":"2024-08-29T12:21:30+00:00","dateModified":"2026-01-25T18:38:41+00:00","author":{"@id":"https:\/\/4Ballers.de\/#\/schema\/person\/a23eeed8afa2f2e4c487131ce9456e5d"},"description":"Der Kader von Nagelsmann f\u00fcr die kommenden L\u00e4nderspiele in der Nations League steht. Die Nominierungen des Trainers kommen logisch daher.","breadcrumb":{"@id":"https:\/\/4Ballers.de\/?p=5944#breadcrumb"},"inLanguage":"de","potentialAction":[{"@type":"ReadAction","target":["https:\/\/4Ballers.de\/?p=5944"]}]},{"@type":"ImageObject","inLanguage":"de","@id":"https:\/\/4Ballers.de\/?p=5944#primaryimage","url":"https:\/\/4Ballers.de\/wp-content\/uploads\/2025\/04\/cropped-cropped-BCA0AA7F-B650-4AFB-8569-31AD15063F35.png","contentUrl":"https:\/\/4Ballers.de\/wp-content\/uploads\/2025\/04\/cropped-cropped-BCA0AA7F-B650-4AFB-8569-31AD15063F35.png","width":512,"height":512},{"@type":"BreadcrumbList","@id":"https:\/\/4Ballers.de\/?p=5944#breadcrumb","itemListElement":[{"@type":"ListItem","position":1,"name":"Startseite","item":"https:\/\/4Ballers.de\/"},{"@type":"ListItem","position":2,"name":"Nagelsmann-Kader f\u00fcr die Nations League &#8211; Ein Kurzkommentar"}]},{"@type":"WebSite","@id":"https:\/\/4Ballers.de\/#website","url":"https:\/\/4Ballers.de\/","name":"4Ballers","description":"","potentialAction":[{"@type":"SearchAction","target":{"@type":"EntryPoint","urlTemplate":"https:\/\/4Ballers.de\/?s={search_term_string}"},"query-input":{"@type":"PropertyValueSpecification","valueRequired":true,"valueName":"search_term_string"}}],"inLanguage":"de"},{"@type":"Person","@id":"https:\/\/4Ballers.de\/#\/schema\/person\/a23eeed8afa2f2e4c487131ce9456e5d","name":"Lukas Schmitt","image":{"@type":"ImageObject","inLanguage":"de","@id":"https:\/\/secure.gravatar.com\/avatar\/ba60c656bea79c301c98542fa9aa2520ecde30acfd1a4d5ddf3342e3f794f942?s=96&d=blank&r=g","url":"https:\/\/secure.gravatar.com\/avatar\/ba60c656bea79c301c98542fa9aa2520ecde30acfd1a4d5ddf3342e3f794f942?s=96&d=blank&r=g","contentUrl":"https:\/\/secure.gravatar.com\/avatar\/ba60c656bea79c301c98542fa9aa2520ecde30acfd1a4d5ddf3342e3f794f942?s=96&d=blank&r=g","caption":"Lukas Schmitt"},"sameAs":["http:\/\/4Ballers"],"url":"https:\/\/4Ballers.de\/?author=2"}]}},"_links":{"self":[{"href":"https:\/\/4Ballers.de\/index.php?rest_route=\/wp\/v2\/posts\/5944","targetHints":{"allow":["GET"]}}],"collection":[{"href":"https:\/\/4Ballers.de\/index.php?rest_route=\/wp\/v2\/posts"}],"about":[{"href":"https:\/\/4Ballers.de\/index.php?rest_route=\/wp\/v2\/types\/post"}],"author":[{"embeddable":true,"href":"https:\/\/4Ballers.de\/index.php?rest_route=\/wp\/v2\/users\/2"}],"replies":[{"embeddable":true,"href":"https:\/\/4Ballers.de\/index.php?rest_route=%2Fwp%2Fv2%2Fcomments&post=5944"}],"version-history":[{"count":16,"href":"https:\/\/4Ballers.de\/index.php?rest_route=\/wp\/v2\/posts\/5944\/revisions"}],"predecessor-version":[{"id":8742,"href":"https:\/\/4Ballers.de\/index.php?rest_route=\/wp\/v2\/posts\/5944\/revisions\/8742"}],"wp:featuredmedia":[{"embeddable":true,"href":"https:\/\/4Ballers.de\/index.php?rest_route=\/wp\/v2\/media\/8340"}],"wp:attachment":[{"href":"https:\/\/4Ballers.de\/index.php?rest_route=%2Fwp%2Fv2%2Fmedia&parent=5944"}],"wp:term":[{"taxonomy":"category","embeddable":true,"href":"https:\/\/4Ballers.de\/index.php?rest_route=%2Fwp%2Fv2%2Fcategories&post=5944"},{"taxonomy":"post_tag","embeddable":true,"href":"https:\/\/4Ballers.de\/index.php?rest_route=%2Fwp%2Fv2%2Ftags&post=5944"}],"curies":[{"name":"wp","href":"https:\/\/api.w.org\/{rel}","templated":true}]}}