{"id":4663,"date":"2024-05-27T15:04:28","date_gmt":"2024-05-27T13:04:28","guid":{"rendered":"https:\/\/4Ballers.de\/?p=4663"},"modified":"2026-01-25T19:55:15","modified_gmt":"2026-01-25T18:55:15","slug":"die-graugaense-fliegen-nach-barcelona","status":"publish","type":"post","link":"https:\/\/4Ballers.de\/?p=4663","title":{"rendered":"Die Graug\u00e4nse fliegen nach Barcelona"},"content":{"rendered":"\n<p><strong>Lesezeit: 3 Minuten<\/strong><\/p>\n\n\n\n<p class=\"has-medium-font-size\">Dass Hansi Flick nun neuer Cheftrainer des FC Barcelona wird, gleicht einer faustdicken \u00dcberraschung, spiegelt aber auch sehr gut die fragw\u00fcrdigen Entscheidungen des einst so stolzen Vereins aus Katalonien in den letzten Jahren wieder. Ein Kommentar zum l\u00e4cherlichen Trainertheater im Camp Nou und dessen (sportliche) Folgen.<\/p>\n\n\n\n<p class=\"has-medium-font-size\"><strong>Wankelm\u00fctige Chefetage<\/strong><\/p>\n\n\n\n<p class=\"has-medium-font-size\">Nach monatelangen Querelen, inklusive \u00f6ffentlichem Flehen seitens Bar\u00e7as dubiosem Vereinspatriarch Joan Laporta, entschied sich Trainer Xavi Hern\u00e1ndez Anfang April entgegen seines Entschlusses vom Januar nun doch, beim FC Barcelona zu bleiben. Die Welt in Katalonien, sie schien wieder in Ordnung, k\u00e4mpften alle handelnden Personen im Verein doch stets f\u00fcr den Verbleib ihrer Vereinslegende.<\/p>\n\n\n\n<p class=\"has-medium-font-size\">Rund sechs Wochen sp\u00e4ter ist diese \u00dcberzeugung allerdings schon wieder pass\u00e9. Ausl\u00f6ser dieses radikalen Umdenkens waren Xavis \u00c4u\u00dferungen, von denen sich Barcelonas Pr\u00e4sident pers\u00f6nlich in der Ehre seines surreal errichteten Gedankenkonstrukts gekr\u00e4nkt f\u00fchlte. So beklagte sich der ehemalige Chefcoach in einer Presserunde \u00fcber die infrastrukturellen Bedingungen und bat die Fans in der Entwicklung des Vereins weiter um Geduld. Zu viel f\u00fcr Laporta, der nun die Rei\u00dfleine zog.<\/p>\n\n\n\n<p><strong><em>\u201eAusl\u00f6ser dieses radikalen Umdenkens waren Xavis \u00c4u\u00dferungen, von denen sich Barcelonas Pr\u00e4sident pers\u00f6nlich in der Ehre seines surreal errichteten Gedankenkonstrukts gekr\u00e4nkt f\u00fchlte.&#8220;<\/em><\/strong><\/p>\n\n\n\n<p class=\"has-medium-font-size\"><strong>Realit\u00e4tsverlust \u00e1 la Bar\u00e7a<\/strong><\/p>\n\n\n\n<p class=\"has-medium-font-size\">Festzustellen ist, mit der Realit\u00e4t und dem Gesp\u00fcr f\u00fcr die richtigen sportlichen Entscheidungen hatten sie es in Barcelona in den letzten paar Jahren ohnehin nicht so. Mit Sicherheit l\u00e4sst sich allerdings konstatieren, dass sich diese \u00f6ffentlich mehr als fragw\u00fcrdige Entscheidung nur in die Verfehlungen vergangener Spielzeiten einreiht. Sie wirkt wie ein perfektes Spin-Off der Bartomeu \u00c4ra, den Nachfolger Laporta bei Amtsantritt \u00f6ffentlich demaskierte und scheinheilig Besserung gelobte.<\/p>\n\n\n\n<p class=\"has-medium-font-size\">Die Blaugrana l\u00e4sst nun also ihren sportlich erfolgreichsten Cheftrainer der letzten Jahre ziehen. Eine Vereinslegende, die sich zu keinem Zeitpunkt zu schade daf\u00fcr war, seinen FC Barcelona wieder aufzubauen und dahin zur\u00fcckzuf\u00fchren, wo er f\u00fcr ihn hingeh\u00f6rt. Zugegeben, auch Xavi galt mit seinem \u00f6ffentlichen Auftreten als streitbare Pers\u00f6nlichkeit, wurde aber ironischerweise genau dann gefeuert, wenn er mal der ungefilterten Realit\u00e4t Ausdruck verlieh. Ob sein Nachfolger damit besser zurecht kommen wird? Wohl eher nicht.<\/p>\n\n\n\n<p><strong><em>\u201eOhnehin l\u00e4sst sich mit Sicherheit konstatieren, dass sich diese \u00f6ffentlich mehr als fragw\u00fcrdige Entscheidung nur in die Verfehlungen vergangener Spielzeiten einreiht.&#8220;<\/em><\/strong><\/p>\n\n\n\n<p class=\"has-medium-font-size\"><strong>Flick ist gewarnt<\/strong><\/p>\n\n\n\n<p class=\"has-medium-font-size\">Dieser \u201e<em>sucesor<\/em>&#8220; (dt. Nachfolger) ist Hansi Flick, von dem Pr\u00e4sident Laporta wohl glaubt, er k\u00f6nne Wunder vollbringen. Doch was hat der eigentlich zu bef\u00fcrchten, bezwingt der FCB in seinem ersten Spiel den Gegner mal nicht mit 8:2? Ob das der herrische Diktator \u00fcberhaupt auf dem Schirm hat, oder ob er gerade zu sehr damit besch\u00e4ftigt ist, potentiellen Neuzug\u00e4ngen vom stabilen Umfeld der Katalanen vorzugaukeln, ist dabei v\u00f6llig unklar.<\/p>\n\n\n\n<p class=\"has-medium-font-size\">Flick jedenfalls wird noch fr\u00fch genug sp\u00fcren, auf welches Umfeld er sich da eingelassen hat. Denn der FC Barcelona, er ist l\u00e4ngst nicht mehr das Aush\u00e4ngeschild Spaniens, geschweigedenn eine europ\u00e4ische Gro\u00dfmacht, mit der der Ex-DFB Trainer unter Beweis stellen kann, dass er auch ohne ein \u00fcberragendes Kollektiv ein guter Trainer ist.<\/p>\n\n\n\n<p><strong><em>\u201eOb das der herrische Diktator \u00fcberhaupt auf dem Schirm hat, oder ob er gerade zu sehr damit besch\u00e4ftigt ist, potentiellen Neuzug\u00e4ngen vom stabilen Umfeld der Katalanen vorzugaukeln, ist dabei v\u00f6llig unklar.&#8220;<\/em><\/strong><\/p>\n\n\n\n<p class=\"has-medium-font-size\">Wacht Laporta aus seinem Traum wieder auf, wird er erkennen, dass Flick und das Stilmittel der Graug\u00e4nse gar nicht so super sind, wie es der cholerische Klubpr\u00e4sident im Vorhinein angenommen hat. Nur weil ein Trainer in einem besonderen Jahr das Sextuple gewinnt, ist er f\u00fcr den wie eine schlechte Kopie wirkenden Abklatsch von Reals Florentino P\u00e9rez noch sicher kein Allheilmittel f\u00fcr die Probleme Bar\u00e7as, die ohnehin \u00f6ffentlich nicht benannt werden d\u00fcrfen.<\/p>\n\n\n\n<p class=\"has-medium-font-size\">Der Fu\u00dfball ist nun mal (k)ein PR-Gesch\u00e4ft, das von wankelm\u00fctig anmutenden Pers\u00f6nlichkeiten wie Laporta nach eigenen W\u00fcnschen gef\u00fchrt werden kann. Weder Hansi Flick kann dagegen etwas tun, noch sonst wer. Die Graug\u00e4nse, die die Chefetage der Blaugrana mit einer weiteren Doku vermutlich auch noch zu Geld machen w\u00fcrden, wenn es denn irgendwie ginge, sie laufen Gefahr, \u00fcber dem Spotify Camp Nou ganz schnell wieder den Sinkflug antreten zu m\u00fcssen.<\/p>\n\n\n\n<figure class=\"wp-block-embed is-type-rich is-provider-tiktok wp-block-embed-tiktok\"><div class=\"wp-block-embed__wrapper\">\nhttps:\/\/www.tiktok.com\/@4ballers.official\n<\/div><\/figure>\n","protected":false},"excerpt":{"rendered":"<p>Dass Hansi Flick nun neuer Cheftrainer des FC Barcelona wird, gleicht einer faustdicken \u00dcberraschung, spiegelt aber auch sehr gut die fragw\u00fcrdigen Entscheidungen des Vereins in den letzten Jahren wieder. Ein Kommentar zum l\u00e4cherlichen Trainertheater im Camp Nou und dessen (sportlichen) Folgen.<\/p>\n","protected":false},"author":2,"featured_media":8479,"comment_status":"open","ping_status":"open","sticky":false,"template":"","format":"standard","meta":{"footnotes":""},"categories":[7],"tags":[27,94,30,96,309,93,100],"class_list":["post-4663","post","type-post","status-publish","format-standard","has-post-thumbnail","hentry","category-international","tag-4ballers","tag-fc-barcelona","tag-flick","tag-la-liga","tag-laporta","tag-real-madrid","tag-xavi"],"yoast_head":"<!-- This site is optimized with the Yoast SEO plugin v27.5 - https:\/\/yoast.com\/product\/yoast-seo-wordpress\/ -->\n<title>Die Graug\u00e4nse fliegen nach Barcelona - 4Ballers - Euer Fu\u00dfballblog<\/title>\n<meta name=\"robots\" content=\"index, follow, max-snippet:-1, max-image-preview:large, max-video-preview:-1\" \/>\n<link rel=\"canonical\" href=\"https:\/\/4Ballers.de\/?p=4663\" \/>\n<meta property=\"og:locale\" content=\"de_DE\" \/>\n<meta property=\"og:type\" content=\"article\" \/>\n<meta property=\"og:title\" content=\"Die Graug\u00e4nse fliegen nach Barcelona - 4Ballers - Euer Fu\u00dfballblog\" \/>\n<meta property=\"og:description\" content=\"Dass Hansi Flick nun neuer Cheftrainer des FC Barcelona wird, gleicht einer faustdicken \u00dcberraschung, spiegelt aber auch sehr gut die fragw\u00fcrdigen Entscheidungen des Vereins in den letzten Jahren wieder. Ein Kommentar zum l\u00e4cherlichen Trainertheater im Camp Nou und dessen (sportlichen) Folgen.\" \/>\n<meta property=\"og:url\" content=\"https:\/\/4Ballers.de\/?p=4663\" \/>\n<meta property=\"og:site_name\" content=\"4Ballers - Euer Fu\u00dfballblog\" \/>\n<meta property=\"article:published_time\" content=\"2024-05-27T13:04:28+00:00\" \/>\n<meta property=\"article:modified_time\" content=\"2026-01-25T18:55:15+00:00\" \/>\n<meta property=\"og:image\" content=\"https:\/\/4Ballers.de\/wp-content\/uploads\/2023\/04\/cropped-cropped-cropped-cropped-cropped-cropped-cropped-cropped-cropped-customcolor_logo_customcolor_background-1-2-3-1-2.png\" \/>\n\t<meta property=\"og:image:width\" content=\"998\" \/>\n\t<meta property=\"og:image:height\" content=\"650\" \/>\n\t<meta property=\"og:image:type\" content=\"image\/png\" \/>\n<meta name=\"author\" content=\"Lukas Schmitt\" \/>\n<meta name=\"twitter:card\" content=\"summary_large_image\" \/>\n<meta name=\"twitter:creator\" content=\"@4Ballers_\" \/>\n<meta name=\"twitter:site\" content=\"@4Ballers_\" \/>\n<meta name=\"twitter:label1\" content=\"Verfasst von\" \/>\n\t<meta name=\"twitter:data1\" content=\"Lukas Schmitt\" \/>\n\t<meta name=\"twitter:label2\" content=\"Gesch\u00e4tzte Lesezeit\" \/>\n\t<meta name=\"twitter:data2\" content=\"4\u00a0Minuten\" \/>\n<script type=\"application\/ld+json\" class=\"yoast-schema-graph\">{\"@context\":\"https:\\\/\\\/schema.org\",\"@graph\":[{\"@type\":\"Article\",\"@id\":\"https:\\\/\\\/4Ballers.de\\\/?p=4663#article\",\"isPartOf\":{\"@id\":\"https:\\\/\\\/4Ballers.de\\\/?p=4663\"},\"author\":{\"name\":\"Lukas Schmitt\",\"@id\":\"https:\\\/\\\/4Ballers.de\\\/#\\\/schema\\\/person\\\/a23eeed8afa2f2e4c487131ce9456e5d\"},\"headline\":\"Die Graug\u00e4nse fliegen nach Barcelona\",\"datePublished\":\"2024-05-27T13:04:28+00:00\",\"dateModified\":\"2026-01-25T18:55:15+00:00\",\"mainEntityOfPage\":{\"@id\":\"https:\\\/\\\/4Ballers.de\\\/?p=4663\"},\"wordCount\":731,\"commentCount\":0,\"image\":{\"@id\":\"https:\\\/\\\/4Ballers.de\\\/?p=4663#primaryimage\"},\"thumbnailUrl\":\"https:\\\/\\\/4Ballers.de\\\/wp-content\\\/uploads\\\/2023\\\/04\\\/cropped-cropped-cropped-cropped-cropped-cropped-cropped-cropped-cropped-customcolor_logo_customcolor_background-1-2-3-1-2.png\",\"keywords\":[\"4Ballers\",\"FC Barcelona\",\"Flick\",\"La Liga\",\"Laporta\",\"Real Madrid\",\"Xavi\"],\"articleSection\":[\"International \ud83d\udcaf\"],\"inLanguage\":\"de\",\"potentialAction\":[{\"@type\":\"CommentAction\",\"name\":\"Comment\",\"target\":[\"https:\\\/\\\/4Ballers.de\\\/?p=4663#respond\"]}]},{\"@type\":\"WebPage\",\"@id\":\"https:\\\/\\\/4Ballers.de\\\/?p=4663\",\"url\":\"https:\\\/\\\/4Ballers.de\\\/?p=4663\",\"name\":\"Die Graug\u00e4nse fliegen nach Barcelona - 4Ballers - Euer Fu\u00dfballblog\",\"isPartOf\":{\"@id\":\"https:\\\/\\\/4Ballers.de\\\/#website\"},\"primaryImageOfPage\":{\"@id\":\"https:\\\/\\\/4Ballers.de\\\/?p=4663#primaryimage\"},\"image\":{\"@id\":\"https:\\\/\\\/4Ballers.de\\\/?p=4663#primaryimage\"},\"thumbnailUrl\":\"https:\\\/\\\/4Ballers.de\\\/wp-content\\\/uploads\\\/2023\\\/04\\\/cropped-cropped-cropped-cropped-cropped-cropped-cropped-cropped-cropped-customcolor_logo_customcolor_background-1-2-3-1-2.png\",\"datePublished\":\"2024-05-27T13:04:28+00:00\",\"dateModified\":\"2026-01-25T18:55:15+00:00\",\"author\":{\"@id\":\"https:\\\/\\\/4Ballers.de\\\/#\\\/schema\\\/person\\\/a23eeed8afa2f2e4c487131ce9456e5d\"},\"breadcrumb\":{\"@id\":\"https:\\\/\\\/4Ballers.de\\\/?p=4663#breadcrumb\"},\"inLanguage\":\"de\",\"potentialAction\":[{\"@type\":\"ReadAction\",\"target\":[\"https:\\\/\\\/4Ballers.de\\\/?p=4663\"]}]},{\"@type\":\"ImageObject\",\"inLanguage\":\"de\",\"@id\":\"https:\\\/\\\/4Ballers.de\\\/?p=4663#primaryimage\",\"url\":\"https:\\\/\\\/4Ballers.de\\\/wp-content\\\/uploads\\\/2023\\\/04\\\/cropped-cropped-cropped-cropped-cropped-cropped-cropped-cropped-cropped-customcolor_logo_customcolor_background-1-2-3-1-2.png\",\"contentUrl\":\"https:\\\/\\\/4Ballers.de\\\/wp-content\\\/uploads\\\/2023\\\/04\\\/cropped-cropped-cropped-cropped-cropped-cropped-cropped-cropped-cropped-customcolor_logo_customcolor_background-1-2-3-1-2.png\",\"width\":998,\"height\":650},{\"@type\":\"BreadcrumbList\",\"@id\":\"https:\\\/\\\/4Ballers.de\\\/?p=4663#breadcrumb\",\"itemListElement\":[{\"@type\":\"ListItem\",\"position\":1,\"name\":\"Startseite\",\"item\":\"https:\\\/\\\/4Ballers.de\\\/\"},{\"@type\":\"ListItem\",\"position\":2,\"name\":\"Die Graug\u00e4nse fliegen nach Barcelona\"}]},{\"@type\":\"WebSite\",\"@id\":\"https:\\\/\\\/4Ballers.de\\\/#website\",\"url\":\"https:\\\/\\\/4Ballers.de\\\/\",\"name\":\"4Ballers\",\"description\":\"\",\"potentialAction\":[{\"@type\":\"SearchAction\",\"target\":{\"@type\":\"EntryPoint\",\"urlTemplate\":\"https:\\\/\\\/4Ballers.de\\\/?s={search_term_string}\"},\"query-input\":{\"@type\":\"PropertyValueSpecification\",\"valueRequired\":true,\"valueName\":\"search_term_string\"}}],\"inLanguage\":\"de\"},{\"@type\":\"Person\",\"@id\":\"https:\\\/\\\/4Ballers.de\\\/#\\\/schema\\\/person\\\/a23eeed8afa2f2e4c487131ce9456e5d\",\"name\":\"Lukas Schmitt\",\"image\":{\"@type\":\"ImageObject\",\"inLanguage\":\"de\",\"@id\":\"https:\\\/\\\/secure.gravatar.com\\\/avatar\\\/ba60c656bea79c301c98542fa9aa2520ecde30acfd1a4d5ddf3342e3f794f942?s=96&d=blank&r=g\",\"url\":\"https:\\\/\\\/secure.gravatar.com\\\/avatar\\\/ba60c656bea79c301c98542fa9aa2520ecde30acfd1a4d5ddf3342e3f794f942?s=96&d=blank&r=g\",\"contentUrl\":\"https:\\\/\\\/secure.gravatar.com\\\/avatar\\\/ba60c656bea79c301c98542fa9aa2520ecde30acfd1a4d5ddf3342e3f794f942?s=96&d=blank&r=g\",\"caption\":\"Lukas Schmitt\"},\"sameAs\":[\"http:\\\/\\\/4Ballers\"],\"url\":\"https:\\\/\\\/4Ballers.de\\\/?author=2\"}]}<\/script>\n<!-- \/ Yoast SEO plugin. -->","yoast_head_json":{"title":"Die Graug\u00e4nse fliegen nach Barcelona - 4Ballers - Euer Fu\u00dfballblog","robots":{"index":"index","follow":"follow","max-snippet":"max-snippet:-1","max-image-preview":"max-image-preview:large","max-video-preview":"max-video-preview:-1"},"canonical":"https:\/\/4Ballers.de\/?p=4663","og_locale":"de_DE","og_type":"article","og_title":"Die Graug\u00e4nse fliegen nach Barcelona - 4Ballers - Euer Fu\u00dfballblog","og_description":"Dass Hansi Flick nun neuer Cheftrainer des FC Barcelona wird, gleicht einer faustdicken \u00dcberraschung, spiegelt aber auch sehr gut die fragw\u00fcrdigen Entscheidungen des Vereins in den letzten Jahren wieder. Ein Kommentar zum l\u00e4cherlichen Trainertheater im Camp Nou und dessen (sportlichen) Folgen.","og_url":"https:\/\/4Ballers.de\/?p=4663","og_site_name":"4Ballers - Euer Fu\u00dfballblog","article_published_time":"2024-05-27T13:04:28+00:00","article_modified_time":"2026-01-25T18:55:15+00:00","og_image":[{"width":998,"height":650,"url":"https:\/\/4Ballers.de\/wp-content\/uploads\/2023\/04\/cropped-cropped-cropped-cropped-cropped-cropped-cropped-cropped-cropped-customcolor_logo_customcolor_background-1-2-3-1-2.png","type":"image\/png"}],"author":"Lukas Schmitt","twitter_card":"summary_large_image","twitter_creator":"@4Ballers_","twitter_site":"@4Ballers_","twitter_misc":{"Verfasst von":"Lukas Schmitt","Gesch\u00e4tzte Lesezeit":"4\u00a0Minuten"},"schema":{"@context":"https:\/\/schema.org","@graph":[{"@type":"Article","@id":"https:\/\/4Ballers.de\/?p=4663#article","isPartOf":{"@id":"https:\/\/4Ballers.de\/?p=4663"},"author":{"name":"Lukas Schmitt","@id":"https:\/\/4Ballers.de\/#\/schema\/person\/a23eeed8afa2f2e4c487131ce9456e5d"},"headline":"Die Graug\u00e4nse fliegen nach Barcelona","datePublished":"2024-05-27T13:04:28+00:00","dateModified":"2026-01-25T18:55:15+00:00","mainEntityOfPage":{"@id":"https:\/\/4Ballers.de\/?p=4663"},"wordCount":731,"commentCount":0,"image":{"@id":"https:\/\/4Ballers.de\/?p=4663#primaryimage"},"thumbnailUrl":"https:\/\/4Ballers.de\/wp-content\/uploads\/2023\/04\/cropped-cropped-cropped-cropped-cropped-cropped-cropped-cropped-cropped-customcolor_logo_customcolor_background-1-2-3-1-2.png","keywords":["4Ballers","FC Barcelona","Flick","La Liga","Laporta","Real Madrid","Xavi"],"articleSection":["International \ud83d\udcaf"],"inLanguage":"de","potentialAction":[{"@type":"CommentAction","name":"Comment","target":["https:\/\/4Ballers.de\/?p=4663#respond"]}]},{"@type":"WebPage","@id":"https:\/\/4Ballers.de\/?p=4663","url":"https:\/\/4Ballers.de\/?p=4663","name":"Die Graug\u00e4nse fliegen nach Barcelona - 4Ballers - Euer Fu\u00dfballblog","isPartOf":{"@id":"https:\/\/4Ballers.de\/#website"},"primaryImageOfPage":{"@id":"https:\/\/4Ballers.de\/?p=4663#primaryimage"},"image":{"@id":"https:\/\/4Ballers.de\/?p=4663#primaryimage"},"thumbnailUrl":"https:\/\/4Ballers.de\/wp-content\/uploads\/2023\/04\/cropped-cropped-cropped-cropped-cropped-cropped-cropped-cropped-cropped-customcolor_logo_customcolor_background-1-2-3-1-2.png","datePublished":"2024-05-27T13:04:28+00:00","dateModified":"2026-01-25T18:55:15+00:00","author":{"@id":"https:\/\/4Ballers.de\/#\/schema\/person\/a23eeed8afa2f2e4c487131ce9456e5d"},"breadcrumb":{"@id":"https:\/\/4Ballers.de\/?p=4663#breadcrumb"},"inLanguage":"de","potentialAction":[{"@type":"ReadAction","target":["https:\/\/4Ballers.de\/?p=4663"]}]},{"@type":"ImageObject","inLanguage":"de","@id":"https:\/\/4Ballers.de\/?p=4663#primaryimage","url":"https:\/\/4Ballers.de\/wp-content\/uploads\/2023\/04\/cropped-cropped-cropped-cropped-cropped-cropped-cropped-cropped-cropped-customcolor_logo_customcolor_background-1-2-3-1-2.png","contentUrl":"https:\/\/4Ballers.de\/wp-content\/uploads\/2023\/04\/cropped-cropped-cropped-cropped-cropped-cropped-cropped-cropped-cropped-customcolor_logo_customcolor_background-1-2-3-1-2.png","width":998,"height":650},{"@type":"BreadcrumbList","@id":"https:\/\/4Ballers.de\/?p=4663#breadcrumb","itemListElement":[{"@type":"ListItem","position":1,"name":"Startseite","item":"https:\/\/4Ballers.de\/"},{"@type":"ListItem","position":2,"name":"Die Graug\u00e4nse fliegen nach Barcelona"}]},{"@type":"WebSite","@id":"https:\/\/4Ballers.de\/#website","url":"https:\/\/4Ballers.de\/","name":"4Ballers","description":"","potentialAction":[{"@type":"SearchAction","target":{"@type":"EntryPoint","urlTemplate":"https:\/\/4Ballers.de\/?s={search_term_string}"},"query-input":{"@type":"PropertyValueSpecification","valueRequired":true,"valueName":"search_term_string"}}],"inLanguage":"de"},{"@type":"Person","@id":"https:\/\/4Ballers.de\/#\/schema\/person\/a23eeed8afa2f2e4c487131ce9456e5d","name":"Lukas Schmitt","image":{"@type":"ImageObject","inLanguage":"de","@id":"https:\/\/secure.gravatar.com\/avatar\/ba60c656bea79c301c98542fa9aa2520ecde30acfd1a4d5ddf3342e3f794f942?s=96&d=blank&r=g","url":"https:\/\/secure.gravatar.com\/avatar\/ba60c656bea79c301c98542fa9aa2520ecde30acfd1a4d5ddf3342e3f794f942?s=96&d=blank&r=g","contentUrl":"https:\/\/secure.gravatar.com\/avatar\/ba60c656bea79c301c98542fa9aa2520ecde30acfd1a4d5ddf3342e3f794f942?s=96&d=blank&r=g","caption":"Lukas Schmitt"},"sameAs":["http:\/\/4Ballers"],"url":"https:\/\/4Ballers.de\/?author=2"}]}},"_links":{"self":[{"href":"https:\/\/4Ballers.de\/index.php?rest_route=\/wp\/v2\/posts\/4663","targetHints":{"allow":["GET"]}}],"collection":[{"href":"https:\/\/4Ballers.de\/index.php?rest_route=\/wp\/v2\/posts"}],"about":[{"href":"https:\/\/4Ballers.de\/index.php?rest_route=\/wp\/v2\/types\/post"}],"author":[{"embeddable":true,"href":"https:\/\/4Ballers.de\/index.php?rest_route=\/wp\/v2\/users\/2"}],"replies":[{"embeddable":true,"href":"https:\/\/4Ballers.de\/index.php?rest_route=%2Fwp%2Fv2%2Fcomments&post=4663"}],"version-history":[{"count":27,"href":"https:\/\/4Ballers.de\/index.php?rest_route=\/wp\/v2\/posts\/4663\/revisions"}],"predecessor-version":[{"id":8776,"href":"https:\/\/4Ballers.de\/index.php?rest_route=\/wp\/v2\/posts\/4663\/revisions\/8776"}],"wp:featuredmedia":[{"embeddable":true,"href":"https:\/\/4Ballers.de\/index.php?rest_route=\/wp\/v2\/media\/8479"}],"wp:attachment":[{"href":"https:\/\/4Ballers.de\/index.php?rest_route=%2Fwp%2Fv2%2Fmedia&parent=4663"}],"wp:term":[{"taxonomy":"category","embeddable":true,"href":"https:\/\/4Ballers.de\/index.php?rest_route=%2Fwp%2Fv2%2Fcategories&post=4663"},{"taxonomy":"post_tag","embeddable":true,"href":"https:\/\/4Ballers.de\/index.php?rest_route=%2Fwp%2Fv2%2Ftags&post=4663"}],"curies":[{"name":"wp","href":"https:\/\/api.w.org\/{rel}","templated":true}]}}