{"id":4526,"date":"2024-05-21T14:02:04","date_gmt":"2024-05-21T12:02:04","guid":{"rendered":"https:\/\/4Ballers.de\/?p=4526"},"modified":"2026-01-25T20:03:06","modified_gmt":"2026-01-25T19:03:06","slug":"zum-abschied-von-toni-kroos","status":"publish","type":"post","link":"https:\/\/4Ballers.de\/?p=4526","title":{"rendered":"Zum Abschied von Toni Kroos"},"content":{"rendered":"\n<p><strong>Lesezeit: 3 Minuten<\/strong><\/p>\n\n\n\n<p class=\"has-medium-font-size\">Was sich \u00fcber Monate hinweg andeutete, ist heute also tats\u00e4chlich zur (bitteren) Realit\u00e4t geworden: Weltmeister Toni Kroos beendet seine Karriere nach der Europameisterschaft im Sommer. Zum Abschied einer Legende und des m\u00f6glicherweise gr\u00f6\u00dften deutschen Fu\u00dfballers aller Zeiten.<\/p>\n\n\n\n<p class=\"has-medium-font-size\"><strong>Es sollte so kommen<\/strong><\/p>\n\n\n\n<p class=\"has-medium-font-size\">Nun ist er also tats\u00e4chlich gekommen, der Moment, den ein jeder Madridista und ein Jeder, der es mit der Liebe zum runden Leder h\u00e4lt, stets gef\u00fcrchtet hat: Toni Kroos beendet seine Karriere schon in diesem Sommer (<a href=\"https:\/\/open.spotify.com\/episode\/4rSKSqsyTwIGbd4axsQafx?si=0YxBx1DnRAauuMFX1ueOHg\">Zum Podcast<\/a>). Die Mitteilung: Ein Schock. Kommt sie paradoxerweise doch genauso unerwartet wie nachvollziehbar daher.<\/p>\n\n\n\n<p class=\"has-medium-font-size\">Die Entscheidung, sie passt zum 34-J\u00e4hrigen, seinem Wesen und seiner Natur als Sportler, auf dem H\u00f6hepunkt abtreten zu wollen. Mit dem Champions League Finale in Wembley gegen den BVB am 1. Juni sowie dem letzten gro\u00dfen Hurra, einer Heim-EM im eigenen Land, stehen der Real-Legende alle M\u00f6glichkeiten zum gro\u00dfen Abschied durch die Vordert\u00fcr sperrangelweit offen.<\/p>\n\n\n\n<p><strong><em>\u201eDie Entscheidung, sie passt zum 34-J\u00e4hrigen, seinem Wesen und seiner Natur als Sportler, auf dem H\u00f6hepunkt abtreten zu wollen.&#8220;<\/em><\/strong><\/p>\n\n\n\n<p class=\"has-medium-font-size\"><strong>Was bleibt?<\/strong><\/p>\n\n\n\n<p class=\"has-medium-font-size\">Schlussendlich fragen wir uns, was bleibt, wenn wir auf das Wirken des Toni Kroos und seine Karriere als Sportler zur\u00fcckschauen? In jedem Fall wird sein Einfluss auf den modernen Fu\u00dfball sein Dasein als Aktiver noch lange \u00fcberdauern. Das werden in naher Zukunft wohl auch seine Kritiker, die besonders im eigenen Land nie so recht verstummen wollten, ebenso neidlos anerkennen m\u00fcssen. <\/p>\n\n\n\n<p class=\"has-medium-font-size\">Kroos, der stets bescheidene Titelhamster und m\u00f6glicherweise gr\u00f6\u00dfte deutsche Fu\u00dfballer aller Zeiten, hinterl\u00e4sst vor allem bei Real Madrid ein schweres Erbe, dessen Gewicht auch seine legitimen Thronfolger um Fede Valverde, Eduardo Camavinga oder Jude Bellingham noch zu sp\u00fcren bekommen werden. So galt er f\u00fcr die j\u00fcngere Generation stets als Vorbild und Ansprechpartner, an dem sie sich orientieren und anlehnen konnten, wenn es mal nicht so l\u00e4uft.<\/p>\n\n\n\n<p><strong><em>\u201eIn jedem Fall wird sein Einfluss auf den modernen Fu\u00dfball sein Dasein als Aktiver noch lange \u00fcberdauern.&#8220;<\/em><\/strong><\/p>\n\n\n\n<p class=\"has-medium-font-size\">Abschiede sind nie leicht, davon k\u00f6nnen sp\u00e4testens am heutigen Tag auch Toni Kroos und die K\u00f6niglichen ein Liedchen singen. Zum Schluss dieser besonderen Karriere, die er bei Weltvereinen wie dem FC Bayern und Real Madrid verbrachte, zudem als Europameister im eigenen Land beenden k\u00f6nnte, bleibt die Bewunderung sowie eine gewisse Dankbarkeit.<\/p>\n\n\n\n<p class=\"has-medium-font-size\">Zwei Spiele verbleiben noch auf Clubebene, um sich Toni Kroos, der die Sch\u00f6nheit des Spiels stets auf seine eigene Art zelebrierte, noch einmal als das vor Augen zu f\u00fchren, was er ist: Ein Ausnahmetalent. Und uns dann bei der Euro in Deutschland auf optimalerweise sieben weitere Spiele zu freuen, bevor es f\u00fcr den geb\u00fcrtigen Greifswalder in den wohlverdienten Ruhestand geht. <\/p>\n","protected":false},"excerpt":{"rendered":"<p>Was sich \u00fcber Monate hinweg andeutete, ist heute also tats\u00e4chlich zur (bitteren) Realit\u00e4t geworden: Weltmeister Toni Kroos beendet seine Karriere nach der Europameisterschaft im Sommer. Zum Abschied einer Legende und des m\u00f6glicherweise gr\u00f6\u00dften deutschen Fu\u00dfballers aller Zeiten.<\/p>\n","protected":false},"author":2,"featured_media":8479,"comment_status":"open","ping_status":"open","sticky":false,"template":"","format":"standard","meta":{"footnotes":""},"categories":[7,345],"tags":[27,19,31,141,73,90,352,93],"class_list":["post-4526","post","type-post","status-publish","format-standard","has-post-thumbnail","hentry","category-international","category-nationalmannschaft","tag-4ballers","tag-bvb","tag-dfb","tag-fc-bayern","tag-kroos","tag-nagelsmann","tag-nationalmannschaft","tag-real-madrid"],"yoast_head":"<!-- This site is optimized with the Yoast SEO plugin v27.5 - https:\/\/yoast.com\/product\/yoast-seo-wordpress\/ -->\n<title>Zum Abschied von Toni Kroos - 4Ballers - Euer Fu\u00dfballblog<\/title>\n<meta name=\"robots\" content=\"index, follow, max-snippet:-1, max-image-preview:large, max-video-preview:-1\" \/>\n<link rel=\"canonical\" href=\"https:\/\/4Ballers.de\/?p=4526\" \/>\n<meta property=\"og:locale\" content=\"de_DE\" \/>\n<meta property=\"og:type\" content=\"article\" \/>\n<meta property=\"og:title\" content=\"Zum Abschied von Toni Kroos - 4Ballers - Euer Fu\u00dfballblog\" \/>\n<meta property=\"og:description\" content=\"Was sich \u00fcber Monate hinweg andeutete, ist heute also tats\u00e4chlich zur (bitteren) Realit\u00e4t geworden: Weltmeister Toni Kroos beendet seine Karriere nach der Europameisterschaft im Sommer. Zum Abschied einer Legende und des m\u00f6glicherweise gr\u00f6\u00dften deutschen Fu\u00dfballers aller Zeiten.\" \/>\n<meta property=\"og:url\" content=\"https:\/\/4Ballers.de\/?p=4526\" \/>\n<meta property=\"og:site_name\" content=\"4Ballers - Euer Fu\u00dfballblog\" \/>\n<meta property=\"article:published_time\" content=\"2024-05-21T12:02:04+00:00\" \/>\n<meta property=\"article:modified_time\" content=\"2026-01-25T19:03:06+00:00\" \/>\n<meta property=\"og:image\" content=\"https:\/\/4Ballers.de\/wp-content\/uploads\/2023\/04\/cropped-cropped-cropped-cropped-cropped-cropped-cropped-cropped-cropped-customcolor_logo_customcolor_background-1-2-3-1-2.png\" \/>\n\t<meta property=\"og:image:width\" content=\"998\" \/>\n\t<meta property=\"og:image:height\" content=\"650\" \/>\n\t<meta property=\"og:image:type\" content=\"image\/png\" \/>\n<meta name=\"author\" content=\"Lukas Schmitt\" \/>\n<meta name=\"twitter:card\" content=\"summary_large_image\" \/>\n<meta name=\"twitter:creator\" content=\"@4Ballers_\" \/>\n<meta name=\"twitter:site\" content=\"@4Ballers_\" \/>\n<meta name=\"twitter:label1\" content=\"Verfasst von\" \/>\n\t<meta name=\"twitter:data1\" content=\"Lukas Schmitt\" \/>\n\t<meta name=\"twitter:label2\" content=\"Gesch\u00e4tzte Lesezeit\" \/>\n\t<meta name=\"twitter:data2\" content=\"3\u00a0Minuten\" \/>\n<script type=\"application\/ld+json\" class=\"yoast-schema-graph\">{\"@context\":\"https:\\\/\\\/schema.org\",\"@graph\":[{\"@type\":\"Article\",\"@id\":\"https:\\\/\\\/4Ballers.de\\\/?p=4526#article\",\"isPartOf\":{\"@id\":\"https:\\\/\\\/4Ballers.de\\\/?p=4526\"},\"author\":{\"name\":\"Lukas Schmitt\",\"@id\":\"https:\\\/\\\/4Ballers.de\\\/#\\\/schema\\\/person\\\/a23eeed8afa2f2e4c487131ce9456e5d\"},\"headline\":\"Zum Abschied von Toni Kroos\",\"datePublished\":\"2024-05-21T12:02:04+00:00\",\"dateModified\":\"2026-01-25T19:03:06+00:00\",\"mainEntityOfPage\":{\"@id\":\"https:\\\/\\\/4Ballers.de\\\/?p=4526\"},\"wordCount\":464,\"commentCount\":0,\"image\":{\"@id\":\"https:\\\/\\\/4Ballers.de\\\/?p=4526#primaryimage\"},\"thumbnailUrl\":\"https:\\\/\\\/4Ballers.de\\\/wp-content\\\/uploads\\\/2023\\\/04\\\/cropped-cropped-cropped-cropped-cropped-cropped-cropped-cropped-cropped-customcolor_logo_customcolor_background-1-2-3-1-2.png\",\"keywords\":[\"4Ballers\",\"BVB\",\"DFB\",\"FC Bayern\",\"Kroos\",\"Nagelsmann\",\"Nationalmannschaft\",\"Real Madrid\"],\"articleSection\":[\"International \ud83d\udcaf\",\"Nationalmannschaft \ud83c\udde9\ud83c\uddea\"],\"inLanguage\":\"de\",\"potentialAction\":[{\"@type\":\"CommentAction\",\"name\":\"Comment\",\"target\":[\"https:\\\/\\\/4Ballers.de\\\/?p=4526#respond\"]}]},{\"@type\":\"WebPage\",\"@id\":\"https:\\\/\\\/4Ballers.de\\\/?p=4526\",\"url\":\"https:\\\/\\\/4Ballers.de\\\/?p=4526\",\"name\":\"Zum Abschied von Toni Kroos - 4Ballers - Euer Fu\u00dfballblog\",\"isPartOf\":{\"@id\":\"https:\\\/\\\/4Ballers.de\\\/#website\"},\"primaryImageOfPage\":{\"@id\":\"https:\\\/\\\/4Ballers.de\\\/?p=4526#primaryimage\"},\"image\":{\"@id\":\"https:\\\/\\\/4Ballers.de\\\/?p=4526#primaryimage\"},\"thumbnailUrl\":\"https:\\\/\\\/4Ballers.de\\\/wp-content\\\/uploads\\\/2023\\\/04\\\/cropped-cropped-cropped-cropped-cropped-cropped-cropped-cropped-cropped-customcolor_logo_customcolor_background-1-2-3-1-2.png\",\"datePublished\":\"2024-05-21T12:02:04+00:00\",\"dateModified\":\"2026-01-25T19:03:06+00:00\",\"author\":{\"@id\":\"https:\\\/\\\/4Ballers.de\\\/#\\\/schema\\\/person\\\/a23eeed8afa2f2e4c487131ce9456e5d\"},\"breadcrumb\":{\"@id\":\"https:\\\/\\\/4Ballers.de\\\/?p=4526#breadcrumb\"},\"inLanguage\":\"de\",\"potentialAction\":[{\"@type\":\"ReadAction\",\"target\":[\"https:\\\/\\\/4Ballers.de\\\/?p=4526\"]}]},{\"@type\":\"ImageObject\",\"inLanguage\":\"de\",\"@id\":\"https:\\\/\\\/4Ballers.de\\\/?p=4526#primaryimage\",\"url\":\"https:\\\/\\\/4Ballers.de\\\/wp-content\\\/uploads\\\/2023\\\/04\\\/cropped-cropped-cropped-cropped-cropped-cropped-cropped-cropped-cropped-customcolor_logo_customcolor_background-1-2-3-1-2.png\",\"contentUrl\":\"https:\\\/\\\/4Ballers.de\\\/wp-content\\\/uploads\\\/2023\\\/04\\\/cropped-cropped-cropped-cropped-cropped-cropped-cropped-cropped-cropped-customcolor_logo_customcolor_background-1-2-3-1-2.png\",\"width\":998,\"height\":650},{\"@type\":\"BreadcrumbList\",\"@id\":\"https:\\\/\\\/4Ballers.de\\\/?p=4526#breadcrumb\",\"itemListElement\":[{\"@type\":\"ListItem\",\"position\":1,\"name\":\"Startseite\",\"item\":\"https:\\\/\\\/4Ballers.de\\\/\"},{\"@type\":\"ListItem\",\"position\":2,\"name\":\"Zum Abschied von Toni Kroos\"}]},{\"@type\":\"WebSite\",\"@id\":\"https:\\\/\\\/4Ballers.de\\\/#website\",\"url\":\"https:\\\/\\\/4Ballers.de\\\/\",\"name\":\"4Ballers\",\"description\":\"\",\"potentialAction\":[{\"@type\":\"SearchAction\",\"target\":{\"@type\":\"EntryPoint\",\"urlTemplate\":\"https:\\\/\\\/4Ballers.de\\\/?s={search_term_string}\"},\"query-input\":{\"@type\":\"PropertyValueSpecification\",\"valueRequired\":true,\"valueName\":\"search_term_string\"}}],\"inLanguage\":\"de\"},{\"@type\":\"Person\",\"@id\":\"https:\\\/\\\/4Ballers.de\\\/#\\\/schema\\\/person\\\/a23eeed8afa2f2e4c487131ce9456e5d\",\"name\":\"Lukas Schmitt\",\"image\":{\"@type\":\"ImageObject\",\"inLanguage\":\"de\",\"@id\":\"https:\\\/\\\/secure.gravatar.com\\\/avatar\\\/ba60c656bea79c301c98542fa9aa2520ecde30acfd1a4d5ddf3342e3f794f942?s=96&d=blank&r=g\",\"url\":\"https:\\\/\\\/secure.gravatar.com\\\/avatar\\\/ba60c656bea79c301c98542fa9aa2520ecde30acfd1a4d5ddf3342e3f794f942?s=96&d=blank&r=g\",\"contentUrl\":\"https:\\\/\\\/secure.gravatar.com\\\/avatar\\\/ba60c656bea79c301c98542fa9aa2520ecde30acfd1a4d5ddf3342e3f794f942?s=96&d=blank&r=g\",\"caption\":\"Lukas Schmitt\"},\"sameAs\":[\"http:\\\/\\\/4Ballers\"],\"url\":\"https:\\\/\\\/4Ballers.de\\\/?author=2\"}]}<\/script>\n<!-- \/ Yoast SEO plugin. -->","yoast_head_json":{"title":"Zum Abschied von Toni Kroos - 4Ballers - Euer Fu\u00dfballblog","robots":{"index":"index","follow":"follow","max-snippet":"max-snippet:-1","max-image-preview":"max-image-preview:large","max-video-preview":"max-video-preview:-1"},"canonical":"https:\/\/4Ballers.de\/?p=4526","og_locale":"de_DE","og_type":"article","og_title":"Zum Abschied von Toni Kroos - 4Ballers - Euer Fu\u00dfballblog","og_description":"Was sich \u00fcber Monate hinweg andeutete, ist heute also tats\u00e4chlich zur (bitteren) Realit\u00e4t geworden: Weltmeister Toni Kroos beendet seine Karriere nach der Europameisterschaft im Sommer. Zum Abschied einer Legende und des m\u00f6glicherweise gr\u00f6\u00dften deutschen Fu\u00dfballers aller Zeiten.","og_url":"https:\/\/4Ballers.de\/?p=4526","og_site_name":"4Ballers - Euer Fu\u00dfballblog","article_published_time":"2024-05-21T12:02:04+00:00","article_modified_time":"2026-01-25T19:03:06+00:00","og_image":[{"width":998,"height":650,"url":"https:\/\/4Ballers.de\/wp-content\/uploads\/2023\/04\/cropped-cropped-cropped-cropped-cropped-cropped-cropped-cropped-cropped-customcolor_logo_customcolor_background-1-2-3-1-2.png","type":"image\/png"}],"author":"Lukas Schmitt","twitter_card":"summary_large_image","twitter_creator":"@4Ballers_","twitter_site":"@4Ballers_","twitter_misc":{"Verfasst von":"Lukas Schmitt","Gesch\u00e4tzte Lesezeit":"3\u00a0Minuten"},"schema":{"@context":"https:\/\/schema.org","@graph":[{"@type":"Article","@id":"https:\/\/4Ballers.de\/?p=4526#article","isPartOf":{"@id":"https:\/\/4Ballers.de\/?p=4526"},"author":{"name":"Lukas Schmitt","@id":"https:\/\/4Ballers.de\/#\/schema\/person\/a23eeed8afa2f2e4c487131ce9456e5d"},"headline":"Zum Abschied von Toni Kroos","datePublished":"2024-05-21T12:02:04+00:00","dateModified":"2026-01-25T19:03:06+00:00","mainEntityOfPage":{"@id":"https:\/\/4Ballers.de\/?p=4526"},"wordCount":464,"commentCount":0,"image":{"@id":"https:\/\/4Ballers.de\/?p=4526#primaryimage"},"thumbnailUrl":"https:\/\/4Ballers.de\/wp-content\/uploads\/2023\/04\/cropped-cropped-cropped-cropped-cropped-cropped-cropped-cropped-cropped-customcolor_logo_customcolor_background-1-2-3-1-2.png","keywords":["4Ballers","BVB","DFB","FC Bayern","Kroos","Nagelsmann","Nationalmannschaft","Real Madrid"],"articleSection":["International \ud83d\udcaf","Nationalmannschaft \ud83c\udde9\ud83c\uddea"],"inLanguage":"de","potentialAction":[{"@type":"CommentAction","name":"Comment","target":["https:\/\/4Ballers.de\/?p=4526#respond"]}]},{"@type":"WebPage","@id":"https:\/\/4Ballers.de\/?p=4526","url":"https:\/\/4Ballers.de\/?p=4526","name":"Zum Abschied von Toni Kroos - 4Ballers - Euer Fu\u00dfballblog","isPartOf":{"@id":"https:\/\/4Ballers.de\/#website"},"primaryImageOfPage":{"@id":"https:\/\/4Ballers.de\/?p=4526#primaryimage"},"image":{"@id":"https:\/\/4Ballers.de\/?p=4526#primaryimage"},"thumbnailUrl":"https:\/\/4Ballers.de\/wp-content\/uploads\/2023\/04\/cropped-cropped-cropped-cropped-cropped-cropped-cropped-cropped-cropped-customcolor_logo_customcolor_background-1-2-3-1-2.png","datePublished":"2024-05-21T12:02:04+00:00","dateModified":"2026-01-25T19:03:06+00:00","author":{"@id":"https:\/\/4Ballers.de\/#\/schema\/person\/a23eeed8afa2f2e4c487131ce9456e5d"},"breadcrumb":{"@id":"https:\/\/4Ballers.de\/?p=4526#breadcrumb"},"inLanguage":"de","potentialAction":[{"@type":"ReadAction","target":["https:\/\/4Ballers.de\/?p=4526"]}]},{"@type":"ImageObject","inLanguage":"de","@id":"https:\/\/4Ballers.de\/?p=4526#primaryimage","url":"https:\/\/4Ballers.de\/wp-content\/uploads\/2023\/04\/cropped-cropped-cropped-cropped-cropped-cropped-cropped-cropped-cropped-customcolor_logo_customcolor_background-1-2-3-1-2.png","contentUrl":"https:\/\/4Ballers.de\/wp-content\/uploads\/2023\/04\/cropped-cropped-cropped-cropped-cropped-cropped-cropped-cropped-cropped-customcolor_logo_customcolor_background-1-2-3-1-2.png","width":998,"height":650},{"@type":"BreadcrumbList","@id":"https:\/\/4Ballers.de\/?p=4526#breadcrumb","itemListElement":[{"@type":"ListItem","position":1,"name":"Startseite","item":"https:\/\/4Ballers.de\/"},{"@type":"ListItem","position":2,"name":"Zum Abschied von Toni Kroos"}]},{"@type":"WebSite","@id":"https:\/\/4Ballers.de\/#website","url":"https:\/\/4Ballers.de\/","name":"4Ballers","description":"","potentialAction":[{"@type":"SearchAction","target":{"@type":"EntryPoint","urlTemplate":"https:\/\/4Ballers.de\/?s={search_term_string}"},"query-input":{"@type":"PropertyValueSpecification","valueRequired":true,"valueName":"search_term_string"}}],"inLanguage":"de"},{"@type":"Person","@id":"https:\/\/4Ballers.de\/#\/schema\/person\/a23eeed8afa2f2e4c487131ce9456e5d","name":"Lukas Schmitt","image":{"@type":"ImageObject","inLanguage":"de","@id":"https:\/\/secure.gravatar.com\/avatar\/ba60c656bea79c301c98542fa9aa2520ecde30acfd1a4d5ddf3342e3f794f942?s=96&d=blank&r=g","url":"https:\/\/secure.gravatar.com\/avatar\/ba60c656bea79c301c98542fa9aa2520ecde30acfd1a4d5ddf3342e3f794f942?s=96&d=blank&r=g","contentUrl":"https:\/\/secure.gravatar.com\/avatar\/ba60c656bea79c301c98542fa9aa2520ecde30acfd1a4d5ddf3342e3f794f942?s=96&d=blank&r=g","caption":"Lukas Schmitt"},"sameAs":["http:\/\/4Ballers"],"url":"https:\/\/4Ballers.de\/?author=2"}]}},"_links":{"self":[{"href":"https:\/\/4Ballers.de\/index.php?rest_route=\/wp\/v2\/posts\/4526","targetHints":{"allow":["GET"]}}],"collection":[{"href":"https:\/\/4Ballers.de\/index.php?rest_route=\/wp\/v2\/posts"}],"about":[{"href":"https:\/\/4Ballers.de\/index.php?rest_route=\/wp\/v2\/types\/post"}],"author":[{"embeddable":true,"href":"https:\/\/4Ballers.de\/index.php?rest_route=\/wp\/v2\/users\/2"}],"replies":[{"embeddable":true,"href":"https:\/\/4Ballers.de\/index.php?rest_route=%2Fwp%2Fv2%2Fcomments&post=4526"}],"version-history":[{"count":19,"href":"https:\/\/4Ballers.de\/index.php?rest_route=\/wp\/v2\/posts\/4526\/revisions"}],"predecessor-version":[{"id":8778,"href":"https:\/\/4Ballers.de\/index.php?rest_route=\/wp\/v2\/posts\/4526\/revisions\/8778"}],"wp:featuredmedia":[{"embeddable":true,"href":"https:\/\/4Ballers.de\/index.php?rest_route=\/wp\/v2\/media\/8479"}],"wp:attachment":[{"href":"https:\/\/4Ballers.de\/index.php?rest_route=%2Fwp%2Fv2%2Fmedia&parent=4526"}],"wp:term":[{"taxonomy":"category","embeddable":true,"href":"https:\/\/4Ballers.de\/index.php?rest_route=%2Fwp%2Fv2%2Fcategories&post=4526"},{"taxonomy":"post_tag","embeddable":true,"href":"https:\/\/4Ballers.de\/index.php?rest_route=%2Fwp%2Fv2%2Ftags&post=4526"}],"curies":[{"name":"wp","href":"https:\/\/api.w.org\/{rel}","templated":true}]}}