{"id":3393,"date":"2023-09-27T17:27:29","date_gmt":"2023-09-27T15:27:29","guid":{"rendered":"https:\/\/4Ballers.de\/?p=3393"},"modified":"2023-10-02T13:23:32","modified_gmt":"2023-10-02T11:23:32","slug":"krise-04","status":"publish","type":"post","link":"https:\/\/4Ballers.de\/?p=3393","title":{"rendered":"Krise 04"},"content":{"rendered":"\n<p class=\"has-medium-font-size\"><strong>Lesezeit: 3 Minuten<\/strong><\/p>\n\n\n\n<p class=\"has-medium-font-size\">Schalke hat sich also von Thomas Reis getrennt. Ein nachvollziehbarer Schritt, der dennoch besonders nach der Entwicklung in den letzten Wochen einige Fragen aufwirft. Wie der einstige Hoffnungstr\u00e4ger binnen weniger Monate vom Held zum Buhmann wurde, wer als Ersatz in Frage kommt und wie die k\u00f6nigsblaue Zukunft nun aussehen k\u00f6nnte, erfahrt ihr in nachfolgender Kurzanalyse.<\/p>\n\n\n\n<p class=\"has-medium-font-size\"><strong>Zartes Pfl\u00e4nzchen der Hoffnung<\/strong><\/p>\n\n\n\n<p class=\"has-medium-font-size\">Der 27. Mai war f\u00fcr alle Schalker Fans ein Tag der Trauer. So wurde an diesem Samstag im Fr\u00fchsommer 2023 der zweite Bundesligaabstieg des Vereins binnen zwei Jahren offiziell besiegelt. Dennoch feierte man zugleich eine Mannschaft, die bis zum Schluss aufopferungsvoll um den Klassenerhalt k\u00e4mpfte. Verbunden mit dem Umschwung und dem Glauben in der Mannschaft, gegen jegliche Widerst\u00e4nde ank\u00e4mpfen zu k\u00f6nnen, war vor allem ein Name: Thomas Reis. Im Oktober 2022 \u00fcbernommen, transformierte er das Team aus Gelsenkirchen binnen kurzer Zeit zum wettbewerbsf\u00e4higen Abstiegskonkurrenten, der dennoch aufgrund bekannter Hypotheken wie der schlechten Personalplanung sowie der miserablen finanziellen Situation rund um K\u00f6nigsblau den Abstieg aus dem Oberhaus nicht mehr verhindern konnte. Trotzdem entfachte Reis eine Euphorie, die mit in die zweite Liga getragen und m\u00f6glichst im sofortigen Wiederaufstieg m\u00fcnden sollte. Eben genau da, wo der Verein dem eigenen Selbstverst\u00e4ndnis nach hingeh\u00f6rt: Nach oben.<\/p>\n\n\n\n<p class=\"has-medium-font-size\"><strong>Euphorie wird zu Frust<\/strong><\/p>\n\n\n\n<p class=\"has-medium-font-size\">Rund vier Monate sp\u00e4ter ist von besagter Euphorie im Umfeld des Vereins nichts mehr \u00fcbrig. Thomas Reis wurde am heutigen Mittwoch mit sofortiger Wirkung entlassen. Zum Verh\u00e4ngnis wurde dem 49-J\u00e4hrigen vor allem sein belastetes Verh\u00e4ltnis zur Mannschaft, die bis auf wenige Au\u00dfnahmen (Schallenberg, Polter) schon fr\u00fch in der Saison mit dem Spielsystem sowie den Vorgaben des Coaches fremdelte. Wei\u00dft du den Kern der Mannschaft aufgrund <a href=\"https:\/\/www.kicker.de\/zu-wenig-fuersprecher-fuer-reis-zu-wenig-profil-in-der-schalker-fuehrung-970696\/artikel\">verschiedener \u00dcberzeugungen nicht mehr hinter Dir<\/a>, bleiben auch die negativen Resultate nicht aus: Schalke steht nach sieben absolvierten Spieltagen mit genauso wenigen Punkten auf Platz 16. Eine alarmierende Situation, die dass Fass auch rein sportlich schnell zum \u00dcberlaufen brachte. Ein Trainer, dem ebensowenig in Interviews durch Spielerkreise der R\u00fccken gest\u00e4rkt wurde, muss nun also weichen und Platz machen f\u00fcr eine Zukunft, die rund um den einstigen Champions League Aspiranten wieder einmal komplett ungewiss erscheint.<\/p>\n\n\n\n<p class=\"has-medium-font-size\"><strong>Wohin gehts?<\/strong><\/p>\n\n\n\n<p class=\"has-medium-font-size\">Schalke befindet sich nach nicht einmal 12 Monaten der \u00c4ra Reis, die als langfristiges Engagement angedacht war, nun also schon wieder auf der Suche nach einem Nachfolger. Doch wer tut sich diesen Verein in dieser Situation aktuell freiwillig an? Namen kursieren wenige Stunden nach dem gro\u00dfen Knall bereits viele: Robert Klau\u00df, Bruno Labbadia oder vielleicht ja sogar Felix Magath? Egal wer es letztendlich macht, ob jung und innovativ oder der erfahrene Feuerwehrmann, eins sollte jedem Kandidaten, der rund um die Veltins Arena gehandelt wird, klar sein: Die Mission Schalke 04 gleicht vor allem in der aktuellen Situation einem Himmelfahrtskommando, bei dem es vor allem darum geht, die Mannschaft wieder geeint hinter sich zu versammeln und die dringend ben\u00f6tigte Stabilit\u00e4t zur\u00fcckzubringen. Auch Sportdirektor Andr\u00e9 Hechelmann sowie Sportvorstand Peter Kn\u00e4bel, der ma\u00dfgeblich f\u00fcr die Trainersuche verantwortlich zeichnet, d\u00fcrften im Vereinsumfeld mindestens in Frage gestellt werden. Schalke ist wieder mal auf der Suche nach der eigenen Identit\u00e4t.<\/p>\n","protected":false},"excerpt":{"rendered":"<p>Der 27. Mai war f\u00fcr alle Schalker Fans ein Tag der Trauer. So wurde an diesem Samstag im Fr\u00fchsommer 2023 der zweite Bundesligaabstieg des Vereins binnen zwei Jahren offiziell besiegelt. Dennoch feierte man zugleich eine Mannschaft, die bis zum Schluss aufopferungsvoll um den Klassenerhalt k\u00e4mpfte. Verbunden mit dem Umschwung und dem Glauben in der Mannschaft, gegen jegliche Widerst\u00e4nde ank\u00e4mpfen zu k\u00f6nnen, war vor allem ein Name: Thomas Reis.<\/p>\n","protected":false},"author":2,"featured_media":2348,"comment_status":"open","ping_status":"open","sticky":false,"template":"","format":"standard","meta":{"footnotes":""},"categories":[1],"tags":[365,27,364,223,363],"class_list":["post-3393","post","type-post","status-publish","format-standard","has-post-thumbnail","hentry","category-4ballers","tag-2-liga","tag-4ballers","tag-peter-knaebel","tag-schalke-04","tag-thomas-reis"],"yoast_head":"<!-- This site is optimized with the Yoast SEO plugin v27.5 - https:\/\/yoast.com\/product\/yoast-seo-wordpress\/ -->\n<title>Krise 04 - 4Ballers - Euer Fu\u00dfballblog<\/title>\n<meta name=\"robots\" content=\"index, follow, max-snippet:-1, max-image-preview:large, max-video-preview:-1\" \/>\n<link rel=\"canonical\" href=\"https:\/\/4Ballers.de\/?p=3393\" \/>\n<meta property=\"og:locale\" content=\"de_DE\" \/>\n<meta property=\"og:type\" content=\"article\" \/>\n<meta property=\"og:title\" content=\"Krise 04 - 4Ballers - Euer Fu\u00dfballblog\" \/>\n<meta property=\"og:description\" content=\"Der 27. Mai war f\u00fcr alle Schalker Fans ein Tag der Trauer. So wurde an diesem Samstag im Fr\u00fchsommer 2023 der zweite Bundesligaabstieg des Vereins binnen zwei Jahren offiziell besiegelt. Dennoch feierte man zugleich eine Mannschaft, die bis zum Schluss aufopferungsvoll um den Klassenerhalt k\u00e4mpfte. Verbunden mit dem Umschwung und dem Glauben in der Mannschaft, gegen jegliche Widerst\u00e4nde ank\u00e4mpfen zu k\u00f6nnen, war vor allem ein Name: Thomas Reis.\" \/>\n<meta property=\"og:url\" content=\"https:\/\/4Ballers.de\/?p=3393\" \/>\n<meta property=\"og:site_name\" content=\"4Ballers - Euer Fu\u00dfballblog\" \/>\n<meta property=\"article:published_time\" content=\"2023-09-27T15:27:29+00:00\" \/>\n<meta property=\"article:modified_time\" content=\"2023-10-02T11:23:32+00:00\" \/>\n<meta property=\"og:image\" content=\"https:\/\/4Ballers.de\/wp-content\/uploads\/2023\/05\/IMG_6186-scaled.jpg\" \/>\n\t<meta property=\"og:image:width\" content=\"2560\" \/>\n\t<meta property=\"og:image:height\" content=\"1920\" \/>\n\t<meta property=\"og:image:type\" content=\"image\/jpeg\" \/>\n<meta name=\"author\" content=\"Lukas Schmitt\" \/>\n<meta name=\"twitter:card\" content=\"summary_large_image\" \/>\n<meta name=\"twitter:creator\" content=\"@4Ballers_\" \/>\n<meta name=\"twitter:site\" content=\"@4Ballers_\" \/>\n<meta name=\"twitter:label1\" content=\"Verfasst von\" \/>\n\t<meta name=\"twitter:data1\" content=\"Lukas Schmitt\" \/>\n\t<meta name=\"twitter:label2\" content=\"Gesch\u00e4tzte Lesezeit\" \/>\n\t<meta name=\"twitter:data2\" content=\"3\u00a0Minuten\" \/>\n<script type=\"application\/ld+json\" class=\"yoast-schema-graph\">{\"@context\":\"https:\\\/\\\/schema.org\",\"@graph\":[{\"@type\":\"Article\",\"@id\":\"https:\\\/\\\/4Ballers.de\\\/?p=3393#article\",\"isPartOf\":{\"@id\":\"https:\\\/\\\/4Ballers.de\\\/?p=3393\"},\"author\":{\"name\":\"Lukas Schmitt\",\"@id\":\"https:\\\/\\\/4Ballers.de\\\/#\\\/schema\\\/person\\\/a23eeed8afa2f2e4c487131ce9456e5d\"},\"headline\":\"Krise 04\",\"datePublished\":\"2023-09-27T15:27:29+00:00\",\"dateModified\":\"2023-10-02T11:23:32+00:00\",\"mainEntityOfPage\":{\"@id\":\"https:\\\/\\\/4Ballers.de\\\/?p=3393\"},\"wordCount\":532,\"commentCount\":0,\"image\":{\"@id\":\"https:\\\/\\\/4Ballers.de\\\/?p=3393#primaryimage\"},\"thumbnailUrl\":\"https:\\\/\\\/4Ballers.de\\\/wp-content\\\/uploads\\\/2023\\\/05\\\/IMG_6186-scaled.jpg\",\"keywords\":[\"2. Liga\",\"4Ballers\",\"Peter Kn\u00e4bel\",\"Schalke 04\",\"Thomas Reis\"],\"articleSection\":[\"4Ballers\"],\"inLanguage\":\"de\",\"potentialAction\":[{\"@type\":\"CommentAction\",\"name\":\"Comment\",\"target\":[\"https:\\\/\\\/4Ballers.de\\\/?p=3393#respond\"]}]},{\"@type\":\"WebPage\",\"@id\":\"https:\\\/\\\/4Ballers.de\\\/?p=3393\",\"url\":\"https:\\\/\\\/4Ballers.de\\\/?p=3393\",\"name\":\"Krise 04 - 4Ballers - Euer Fu\u00dfballblog\",\"isPartOf\":{\"@id\":\"https:\\\/\\\/4Ballers.de\\\/#website\"},\"primaryImageOfPage\":{\"@id\":\"https:\\\/\\\/4Ballers.de\\\/?p=3393#primaryimage\"},\"image\":{\"@id\":\"https:\\\/\\\/4Ballers.de\\\/?p=3393#primaryimage\"},\"thumbnailUrl\":\"https:\\\/\\\/4Ballers.de\\\/wp-content\\\/uploads\\\/2023\\\/05\\\/IMG_6186-scaled.jpg\",\"datePublished\":\"2023-09-27T15:27:29+00:00\",\"dateModified\":\"2023-10-02T11:23:32+00:00\",\"author\":{\"@id\":\"https:\\\/\\\/4Ballers.de\\\/#\\\/schema\\\/person\\\/a23eeed8afa2f2e4c487131ce9456e5d\"},\"breadcrumb\":{\"@id\":\"https:\\\/\\\/4Ballers.de\\\/?p=3393#breadcrumb\"},\"inLanguage\":\"de\",\"potentialAction\":[{\"@type\":\"ReadAction\",\"target\":[\"https:\\\/\\\/4Ballers.de\\\/?p=3393\"]}]},{\"@type\":\"ImageObject\",\"inLanguage\":\"de\",\"@id\":\"https:\\\/\\\/4Ballers.de\\\/?p=3393#primaryimage\",\"url\":\"https:\\\/\\\/4Ballers.de\\\/wp-content\\\/uploads\\\/2023\\\/05\\\/IMG_6186-scaled.jpg\",\"contentUrl\":\"https:\\\/\\\/4Ballers.de\\\/wp-content\\\/uploads\\\/2023\\\/05\\\/IMG_6186-scaled.jpg\",\"width\":2560,\"height\":1920},{\"@type\":\"BreadcrumbList\",\"@id\":\"https:\\\/\\\/4Ballers.de\\\/?p=3393#breadcrumb\",\"itemListElement\":[{\"@type\":\"ListItem\",\"position\":1,\"name\":\"Startseite\",\"item\":\"https:\\\/\\\/4Ballers.de\\\/\"},{\"@type\":\"ListItem\",\"position\":2,\"name\":\"Krise 04\"}]},{\"@type\":\"WebSite\",\"@id\":\"https:\\\/\\\/4Ballers.de\\\/#website\",\"url\":\"https:\\\/\\\/4Ballers.de\\\/\",\"name\":\"4Ballers\",\"description\":\"\",\"potentialAction\":[{\"@type\":\"SearchAction\",\"target\":{\"@type\":\"EntryPoint\",\"urlTemplate\":\"https:\\\/\\\/4Ballers.de\\\/?s={search_term_string}\"},\"query-input\":{\"@type\":\"PropertyValueSpecification\",\"valueRequired\":true,\"valueName\":\"search_term_string\"}}],\"inLanguage\":\"de\"},{\"@type\":\"Person\",\"@id\":\"https:\\\/\\\/4Ballers.de\\\/#\\\/schema\\\/person\\\/a23eeed8afa2f2e4c487131ce9456e5d\",\"name\":\"Lukas Schmitt\",\"image\":{\"@type\":\"ImageObject\",\"inLanguage\":\"de\",\"@id\":\"https:\\\/\\\/secure.gravatar.com\\\/avatar\\\/ba60c656bea79c301c98542fa9aa2520ecde30acfd1a4d5ddf3342e3f794f942?s=96&d=blank&r=g\",\"url\":\"https:\\\/\\\/secure.gravatar.com\\\/avatar\\\/ba60c656bea79c301c98542fa9aa2520ecde30acfd1a4d5ddf3342e3f794f942?s=96&d=blank&r=g\",\"contentUrl\":\"https:\\\/\\\/secure.gravatar.com\\\/avatar\\\/ba60c656bea79c301c98542fa9aa2520ecde30acfd1a4d5ddf3342e3f794f942?s=96&d=blank&r=g\",\"caption\":\"Lukas Schmitt\"},\"sameAs\":[\"http:\\\/\\\/4Ballers\"],\"url\":\"https:\\\/\\\/4Ballers.de\\\/?author=2\"}]}<\/script>\n<!-- \/ Yoast SEO plugin. -->","yoast_head_json":{"title":"Krise 04 - 4Ballers - Euer Fu\u00dfballblog","robots":{"index":"index","follow":"follow","max-snippet":"max-snippet:-1","max-image-preview":"max-image-preview:large","max-video-preview":"max-video-preview:-1"},"canonical":"https:\/\/4Ballers.de\/?p=3393","og_locale":"de_DE","og_type":"article","og_title":"Krise 04 - 4Ballers - Euer Fu\u00dfballblog","og_description":"Der 27. Mai war f\u00fcr alle Schalker Fans ein Tag der Trauer. So wurde an diesem Samstag im Fr\u00fchsommer 2023 der zweite Bundesligaabstieg des Vereins binnen zwei Jahren offiziell besiegelt. Dennoch feierte man zugleich eine Mannschaft, die bis zum Schluss aufopferungsvoll um den Klassenerhalt k\u00e4mpfte. Verbunden mit dem Umschwung und dem Glauben in der Mannschaft, gegen jegliche Widerst\u00e4nde ank\u00e4mpfen zu k\u00f6nnen, war vor allem ein Name: Thomas Reis.","og_url":"https:\/\/4Ballers.de\/?p=3393","og_site_name":"4Ballers - Euer Fu\u00dfballblog","article_published_time":"2023-09-27T15:27:29+00:00","article_modified_time":"2023-10-02T11:23:32+00:00","og_image":[{"width":2560,"height":1920,"url":"https:\/\/4Ballers.de\/wp-content\/uploads\/2023\/05\/IMG_6186-scaled.jpg","type":"image\/jpeg"}],"author":"Lukas Schmitt","twitter_card":"summary_large_image","twitter_creator":"@4Ballers_","twitter_site":"@4Ballers_","twitter_misc":{"Verfasst von":"Lukas Schmitt","Gesch\u00e4tzte Lesezeit":"3\u00a0Minuten"},"schema":{"@context":"https:\/\/schema.org","@graph":[{"@type":"Article","@id":"https:\/\/4Ballers.de\/?p=3393#article","isPartOf":{"@id":"https:\/\/4Ballers.de\/?p=3393"},"author":{"name":"Lukas Schmitt","@id":"https:\/\/4Ballers.de\/#\/schema\/person\/a23eeed8afa2f2e4c487131ce9456e5d"},"headline":"Krise 04","datePublished":"2023-09-27T15:27:29+00:00","dateModified":"2023-10-02T11:23:32+00:00","mainEntityOfPage":{"@id":"https:\/\/4Ballers.de\/?p=3393"},"wordCount":532,"commentCount":0,"image":{"@id":"https:\/\/4Ballers.de\/?p=3393#primaryimage"},"thumbnailUrl":"https:\/\/4Ballers.de\/wp-content\/uploads\/2023\/05\/IMG_6186-scaled.jpg","keywords":["2. Liga","4Ballers","Peter Kn\u00e4bel","Schalke 04","Thomas Reis"],"articleSection":["4Ballers"],"inLanguage":"de","potentialAction":[{"@type":"CommentAction","name":"Comment","target":["https:\/\/4Ballers.de\/?p=3393#respond"]}]},{"@type":"WebPage","@id":"https:\/\/4Ballers.de\/?p=3393","url":"https:\/\/4Ballers.de\/?p=3393","name":"Krise 04 - 4Ballers - Euer Fu\u00dfballblog","isPartOf":{"@id":"https:\/\/4Ballers.de\/#website"},"primaryImageOfPage":{"@id":"https:\/\/4Ballers.de\/?p=3393#primaryimage"},"image":{"@id":"https:\/\/4Ballers.de\/?p=3393#primaryimage"},"thumbnailUrl":"https:\/\/4Ballers.de\/wp-content\/uploads\/2023\/05\/IMG_6186-scaled.jpg","datePublished":"2023-09-27T15:27:29+00:00","dateModified":"2023-10-02T11:23:32+00:00","author":{"@id":"https:\/\/4Ballers.de\/#\/schema\/person\/a23eeed8afa2f2e4c487131ce9456e5d"},"breadcrumb":{"@id":"https:\/\/4Ballers.de\/?p=3393#breadcrumb"},"inLanguage":"de","potentialAction":[{"@type":"ReadAction","target":["https:\/\/4Ballers.de\/?p=3393"]}]},{"@type":"ImageObject","inLanguage":"de","@id":"https:\/\/4Ballers.de\/?p=3393#primaryimage","url":"https:\/\/4Ballers.de\/wp-content\/uploads\/2023\/05\/IMG_6186-scaled.jpg","contentUrl":"https:\/\/4Ballers.de\/wp-content\/uploads\/2023\/05\/IMG_6186-scaled.jpg","width":2560,"height":1920},{"@type":"BreadcrumbList","@id":"https:\/\/4Ballers.de\/?p=3393#breadcrumb","itemListElement":[{"@type":"ListItem","position":1,"name":"Startseite","item":"https:\/\/4Ballers.de\/"},{"@type":"ListItem","position":2,"name":"Krise 04"}]},{"@type":"WebSite","@id":"https:\/\/4Ballers.de\/#website","url":"https:\/\/4Ballers.de\/","name":"4Ballers","description":"","potentialAction":[{"@type":"SearchAction","target":{"@type":"EntryPoint","urlTemplate":"https:\/\/4Ballers.de\/?s={search_term_string}"},"query-input":{"@type":"PropertyValueSpecification","valueRequired":true,"valueName":"search_term_string"}}],"inLanguage":"de"},{"@type":"Person","@id":"https:\/\/4Ballers.de\/#\/schema\/person\/a23eeed8afa2f2e4c487131ce9456e5d","name":"Lukas Schmitt","image":{"@type":"ImageObject","inLanguage":"de","@id":"https:\/\/secure.gravatar.com\/avatar\/ba60c656bea79c301c98542fa9aa2520ecde30acfd1a4d5ddf3342e3f794f942?s=96&d=blank&r=g","url":"https:\/\/secure.gravatar.com\/avatar\/ba60c656bea79c301c98542fa9aa2520ecde30acfd1a4d5ddf3342e3f794f942?s=96&d=blank&r=g","contentUrl":"https:\/\/secure.gravatar.com\/avatar\/ba60c656bea79c301c98542fa9aa2520ecde30acfd1a4d5ddf3342e3f794f942?s=96&d=blank&r=g","caption":"Lukas Schmitt"},"sameAs":["http:\/\/4Ballers"],"url":"https:\/\/4Ballers.de\/?author=2"}]}},"_links":{"self":[{"href":"https:\/\/4Ballers.de\/index.php?rest_route=\/wp\/v2\/posts\/3393","targetHints":{"allow":["GET"]}}],"collection":[{"href":"https:\/\/4Ballers.de\/index.php?rest_route=\/wp\/v2\/posts"}],"about":[{"href":"https:\/\/4Ballers.de\/index.php?rest_route=\/wp\/v2\/types\/post"}],"author":[{"embeddable":true,"href":"https:\/\/4Ballers.de\/index.php?rest_route=\/wp\/v2\/users\/2"}],"replies":[{"embeddable":true,"href":"https:\/\/4Ballers.de\/index.php?rest_route=%2Fwp%2Fv2%2Fcomments&post=3393"}],"version-history":[{"count":22,"href":"https:\/\/4Ballers.de\/index.php?rest_route=\/wp\/v2\/posts\/3393\/revisions"}],"predecessor-version":[{"id":3433,"href":"https:\/\/4Ballers.de\/index.php?rest_route=\/wp\/v2\/posts\/3393\/revisions\/3433"}],"wp:featuredmedia":[{"embeddable":true,"href":"https:\/\/4Ballers.de\/index.php?rest_route=\/wp\/v2\/media\/2348"}],"wp:attachment":[{"href":"https:\/\/4Ballers.de\/index.php?rest_route=%2Fwp%2Fv2%2Fmedia&parent=3393"}],"wp:term":[{"taxonomy":"category","embeddable":true,"href":"https:\/\/4Ballers.de\/index.php?rest_route=%2Fwp%2Fv2%2Fcategories&post=3393"},{"taxonomy":"post_tag","embeddable":true,"href":"https:\/\/4Ballers.de\/index.php?rest_route=%2Fwp%2Fv2%2Ftags&post=3393"}],"curies":[{"name":"wp","href":"https:\/\/api.w.org\/{rel}","templated":true}]}}