{"id":3342,"date":"2023-09-19T17:42:32","date_gmt":"2023-09-19T15:42:32","guid":{"rendered":"https:\/\/4Ballers.de\/?p=3342"},"modified":"2023-10-02T13:24:26","modified_gmt":"2023-10-02T11:24:26","slug":"mit-ansage-ins-verderben","status":"publish","type":"post","link":"https:\/\/4Ballers.de\/?p=3342","title":{"rendered":"Wer nicht wagt, der nicht gewinnt"},"content":{"rendered":"\n<p class=\"has-medium-font-size\"><strong>Lesezeit: 5 Minuten<\/strong><\/p>\n\n\n\n<p class=\"has-medium-font-size\">Julian Nagelsmann wird also neuer Bundestrainer. Eine Wahl die oberfl\u00e4chlich naheliegend und sinnvoll erscheint, bei genauerem Hinsehen allerdings wieder einmal die fehlende Weitsicht des DFB sowie dessen mangelnde Objektivit\u00e4t offenlegt. Ein Kommentar zur Ernennung des neuen deutschen Nationaltrainers.<\/p>\n\n\n\n<p class=\"has-medium-font-size\"><strong>Wer nicht wagt, der nicht gewinnt <\/strong><\/p>\n\n\n\n<p class=\"has-medium-font-size\">Bis zur Heim-EM 2024 soll Julian Nagelsmann, im M\u00e4rz diesen Jahres beim FC Bayern entlassen, die Deutsche Nationalmannschaft also betreuen. Ein Engagement auf Zeit eines jungen Bundestrainers, der im Anschluss des Turniers, das er im eigenem Land als reizvolle Herausforderung ansehen soll, wieder nach H\u00f6herem im Clubfu\u00dfball strebt. Eine Entscheidung mit Weitsicht? Fehlanzeige. Aber das kennt man ja beim DFB inzwischen seit einigen Jahren gar nicht mehr anders. Ein Coach, der sich aufgrund seines Profils \u00fcber den kurzfristigen Erfolg definiert und die Nationalmannschaft als ideale M\u00f6glichkeit sieht, sein Profil f\u00fcr die europ\u00e4ische Elite wieder interessant zu machen. Real Madrid sucht ab kommendem Sommer einen neuen Trainer. Der BVB sowie Topteams aus der Premier League k\u00f6nnten folgen. Nagelsmann geht in diesem Schaufenster kein allzu gro\u00dfes Risiko ein, genauso wenig wie der DFB, der wieder einmal wenig Fantasie zeigt und die n\u00f6tige Reflexion der eigenen Fehler erneut vermissen l\u00e4sst.<\/p>\n\n\n\n<p class=\"has-medium-font-size\"><strong>Ambition \u2260 Erfolg<\/strong><\/p>\n\n\n\n<p class=\"has-medium-font-size\">Dass der Erfolg bei einer Europameisterschaft im eigenen Land vor allem nach den schmachvollen Erlebnissen der letzten Turniere vom DFB intern zur kurzfristigen Priorit\u00e4t erkl\u00e4rt wird, ist an sich ein nachvollziehbarer Gedankengang. Man profiliert sich immer \u00fcber die eigenen Errungenschaften und gewinnt durch sportliche Argumente an Reputation. Entscheidet man sich dann aber auf der Suche nach einer kurzfristiger L\u00f6sung f\u00fcr Julian Nagelsmann, sollten allein schon aufgrund der unglaublich vielen Reibungspunkte wie z. B. dessen Z\u00f6gern aufgrund der enormen Gehaltsl\u00fccke zwischen seinem Kontrakt beim FC Bayern (7 Millionen Euro pro Jahr) und beim DFB (4 Millionen Euro bis zur EM) die ersten Alarmglocken schrillen. Patriotismus und das n\u00f6tige Commitment, den DFB wieder in eine erfolgreiche Zukunft zu f\u00fchren, sehen definitiv anders aus. <\/p>\n\n\n\n<p class=\"has-medium-font-size\"><strong>Ein Trainer ohne R\u00fcckhalt?<\/strong><\/p>\n\n\n\n<p class=\"has-medium-font-size\">Ein weiteres zentrales Problem liegt vor allem in zwischenmenschlichen Differenzen des 36-J\u00e4hrigen mit F\u00fchrungsspielern und jahrelangen Erfolgsgaranten der Nationalelf. Nagelsmanns &#8222;Karteileichen&#8220; wie Thomas M\u00fcller oder Manuel Neuer sind ohne wenn und aber absolut essentiell f\u00fcr ein erfolgreiches Abschneiden bei einer EM im eigenen Land. Sie k\u00f6nnen sowohl auf als auch neben dem Platz einer Mannschaft enorm viel mitgeben und sind entscheidend f\u00fcr das Klima innerhalb der Kabine sowie eine klare Kommunikation. Die Medien werden diesen Umstand schnell als Angriffsfl\u00e4che ausmachen und den jungen Coach immer wieder damit konfrontieren. Was passiert, wenn Nagelsmann das Duo trotz ansprechender Leistungen nicht nominiert? Wie rechtfertigt er dann ein Ph\u00e4nomen, dass das Leistungsprinzip au\u00dfer Kraft setzt und pers\u00f6nliche Differenzen \u00fcber das Wohl der Mannschaft und ein funktionierendes Teamgef\u00fcge stellt? Nicht weniger wichtig ist hierbei zu erw\u00e4hnen, dass selbiges Ph\u00e4nomen auch Vorg\u00e4nger Hansi Flick vor allem im Vorfeld der WM in Katar (Bella-Kotchap statt Hummels) immer wieder auf die F\u00fc\u00dfe fiel.<\/p>\n\n\n\n<p class=\"has-medium-font-size\"><strong>Qualifikationen nicht ausreichend<\/strong><\/p>\n\n\n\n<p class=\"has-medium-font-size\">Unabh\u00e4ngig davon lassen auch Nagelsmanns sonstige Qualifikationen schnell Zweifel an seiner Eignung aufkommen. In der aktuell prek\u00e4ren Lage ben\u00f6tigt das Team vor allem einen Trainer, der bereits Erfahrung mit einer Nationalmannschaft vorzuweisen hat und \u00fcber die Vorg\u00e4nge innerhalb eines Verbandes Bescheid wei\u00df. Mindestens ebenso problematisch ist seine mangelhafte mediale Reputation, denn ein Trainer, der schnellstm\u00f6glich die n\u00f6tige Euphorie entfachen und kollektive \u00dcberzeugung ausstrahlen soll, muss hier \u00fcber jeden Zweifel erhaben sein. Auch das ist der Ex-Bayern Coach keineswegs. Ein weiterer gewichtiger Kritikpunkt zielt auf die dringend n\u00f6tige Resilienz in diesem Job ab. Drucksituationen, wie sie Nagelsmann unweigerlich sp\u00e4testens w\u00e4hrend dem Turnier begegnen werden, an sich abprallen zu lassen und mit klarem Kopf Entscheidungen zu treffen, sind essentieller Bestandteil eines geeigneten Nationaltrainers. Auch das lie\u00df er auf gro\u00dfer B\u00fchne beim FC Bayern in der Vergangenheit immer wieder vermissen.<\/p>\n\n\n\n<p class=\"has-medium-font-size\"><strong>Alternativen waren da<\/strong><\/p>\n\n\n\n<p class=\"has-medium-font-size\">Wirft man mit solch harten Worten um sich und definiert ein klares Anforderungsprofil, ist es jetzt an der Zeit, Kandidaten zu nennen, die das alles erf\u00fcllt h\u00e4tten. Als erstes ins Auge sticht dort besonders Louis van Gaal. Der 72-J\u00e4hrige besitzt ohne Zweifel die n\u00f6tige Reputation, diesen Job mit all seinen Facetten bis zur EM im n\u00e4chsten Jahr auszuf\u00fcllen. Auch Stefan Kuntz, der laut diversen Medienberichten in der T\u00fcrkei vor dem Aus steht, gilt als hervorragender Kommunikator und h\u00e4tte die klar definierten Vorgaben ohne Zweifel bestens erf\u00fcllt. Beide besitzen Erfahrung auf dieser Ebene, van Gaal coachte die Niederlande sogar bereits bei zwei Weltmeisterschaften (2014 &amp; 2022) h\u00f6chst erfolgreich und gilt als absoluter Fachmann, der f\u00fcr eine klare Linie steht. Konsequenz und Geradlinigkeit zeichnen den Niederl\u00e4nder aus wie keinen Zweiten und verschaffen ihm aufgrund seiner unz\u00e4hligen Erfolge sowie der n\u00f6tigen Schlagfertigkeit als anerkannter Medienprofi ein enormes Profil, dass ebenso die oben genannten Anforderungen erf\u00fcllt. Dass sich au\u00dferdem langj\u00e4hrige F\u00fchrungsspieler wie Bastian Schweinsteiger, Philipp Lahm sowie Michael Ballack in der \u00d6ffentlichkeit klar f\u00fcr den ehemaligen Bondscoach aussprachen, spricht umso mehr f\u00fcr die verpasste Chance seitens des DFB, einen echten Erfolgsgaranten zu installieren. Egal ob van Gaal oder Kuntz, die aufgezeigten M\u00f6glichkeiten sind klar ersichtlich und verdeutlichen, welch gro\u00dfe Chance hier wieder einmal mit F\u00fc\u00dfen getreten wurde.<\/p>\n","protected":false},"excerpt":{"rendered":"<p>Bis zur Heim-EM 2024 soll Julian Nagelsmann, im M\u00e4rz diesen Jahres beim FC Bayern entlassen, die Deutsche Nationalmannschaft also betreuen. Ein Engagement auf Zeit eines jungen Bundestrainers, der im Anschluss des Turniers, das er im eigenem Land als reizvolle Herausforderung ansehen soll, wieder nach H\u00f6herem im Clubfu\u00dfball strebt. Eine Entscheidung mit Weitsicht? Fehlanzeige. <\/p>\n","protected":false},"author":2,"featured_media":3417,"comment_status":"open","ping_status":"open","sticky":false,"template":"","format":"standard","meta":{"footnotes":""},"categories":[345],"tags":[27,124,31,360,141,359,90,352,356,304,76,353,122],"class_list":["post-3342","post","type-post","status-publish","format-standard","has-post-thumbnail","hentry","category-nationalmannschaft","tag-4ballers","tag-bundesliga","tag-dfb","tag-dfl","tag-fc-bayern","tag-kuntz","tag-nagelsmann","tag-nationalmannschaft","tag-neuendorf","tag-oezil","tag-tuchel","tag-van-gaal","tag-voeller"],"yoast_head":"<!-- This site is optimized with the Yoast SEO plugin v27.5 - https:\/\/yoast.com\/product\/yoast-seo-wordpress\/ -->\n<title>Wer nicht wagt, der nicht gewinnt - 4Ballers - Euer Fu\u00dfballblog<\/title>\n<meta name=\"robots\" content=\"index, follow, max-snippet:-1, max-image-preview:large, max-video-preview:-1\" \/>\n<link rel=\"canonical\" href=\"https:\/\/4Ballers.de\/?p=3342\" \/>\n<meta property=\"og:locale\" content=\"de_DE\" \/>\n<meta property=\"og:type\" content=\"article\" \/>\n<meta property=\"og:title\" content=\"Wer nicht wagt, der nicht gewinnt - 4Ballers - Euer Fu\u00dfballblog\" \/>\n<meta property=\"og:description\" content=\"Bis zur Heim-EM 2024 soll Julian Nagelsmann, im M\u00e4rz diesen Jahres beim FC Bayern entlassen, die Deutsche Nationalmannschaft also betreuen. Ein Engagement auf Zeit eines jungen Bundestrainers, der im Anschluss des Turniers, das er im eigenem Land als reizvolle Herausforderung ansehen soll, wieder nach H\u00f6herem im Clubfu\u00dfball strebt. Eine Entscheidung mit Weitsicht? Fehlanzeige.\" \/>\n<meta property=\"og:url\" content=\"https:\/\/4Ballers.de\/?p=3342\" \/>\n<meta property=\"og:site_name\" content=\"4Ballers - Euer Fu\u00dfballblog\" \/>\n<meta property=\"article:published_time\" content=\"2023-09-19T15:42:32+00:00\" \/>\n<meta property=\"article:modified_time\" content=\"2023-10-02T11:24:26+00:00\" \/>\n<meta property=\"og:image\" content=\"https:\/\/4Ballers.de\/wp-content\/uploads\/2023\/09\/IMG_7158-scaled.jpg\" \/>\n\t<meta property=\"og:image:width\" content=\"1920\" \/>\n\t<meta property=\"og:image:height\" content=\"2560\" \/>\n\t<meta property=\"og:image:type\" content=\"image\/jpeg\" \/>\n<meta name=\"author\" content=\"Lukas Schmitt\" \/>\n<meta name=\"twitter:card\" content=\"summary_large_image\" \/>\n<meta name=\"twitter:creator\" content=\"@4Ballers_\" \/>\n<meta name=\"twitter:site\" content=\"@4Ballers_\" \/>\n<meta name=\"twitter:label1\" content=\"Verfasst von\" \/>\n\t<meta name=\"twitter:data1\" content=\"Lukas Schmitt\" \/>\n\t<meta name=\"twitter:label2\" content=\"Gesch\u00e4tzte Lesezeit\" \/>\n\t<meta name=\"twitter:data2\" content=\"4\u00a0Minuten\" \/>\n<script type=\"application\/ld+json\" class=\"yoast-schema-graph\">{\"@context\":\"https:\\\/\\\/schema.org\",\"@graph\":[{\"@type\":\"Article\",\"@id\":\"https:\\\/\\\/4Ballers.de\\\/?p=3342#article\",\"isPartOf\":{\"@id\":\"https:\\\/\\\/4Ballers.de\\\/?p=3342\"},\"author\":{\"name\":\"Lukas Schmitt\",\"@id\":\"https:\\\/\\\/4Ballers.de\\\/#\\\/schema\\\/person\\\/a23eeed8afa2f2e4c487131ce9456e5d\"},\"headline\":\"Wer nicht wagt, der nicht gewinnt\",\"datePublished\":\"2023-09-19T15:42:32+00:00\",\"dateModified\":\"2023-10-02T11:24:26+00:00\",\"mainEntityOfPage\":{\"@id\":\"https:\\\/\\\/4Ballers.de\\\/?p=3342\"},\"wordCount\":902,\"commentCount\":0,\"image\":{\"@id\":\"https:\\\/\\\/4Ballers.de\\\/?p=3342#primaryimage\"},\"thumbnailUrl\":\"https:\\\/\\\/4Ballers.de\\\/wp-content\\\/uploads\\\/2023\\\/09\\\/IMG_7158-scaled.jpg\",\"keywords\":[\"4Ballers\",\"Bundesliga\",\"DFB\",\"DFL\",\"FC Bayern\",\"Kuntz\",\"Nagelsmann\",\"Nationalmannschaft\",\"Neuendorf\",\"\u00d6zil\",\"Tuchel\",\"Van Gaal\",\"V\u00f6ller\"],\"articleSection\":[\"Nationalmannschaft \ud83c\udde9\ud83c\uddea\"],\"inLanguage\":\"de\",\"potentialAction\":[{\"@type\":\"CommentAction\",\"name\":\"Comment\",\"target\":[\"https:\\\/\\\/4Ballers.de\\\/?p=3342#respond\"]}]},{\"@type\":\"WebPage\",\"@id\":\"https:\\\/\\\/4Ballers.de\\\/?p=3342\",\"url\":\"https:\\\/\\\/4Ballers.de\\\/?p=3342\",\"name\":\"Wer nicht wagt, der nicht gewinnt - 4Ballers - Euer Fu\u00dfballblog\",\"isPartOf\":{\"@id\":\"https:\\\/\\\/4Ballers.de\\\/#website\"},\"primaryImageOfPage\":{\"@id\":\"https:\\\/\\\/4Ballers.de\\\/?p=3342#primaryimage\"},\"image\":{\"@id\":\"https:\\\/\\\/4Ballers.de\\\/?p=3342#primaryimage\"},\"thumbnailUrl\":\"https:\\\/\\\/4Ballers.de\\\/wp-content\\\/uploads\\\/2023\\\/09\\\/IMG_7158-scaled.jpg\",\"datePublished\":\"2023-09-19T15:42:32+00:00\",\"dateModified\":\"2023-10-02T11:24:26+00:00\",\"author\":{\"@id\":\"https:\\\/\\\/4Ballers.de\\\/#\\\/schema\\\/person\\\/a23eeed8afa2f2e4c487131ce9456e5d\"},\"breadcrumb\":{\"@id\":\"https:\\\/\\\/4Ballers.de\\\/?p=3342#breadcrumb\"},\"inLanguage\":\"de\",\"potentialAction\":[{\"@type\":\"ReadAction\",\"target\":[\"https:\\\/\\\/4Ballers.de\\\/?p=3342\"]}]},{\"@type\":\"ImageObject\",\"inLanguage\":\"de\",\"@id\":\"https:\\\/\\\/4Ballers.de\\\/?p=3342#primaryimage\",\"url\":\"https:\\\/\\\/4Ballers.de\\\/wp-content\\\/uploads\\\/2023\\\/09\\\/IMG_7158-scaled.jpg\",\"contentUrl\":\"https:\\\/\\\/4Ballers.de\\\/wp-content\\\/uploads\\\/2023\\\/09\\\/IMG_7158-scaled.jpg\",\"width\":1920,\"height\":2560},{\"@type\":\"BreadcrumbList\",\"@id\":\"https:\\\/\\\/4Ballers.de\\\/?p=3342#breadcrumb\",\"itemListElement\":[{\"@type\":\"ListItem\",\"position\":1,\"name\":\"Startseite\",\"item\":\"https:\\\/\\\/4Ballers.de\\\/\"},{\"@type\":\"ListItem\",\"position\":2,\"name\":\"Wer nicht wagt, der nicht gewinnt\"}]},{\"@type\":\"WebSite\",\"@id\":\"https:\\\/\\\/4Ballers.de\\\/#website\",\"url\":\"https:\\\/\\\/4Ballers.de\\\/\",\"name\":\"4Ballers\",\"description\":\"\",\"potentialAction\":[{\"@type\":\"SearchAction\",\"target\":{\"@type\":\"EntryPoint\",\"urlTemplate\":\"https:\\\/\\\/4Ballers.de\\\/?s={search_term_string}\"},\"query-input\":{\"@type\":\"PropertyValueSpecification\",\"valueRequired\":true,\"valueName\":\"search_term_string\"}}],\"inLanguage\":\"de\"},{\"@type\":\"Person\",\"@id\":\"https:\\\/\\\/4Ballers.de\\\/#\\\/schema\\\/person\\\/a23eeed8afa2f2e4c487131ce9456e5d\",\"name\":\"Lukas Schmitt\",\"image\":{\"@type\":\"ImageObject\",\"inLanguage\":\"de\",\"@id\":\"https:\\\/\\\/secure.gravatar.com\\\/avatar\\\/ba60c656bea79c301c98542fa9aa2520ecde30acfd1a4d5ddf3342e3f794f942?s=96&d=blank&r=g\",\"url\":\"https:\\\/\\\/secure.gravatar.com\\\/avatar\\\/ba60c656bea79c301c98542fa9aa2520ecde30acfd1a4d5ddf3342e3f794f942?s=96&d=blank&r=g\",\"contentUrl\":\"https:\\\/\\\/secure.gravatar.com\\\/avatar\\\/ba60c656bea79c301c98542fa9aa2520ecde30acfd1a4d5ddf3342e3f794f942?s=96&d=blank&r=g\",\"caption\":\"Lukas Schmitt\"},\"sameAs\":[\"http:\\\/\\\/4Ballers\"],\"url\":\"https:\\\/\\\/4Ballers.de\\\/?author=2\"}]}<\/script>\n<!-- \/ Yoast SEO plugin. -->","yoast_head_json":{"title":"Wer nicht wagt, der nicht gewinnt - 4Ballers - Euer Fu\u00dfballblog","robots":{"index":"index","follow":"follow","max-snippet":"max-snippet:-1","max-image-preview":"max-image-preview:large","max-video-preview":"max-video-preview:-1"},"canonical":"https:\/\/4Ballers.de\/?p=3342","og_locale":"de_DE","og_type":"article","og_title":"Wer nicht wagt, der nicht gewinnt - 4Ballers - Euer Fu\u00dfballblog","og_description":"Bis zur Heim-EM 2024 soll Julian Nagelsmann, im M\u00e4rz diesen Jahres beim FC Bayern entlassen, die Deutsche Nationalmannschaft also betreuen. Ein Engagement auf Zeit eines jungen Bundestrainers, der im Anschluss des Turniers, das er im eigenem Land als reizvolle Herausforderung ansehen soll, wieder nach H\u00f6herem im Clubfu\u00dfball strebt. Eine Entscheidung mit Weitsicht? Fehlanzeige.","og_url":"https:\/\/4Ballers.de\/?p=3342","og_site_name":"4Ballers - Euer Fu\u00dfballblog","article_published_time":"2023-09-19T15:42:32+00:00","article_modified_time":"2023-10-02T11:24:26+00:00","og_image":[{"width":1920,"height":2560,"url":"https:\/\/4Ballers.de\/wp-content\/uploads\/2023\/09\/IMG_7158-scaled.jpg","type":"image\/jpeg"}],"author":"Lukas Schmitt","twitter_card":"summary_large_image","twitter_creator":"@4Ballers_","twitter_site":"@4Ballers_","twitter_misc":{"Verfasst von":"Lukas Schmitt","Gesch\u00e4tzte Lesezeit":"4\u00a0Minuten"},"schema":{"@context":"https:\/\/schema.org","@graph":[{"@type":"Article","@id":"https:\/\/4Ballers.de\/?p=3342#article","isPartOf":{"@id":"https:\/\/4Ballers.de\/?p=3342"},"author":{"name":"Lukas Schmitt","@id":"https:\/\/4Ballers.de\/#\/schema\/person\/a23eeed8afa2f2e4c487131ce9456e5d"},"headline":"Wer nicht wagt, der nicht gewinnt","datePublished":"2023-09-19T15:42:32+00:00","dateModified":"2023-10-02T11:24:26+00:00","mainEntityOfPage":{"@id":"https:\/\/4Ballers.de\/?p=3342"},"wordCount":902,"commentCount":0,"image":{"@id":"https:\/\/4Ballers.de\/?p=3342#primaryimage"},"thumbnailUrl":"https:\/\/4Ballers.de\/wp-content\/uploads\/2023\/09\/IMG_7158-scaled.jpg","keywords":["4Ballers","Bundesliga","DFB","DFL","FC Bayern","Kuntz","Nagelsmann","Nationalmannschaft","Neuendorf","\u00d6zil","Tuchel","Van Gaal","V\u00f6ller"],"articleSection":["Nationalmannschaft \ud83c\udde9\ud83c\uddea"],"inLanguage":"de","potentialAction":[{"@type":"CommentAction","name":"Comment","target":["https:\/\/4Ballers.de\/?p=3342#respond"]}]},{"@type":"WebPage","@id":"https:\/\/4Ballers.de\/?p=3342","url":"https:\/\/4Ballers.de\/?p=3342","name":"Wer nicht wagt, der nicht gewinnt - 4Ballers - Euer Fu\u00dfballblog","isPartOf":{"@id":"https:\/\/4Ballers.de\/#website"},"primaryImageOfPage":{"@id":"https:\/\/4Ballers.de\/?p=3342#primaryimage"},"image":{"@id":"https:\/\/4Ballers.de\/?p=3342#primaryimage"},"thumbnailUrl":"https:\/\/4Ballers.de\/wp-content\/uploads\/2023\/09\/IMG_7158-scaled.jpg","datePublished":"2023-09-19T15:42:32+00:00","dateModified":"2023-10-02T11:24:26+00:00","author":{"@id":"https:\/\/4Ballers.de\/#\/schema\/person\/a23eeed8afa2f2e4c487131ce9456e5d"},"breadcrumb":{"@id":"https:\/\/4Ballers.de\/?p=3342#breadcrumb"},"inLanguage":"de","potentialAction":[{"@type":"ReadAction","target":["https:\/\/4Ballers.de\/?p=3342"]}]},{"@type":"ImageObject","inLanguage":"de","@id":"https:\/\/4Ballers.de\/?p=3342#primaryimage","url":"https:\/\/4Ballers.de\/wp-content\/uploads\/2023\/09\/IMG_7158-scaled.jpg","contentUrl":"https:\/\/4Ballers.de\/wp-content\/uploads\/2023\/09\/IMG_7158-scaled.jpg","width":1920,"height":2560},{"@type":"BreadcrumbList","@id":"https:\/\/4Ballers.de\/?p=3342#breadcrumb","itemListElement":[{"@type":"ListItem","position":1,"name":"Startseite","item":"https:\/\/4Ballers.de\/"},{"@type":"ListItem","position":2,"name":"Wer nicht wagt, der nicht gewinnt"}]},{"@type":"WebSite","@id":"https:\/\/4Ballers.de\/#website","url":"https:\/\/4Ballers.de\/","name":"4Ballers","description":"","potentialAction":[{"@type":"SearchAction","target":{"@type":"EntryPoint","urlTemplate":"https:\/\/4Ballers.de\/?s={search_term_string}"},"query-input":{"@type":"PropertyValueSpecification","valueRequired":true,"valueName":"search_term_string"}}],"inLanguage":"de"},{"@type":"Person","@id":"https:\/\/4Ballers.de\/#\/schema\/person\/a23eeed8afa2f2e4c487131ce9456e5d","name":"Lukas Schmitt","image":{"@type":"ImageObject","inLanguage":"de","@id":"https:\/\/secure.gravatar.com\/avatar\/ba60c656bea79c301c98542fa9aa2520ecde30acfd1a4d5ddf3342e3f794f942?s=96&d=blank&r=g","url":"https:\/\/secure.gravatar.com\/avatar\/ba60c656bea79c301c98542fa9aa2520ecde30acfd1a4d5ddf3342e3f794f942?s=96&d=blank&r=g","contentUrl":"https:\/\/secure.gravatar.com\/avatar\/ba60c656bea79c301c98542fa9aa2520ecde30acfd1a4d5ddf3342e3f794f942?s=96&d=blank&r=g","caption":"Lukas Schmitt"},"sameAs":["http:\/\/4Ballers"],"url":"https:\/\/4Ballers.de\/?author=2"}]}},"_links":{"self":[{"href":"https:\/\/4Ballers.de\/index.php?rest_route=\/wp\/v2\/posts\/3342","targetHints":{"allow":["GET"]}}],"collection":[{"href":"https:\/\/4Ballers.de\/index.php?rest_route=\/wp\/v2\/posts"}],"about":[{"href":"https:\/\/4Ballers.de\/index.php?rest_route=\/wp\/v2\/types\/post"}],"author":[{"embeddable":true,"href":"https:\/\/4Ballers.de\/index.php?rest_route=\/wp\/v2\/users\/2"}],"replies":[{"embeddable":true,"href":"https:\/\/4Ballers.de\/index.php?rest_route=%2Fwp%2Fv2%2Fcomments&post=3342"}],"version-history":[{"count":28,"href":"https:\/\/4Ballers.de\/index.php?rest_route=\/wp\/v2\/posts\/3342\/revisions"}],"predecessor-version":[{"id":3423,"href":"https:\/\/4Ballers.de\/index.php?rest_route=\/wp\/v2\/posts\/3342\/revisions\/3423"}],"wp:featuredmedia":[{"embeddable":true,"href":"https:\/\/4Ballers.de\/index.php?rest_route=\/wp\/v2\/media\/3417"}],"wp:attachment":[{"href":"https:\/\/4Ballers.de\/index.php?rest_route=%2Fwp%2Fv2%2Fmedia&parent=3342"}],"wp:term":[{"taxonomy":"category","embeddable":true,"href":"https:\/\/4Ballers.de\/index.php?rest_route=%2Fwp%2Fv2%2Fcategories&post=3342"},{"taxonomy":"post_tag","embeddable":true,"href":"https:\/\/4Ballers.de\/index.php?rest_route=%2Fwp%2Fv2%2Ftags&post=3342"}],"curies":[{"name":"wp","href":"https:\/\/api.w.org\/{rel}","templated":true}]}}