{"id":3198,"date":"2023-09-03T14:31:32","date_gmt":"2023-09-03T12:31:32","guid":{"rendered":"https:\/\/4Ballers.de\/?p=3198"},"modified":"2023-09-03T14:31:32","modified_gmt":"2023-09-03T12:31:32","slug":"eine-schwarz-gelbe-katastrophe","status":"publish","type":"post","link":"https:\/\/4Ballers.de\/?p=3198","title":{"rendered":"Eine Schwarz-Gelbe Katastrophe"},"content":{"rendered":"\n<p><strong>Lesezeit: 5 Minuten<\/strong><\/p>\n\n\n\n<p>Noch vor wenigen Monaten stand der BVB dank einer \u00fcberragenden R\u00fcckrunde dicht vor der ersten deutschen Meisterschaft seit 11 Jahren. Dass es am Ende doch nicht reichte, lag mehr am individuellen Unverm\u00f6gen denn an fehlender Qualit\u00e4t und dem n\u00f6tigen Zusammenhalt im Team, das sich damals trotz aller Widerst\u00e4nde der Unterst\u00fctzung der Fans sicher sein durfte. Nur wenige Monate sp\u00e4ter ist das Stimmungsbild rund um den Signal-Iduna-Park l\u00e4ngst ein v\u00f6llig anderes. Immer mehr Kritik kommt auf an der offensichtlich unzureichenden Personalplanung und der damit einhergehenden Reinvestition der Millionen aus dem Transfer von Jude Bellingham. Warum der BVB sehenden Auges ins eigene Verderben rennt, weshalb auf einigen Postionen eine extreme Qualit\u00e4tsl\u00fccke klafft und wie Terzi\u0107, Kehl und Co. die anvisierten Saisonziele h\u00f6chstpers\u00f6nlich in Gefahr bringen, erfahrt ihr im heutigen Kommentar zur Lage bei Borussia Dortmund.<\/p>\n\n\n\n<p><strong>Schlechte Transfers als Sinnbild<\/strong><\/p>\n\n\n\n<p>Nicht erst seit dem Offenbarungseid beim 2:2 gegen Aufsteiger Heidenheim, gegen den man sogar mit einer komfortablen 2:0 F\u00fchrung in die Halbzeit gegangen war, droht die Stimmung rund um den BVB nun komplett zu kippen. Vermehrt stellen sich Grundsatzfragen nach der vorhandenen Qualit\u00e4t im Kader von Trainer Edin Terzi\u0107 sowie dessen fragw\u00fcrdigen Personalentscheidungen. Wie ist es m\u00f6glich, dass man sich gegen einen individuell so klar unterlegenen Neuling von der Ostalb einen derart wilden Schlagabtausch liefert, der bis dato die gesamte Spielzeit 23\/24 des Teams widerspiegelt? Die Antwort: Es fehlt an allen Ecken und Enden. Angefangen bei der Qualit\u00e4t im Team, das durch v\u00f6llig falsche Priorit\u00e4ten in puncto Transfers alles in allem im Vergleich zur vergangenen Spielzeit definitiv verschlechtert wurde. Den 100-Millionen-Abgang von Leader Jude Bellingham versuchte der Verein vergeblich durch den v\u00f6llig \u00fcberteuerten Transfer von Felix Nmecha (30 Millionen Euro Abl\u00f6se) sowie Bayern-Reservist Marcel Sabitzer (19 Millionen Euro Abl\u00f6se) aufzufangen. Den abl\u00f6sefreien Wechsel vom spielintelligenten sowie polyvalent einsetzbaren Rapha\u00ebl Guerreiro kompensierte der BVB durch den ebenfalls abl\u00f6sefreien Ramy Bensebaini, der insgesamt aber ein Downgrade zum einstigen portugiesischen Publikumsliebling darstellt.<\/p>\n\n\n\n<p><strong>Diskussionen rund um Terzi\u0107 nehmen zu<\/strong><\/p>\n\n\n\n<p>Verantwortlich f\u00fcr die katastrophale Personalplanung sind neben Sportvorstand Sebastian Kehl besonders Edin Terzi\u0107 und sein Trainerteam, die in enger Zusammenarbeit mit ihren Vorgesetzten eine Mannschaft basierend auf den eigenen Ideen zusammenstellen und diese dementsprechend aufstellen. Nicht das erste Mal eckt der charismatische Chefcoach f\u00fcr seine Personalauswahl sowie seine destruktive Spielweise an, die sich mit den oft desastr\u00f6sen Entscheidungen seiner Spieler auf dem Platz deckt und so in einem Teufelskreis resultiert. Eine extrem por\u00f6se Defensive gepaart mit offensiver Harmlosigkeit par excellence sorgen f\u00fcr einen Dortmunder Stotterstart und offenkundige Probleme bez\u00fcglich der mannschaftlichen Balance, die Trainer Terzi\u0107 h\u00e4tte fr\u00fchzeitig identifizieren und ausmerzen m\u00fcssen. In der vergangenen Saison lie\u00dfen sich derartige M\u00e4ngel noch durch die n\u00f6tige Leidenschaft, Aggressivit\u00e4t und den absoluten Siegeswillen von Akteuren wie Bellingham, Can und Co. \u00fcbert\u00fcnchen, was sich aber sp\u00e4testens jetzt als tempor\u00e4res Ph\u00e4nomen entlarvt. Das, was sich im bisherigen Saisonverlauf schon fr\u00fchzeitig beim schwachen Pokalauftritt bei der TSV Schott anbahnte und auch im gro\u00dfen 4Ballers <a href=\"https:\/\/open.spotify.com\/episode\/7ph0HpefTSsTerbCtzVn70?si=m9bnRDkJTDKFljFqbOT1Xw\">Saisonvorschau-Podcast<\/a> bereits prognostiziert wurde, ist ein erschreckendes Abziehbild der letztj\u00e4hrigen &#8222;Hinrunde&#8220;, die der BVB vor der WM-Pause auf Platz 6 abschloss. L\u00e4ngst finden beim BVB die ersten <a href=\"https:\/\/www.sport.de\/news\/ne5599532\/medien-naechtliche-krisensitzung-beim-bvb\/\">Krisensitzungen<\/a> statt.<\/p>\n\n\n\n<p><strong>Probleme mit Ansage<\/strong><\/p>\n\n\n\n<p>Die Verantwortlichen haben einfach den Ernst der Lage nicht verstanden, was nicht zuletzt der k\u00fcrzlich vollzogene Transfer von Niclas F\u00fcllkrug verdeutlicht. Mit dem deutschen Nationalst\u00fcrmer haben die Bosse oberfl\u00e4chlich einen Topst\u00fcrmer an Land gezogen, der als Soforthilfe im Angriff agieren kann. Einziges Problem: Mit S\u00e9bastien Haller besitzt das Team dieses Profil bereits und sorgte zudem daf\u00fcr, dass aufgrund der freigegebenen Millionen f\u00fcr den aktuellen Torsch\u00fctzenk\u00f6nig ein weiteres Investment f\u00fcr die Abwehr unm\u00f6glich gemacht wurde. Wie ist das zu rechtfertigen, wenn man sich vor allem die l\u00f6chrige Innenverteidigung sowie die rechte Abwehrseite anschaut, die ein ums andere Mal eklatante Qualit\u00e4tsm\u00e4ngel aufwies? Armel Bella-Kotchap w\u00e4re so ein Kandidat gewesen, der als vielseitig einsetzbarer Allrounder diese L\u00fccken h\u00e4tte schlie\u00dfen k\u00f6nnen. Dass der Spieler sich mit dem BVB einig war und ihm schlussendlich aufgrund der unfassbar kurzsichtigen Personalplanung wieder absagte, zeigt einmal mehr, wie amateurhaft in diesem Transferfenster gearbeitet wurde. Ohnehin hat der Verein, wenn man mal auf die Liste der Neuzug\u00e4nge schaut, von Scouting im Ausland in den letzten Monaten recht wenig gehalten.<\/p>\n\n\n\n<p><strong>Quo vadis, BVB?<\/strong><\/p>\n\n\n\n<p>Wie gehts also nun weiter beim BVB? Im Zuge der L\u00e4ndespielpause entsteht f\u00fcr das Team grunds\u00e4tzlich die M\u00f6glichkeit, an internen Abl\u00e4ufen zu arbeiten und durch punktuelle Anpassungen und Einzelgespr\u00e4che Zugang zu den Spielern zu finden. Kehrseite der Medaille ist die Abwesenheit der Nationalspieler, die dennoch den Kern dieser Mannschaft ausmachen und so nicht in derartige Prozesse mit eingebunden werden k\u00f6nnen. Grunds\u00e4tzlich gilt es f\u00fcr Terzi\u0107 und Co. schnellstm\u00f6glich vor allem in der bisher stark vernachl\u00e4ssigten taktischen Komponente nachzulegen und das Team auf ein stabileres Fundament zu stellen. Sei es eine grunds\u00e4tzliche Systemfrage wie die Idee, eine defensiv stabilere Dreierkette zu implementieren oder offensichtlichere Anpassungen wie die Positionierung von 6er Emre Can sowie einen m\u00f6glichen spielstarken Nebenmann f\u00fcr diesen zu installieren. Fu\u00dfballerische Ans\u00e4tze und M\u00f6glichkeiten gibt es f\u00fcr diesen grunds\u00e4tzlich starken Kader mit gewissen Dysbalancen viele, sie m\u00fcssen aber auch wahrgenommen und vor allem umgesetzt werden. Klar scheint nur eines: Die Pr\u00e4misse &#8222;Weiter so&#8220; und den sturen Fokus auf die Malochermentalit\u00e4t zu bewahren muss Borussia Dortmund in jedem Fall ablegen, will man die Saison noch zu einem erfolgreichen Ende f\u00fchren.<\/p>\n","protected":false},"excerpt":{"rendered":"<p>Noch vor wenigen Monaten stand der BVB dank einer \u00fcberragenden R\u00fcckrunde dicht vor der ersten deutschen Meisterschaft seit 11 Jahren. Dass es am Ende doch nicht reichte, lag mehr am individuellen Unverm\u00f6gen denn an fehlender Qualit\u00e4t und dem n\u00f6tigen Zusammenhalt im Team, das sich damals trotz aller Widerst\u00e4nde der Unterst\u00fctzung der Fans sicher sein durfte. Nur wenige Monate sp\u00e4ter ist das Stimmungsbild rund um den Signal-Iduna-Park l\u00e4ngst ein v\u00f6llig anderes.<\/p>\n","protected":false},"author":2,"featured_media":2123,"comment_status":"open","ping_status":"open","sticky":false,"template":"","format":"standard","meta":{"footnotes":""},"categories":[6],"tags":[28,228,124,19,51,336,335,149,120,125],"class_list":["post-3198","post","type-post","status-publish","format-standard","has-post-thumbnail","hentry","category-bundesliga","tag-bayern","tag-borussia-dortmund","tag-bundesliga","tag-bvb","tag-fuellkrug","tag-heidenheim","tag-kehl","tag-kolo-muani","tag-leverkusen","tag-terzic"],"yoast_head":"<!-- This site is optimized with the Yoast SEO plugin v27.4 - https:\/\/yoast.com\/product\/yoast-seo-wordpress\/ -->\n<title>Eine Schwarz-Gelbe Katastrophe - 4Ballers - Euer Fu\u00dfballblog<\/title>\n<meta name=\"robots\" content=\"index, follow, max-snippet:-1, max-image-preview:large, max-video-preview:-1\" \/>\n<link rel=\"canonical\" href=\"https:\/\/4Ballers.de\/?p=3198\" \/>\n<meta property=\"og:locale\" content=\"de_DE\" \/>\n<meta property=\"og:type\" content=\"article\" \/>\n<meta property=\"og:title\" content=\"Eine Schwarz-Gelbe Katastrophe - 4Ballers - Euer Fu\u00dfballblog\" \/>\n<meta property=\"og:description\" content=\"Noch vor wenigen Monaten stand der BVB dank einer \u00fcberragenden R\u00fcckrunde dicht vor der ersten deutschen Meisterschaft seit 11 Jahren. Dass es am Ende doch nicht reichte, lag mehr am individuellen Unverm\u00f6gen denn an fehlender Qualit\u00e4t und dem n\u00f6tigen Zusammenhalt im Team, das sich damals trotz aller Widerst\u00e4nde der Unterst\u00fctzung der Fans sicher sein durfte. Nur wenige Monate sp\u00e4ter ist das Stimmungsbild rund um den Signal-Iduna-Park l\u00e4ngst ein v\u00f6llig anderes.\" \/>\n<meta property=\"og:url\" content=\"https:\/\/4Ballers.de\/?p=3198\" \/>\n<meta property=\"og:site_name\" content=\"4Ballers - Euer Fu\u00dfballblog\" \/>\n<meta property=\"article:published_time\" content=\"2023-09-03T12:31:32+00:00\" \/>\n<meta property=\"og:image\" content=\"https:\/\/4Ballers.de\/wp-content\/uploads\/2023\/03\/IMG_3041-scaled.jpg\" \/>\n\t<meta property=\"og:image:width\" content=\"2560\" \/>\n\t<meta property=\"og:image:height\" content=\"1920\" \/>\n\t<meta property=\"og:image:type\" content=\"image\/jpeg\" \/>\n<meta name=\"author\" content=\"Lukas Schmitt\" \/>\n<meta name=\"twitter:card\" content=\"summary_large_image\" \/>\n<meta name=\"twitter:creator\" content=\"@4Ballers_\" \/>\n<meta name=\"twitter:site\" content=\"@4Ballers_\" \/>\n<meta name=\"twitter:label1\" content=\"Verfasst von\" \/>\n\t<meta name=\"twitter:data1\" content=\"Lukas Schmitt\" \/>\n\t<meta name=\"twitter:label2\" content=\"Gesch\u00e4tzte Lesezeit\" \/>\n\t<meta name=\"twitter:data2\" content=\"5\u00a0Minuten\" \/>\n<script type=\"application\/ld+json\" class=\"yoast-schema-graph\">{\"@context\":\"https:\\\/\\\/schema.org\",\"@graph\":[{\"@type\":\"Article\",\"@id\":\"https:\\\/\\\/4Ballers.de\\\/?p=3198#article\",\"isPartOf\":{\"@id\":\"https:\\\/\\\/4Ballers.de\\\/?p=3198\"},\"author\":{\"name\":\"Lukas Schmitt\",\"@id\":\"https:\\\/\\\/4Ballers.de\\\/#\\\/schema\\\/person\\\/a23eeed8afa2f2e4c487131ce9456e5d\"},\"headline\":\"Eine Schwarz-Gelbe Katastrophe\",\"datePublished\":\"2023-09-03T12:31:32+00:00\",\"mainEntityOfPage\":{\"@id\":\"https:\\\/\\\/4Ballers.de\\\/?p=3198\"},\"wordCount\":952,\"commentCount\":0,\"image\":{\"@id\":\"https:\\\/\\\/4Ballers.de\\\/?p=3198#primaryimage\"},\"thumbnailUrl\":\"https:\\\/\\\/4Ballers.de\\\/wp-content\\\/uploads\\\/2023\\\/03\\\/IMG_3041-scaled.jpg\",\"keywords\":[\"Bayern\",\"Borussia Dortmund\",\"Bundesliga\",\"BVB\",\"F\u00fcllkrug\",\"Heidenheim\",\"Kehl\",\"Kolo Muani\",\"Leverkusen\",\"Terzic\"],\"articleSection\":[\"BuLi \u26bd\ufe0f\"],\"inLanguage\":\"de\",\"potentialAction\":[{\"@type\":\"CommentAction\",\"name\":\"Comment\",\"target\":[\"https:\\\/\\\/4Ballers.de\\\/?p=3198#respond\"]}]},{\"@type\":\"WebPage\",\"@id\":\"https:\\\/\\\/4Ballers.de\\\/?p=3198\",\"url\":\"https:\\\/\\\/4Ballers.de\\\/?p=3198\",\"name\":\"Eine Schwarz-Gelbe Katastrophe - 4Ballers - Euer Fu\u00dfballblog\",\"isPartOf\":{\"@id\":\"https:\\\/\\\/4Ballers.de\\\/#website\"},\"primaryImageOfPage\":{\"@id\":\"https:\\\/\\\/4Ballers.de\\\/?p=3198#primaryimage\"},\"image\":{\"@id\":\"https:\\\/\\\/4Ballers.de\\\/?p=3198#primaryimage\"},\"thumbnailUrl\":\"https:\\\/\\\/4Ballers.de\\\/wp-content\\\/uploads\\\/2023\\\/03\\\/IMG_3041-scaled.jpg\",\"datePublished\":\"2023-09-03T12:31:32+00:00\",\"author\":{\"@id\":\"https:\\\/\\\/4Ballers.de\\\/#\\\/schema\\\/person\\\/a23eeed8afa2f2e4c487131ce9456e5d\"},\"breadcrumb\":{\"@id\":\"https:\\\/\\\/4Ballers.de\\\/?p=3198#breadcrumb\"},\"inLanguage\":\"de\",\"potentialAction\":[{\"@type\":\"ReadAction\",\"target\":[\"https:\\\/\\\/4Ballers.de\\\/?p=3198\"]}]},{\"@type\":\"ImageObject\",\"inLanguage\":\"de\",\"@id\":\"https:\\\/\\\/4Ballers.de\\\/?p=3198#primaryimage\",\"url\":\"https:\\\/\\\/4Ballers.de\\\/wp-content\\\/uploads\\\/2023\\\/03\\\/IMG_3041-scaled.jpg\",\"contentUrl\":\"https:\\\/\\\/4Ballers.de\\\/wp-content\\\/uploads\\\/2023\\\/03\\\/IMG_3041-scaled.jpg\",\"width\":2560,\"height\":1920},{\"@type\":\"BreadcrumbList\",\"@id\":\"https:\\\/\\\/4Ballers.de\\\/?p=3198#breadcrumb\",\"itemListElement\":[{\"@type\":\"ListItem\",\"position\":1,\"name\":\"Startseite\",\"item\":\"https:\\\/\\\/4Ballers.de\\\/\"},{\"@type\":\"ListItem\",\"position\":2,\"name\":\"Eine Schwarz-Gelbe Katastrophe\"}]},{\"@type\":\"WebSite\",\"@id\":\"https:\\\/\\\/4Ballers.de\\\/#website\",\"url\":\"https:\\\/\\\/4Ballers.de\\\/\",\"name\":\"4Ballers\",\"description\":\"\",\"potentialAction\":[{\"@type\":\"SearchAction\",\"target\":{\"@type\":\"EntryPoint\",\"urlTemplate\":\"https:\\\/\\\/4Ballers.de\\\/?s={search_term_string}\"},\"query-input\":{\"@type\":\"PropertyValueSpecification\",\"valueRequired\":true,\"valueName\":\"search_term_string\"}}],\"inLanguage\":\"de\"},{\"@type\":\"Person\",\"@id\":\"https:\\\/\\\/4Ballers.de\\\/#\\\/schema\\\/person\\\/a23eeed8afa2f2e4c487131ce9456e5d\",\"name\":\"Lukas Schmitt\",\"image\":{\"@type\":\"ImageObject\",\"inLanguage\":\"de\",\"@id\":\"https:\\\/\\\/secure.gravatar.com\\\/avatar\\\/ba60c656bea79c301c98542fa9aa2520ecde30acfd1a4d5ddf3342e3f794f942?s=96&d=blank&r=g\",\"url\":\"https:\\\/\\\/secure.gravatar.com\\\/avatar\\\/ba60c656bea79c301c98542fa9aa2520ecde30acfd1a4d5ddf3342e3f794f942?s=96&d=blank&r=g\",\"contentUrl\":\"https:\\\/\\\/secure.gravatar.com\\\/avatar\\\/ba60c656bea79c301c98542fa9aa2520ecde30acfd1a4d5ddf3342e3f794f942?s=96&d=blank&r=g\",\"caption\":\"Lukas Schmitt\"},\"sameAs\":[\"http:\\\/\\\/4Ballers\"],\"url\":\"https:\\\/\\\/4Ballers.de\\\/?author=2\"}]}<\/script>\n<!-- \/ Yoast SEO plugin. -->","yoast_head_json":{"title":"Eine Schwarz-Gelbe Katastrophe - 4Ballers - Euer Fu\u00dfballblog","robots":{"index":"index","follow":"follow","max-snippet":"max-snippet:-1","max-image-preview":"max-image-preview:large","max-video-preview":"max-video-preview:-1"},"canonical":"https:\/\/4Ballers.de\/?p=3198","og_locale":"de_DE","og_type":"article","og_title":"Eine Schwarz-Gelbe Katastrophe - 4Ballers - Euer Fu\u00dfballblog","og_description":"Noch vor wenigen Monaten stand der BVB dank einer \u00fcberragenden R\u00fcckrunde dicht vor der ersten deutschen Meisterschaft seit 11 Jahren. Dass es am Ende doch nicht reichte, lag mehr am individuellen Unverm\u00f6gen denn an fehlender Qualit\u00e4t und dem n\u00f6tigen Zusammenhalt im Team, das sich damals trotz aller Widerst\u00e4nde der Unterst\u00fctzung der Fans sicher sein durfte. Nur wenige Monate sp\u00e4ter ist das Stimmungsbild rund um den Signal-Iduna-Park l\u00e4ngst ein v\u00f6llig anderes.","og_url":"https:\/\/4Ballers.de\/?p=3198","og_site_name":"4Ballers - Euer Fu\u00dfballblog","article_published_time":"2023-09-03T12:31:32+00:00","og_image":[{"width":2560,"height":1920,"url":"https:\/\/4Ballers.de\/wp-content\/uploads\/2023\/03\/IMG_3041-scaled.jpg","type":"image\/jpeg"}],"author":"Lukas Schmitt","twitter_card":"summary_large_image","twitter_creator":"@4Ballers_","twitter_site":"@4Ballers_","twitter_misc":{"Verfasst von":"Lukas Schmitt","Gesch\u00e4tzte Lesezeit":"5\u00a0Minuten"},"schema":{"@context":"https:\/\/schema.org","@graph":[{"@type":"Article","@id":"https:\/\/4Ballers.de\/?p=3198#article","isPartOf":{"@id":"https:\/\/4Ballers.de\/?p=3198"},"author":{"name":"Lukas Schmitt","@id":"https:\/\/4Ballers.de\/#\/schema\/person\/a23eeed8afa2f2e4c487131ce9456e5d"},"headline":"Eine Schwarz-Gelbe Katastrophe","datePublished":"2023-09-03T12:31:32+00:00","mainEntityOfPage":{"@id":"https:\/\/4Ballers.de\/?p=3198"},"wordCount":952,"commentCount":0,"image":{"@id":"https:\/\/4Ballers.de\/?p=3198#primaryimage"},"thumbnailUrl":"https:\/\/4Ballers.de\/wp-content\/uploads\/2023\/03\/IMG_3041-scaled.jpg","keywords":["Bayern","Borussia Dortmund","Bundesliga","BVB","F\u00fcllkrug","Heidenheim","Kehl","Kolo Muani","Leverkusen","Terzic"],"articleSection":["BuLi \u26bd\ufe0f"],"inLanguage":"de","potentialAction":[{"@type":"CommentAction","name":"Comment","target":["https:\/\/4Ballers.de\/?p=3198#respond"]}]},{"@type":"WebPage","@id":"https:\/\/4Ballers.de\/?p=3198","url":"https:\/\/4Ballers.de\/?p=3198","name":"Eine Schwarz-Gelbe Katastrophe - 4Ballers - Euer Fu\u00dfballblog","isPartOf":{"@id":"https:\/\/4Ballers.de\/#website"},"primaryImageOfPage":{"@id":"https:\/\/4Ballers.de\/?p=3198#primaryimage"},"image":{"@id":"https:\/\/4Ballers.de\/?p=3198#primaryimage"},"thumbnailUrl":"https:\/\/4Ballers.de\/wp-content\/uploads\/2023\/03\/IMG_3041-scaled.jpg","datePublished":"2023-09-03T12:31:32+00:00","author":{"@id":"https:\/\/4Ballers.de\/#\/schema\/person\/a23eeed8afa2f2e4c487131ce9456e5d"},"breadcrumb":{"@id":"https:\/\/4Ballers.de\/?p=3198#breadcrumb"},"inLanguage":"de","potentialAction":[{"@type":"ReadAction","target":["https:\/\/4Ballers.de\/?p=3198"]}]},{"@type":"ImageObject","inLanguage":"de","@id":"https:\/\/4Ballers.de\/?p=3198#primaryimage","url":"https:\/\/4Ballers.de\/wp-content\/uploads\/2023\/03\/IMG_3041-scaled.jpg","contentUrl":"https:\/\/4Ballers.de\/wp-content\/uploads\/2023\/03\/IMG_3041-scaled.jpg","width":2560,"height":1920},{"@type":"BreadcrumbList","@id":"https:\/\/4Ballers.de\/?p=3198#breadcrumb","itemListElement":[{"@type":"ListItem","position":1,"name":"Startseite","item":"https:\/\/4Ballers.de\/"},{"@type":"ListItem","position":2,"name":"Eine Schwarz-Gelbe Katastrophe"}]},{"@type":"WebSite","@id":"https:\/\/4Ballers.de\/#website","url":"https:\/\/4Ballers.de\/","name":"4Ballers","description":"","potentialAction":[{"@type":"SearchAction","target":{"@type":"EntryPoint","urlTemplate":"https:\/\/4Ballers.de\/?s={search_term_string}"},"query-input":{"@type":"PropertyValueSpecification","valueRequired":true,"valueName":"search_term_string"}}],"inLanguage":"de"},{"@type":"Person","@id":"https:\/\/4Ballers.de\/#\/schema\/person\/a23eeed8afa2f2e4c487131ce9456e5d","name":"Lukas Schmitt","image":{"@type":"ImageObject","inLanguage":"de","@id":"https:\/\/secure.gravatar.com\/avatar\/ba60c656bea79c301c98542fa9aa2520ecde30acfd1a4d5ddf3342e3f794f942?s=96&d=blank&r=g","url":"https:\/\/secure.gravatar.com\/avatar\/ba60c656bea79c301c98542fa9aa2520ecde30acfd1a4d5ddf3342e3f794f942?s=96&d=blank&r=g","contentUrl":"https:\/\/secure.gravatar.com\/avatar\/ba60c656bea79c301c98542fa9aa2520ecde30acfd1a4d5ddf3342e3f794f942?s=96&d=blank&r=g","caption":"Lukas Schmitt"},"sameAs":["http:\/\/4Ballers"],"url":"https:\/\/4Ballers.de\/?author=2"}]}},"_links":{"self":[{"href":"https:\/\/4Ballers.de\/index.php?rest_route=\/wp\/v2\/posts\/3198","targetHints":{"allow":["GET"]}}],"collection":[{"href":"https:\/\/4Ballers.de\/index.php?rest_route=\/wp\/v2\/posts"}],"about":[{"href":"https:\/\/4Ballers.de\/index.php?rest_route=\/wp\/v2\/types\/post"}],"author":[{"embeddable":true,"href":"https:\/\/4Ballers.de\/index.php?rest_route=\/wp\/v2\/users\/2"}],"replies":[{"embeddable":true,"href":"https:\/\/4Ballers.de\/index.php?rest_route=%2Fwp%2Fv2%2Fcomments&post=3198"}],"version-history":[{"count":23,"href":"https:\/\/4Ballers.de\/index.php?rest_route=\/wp\/v2\/posts\/3198\/revisions"}],"predecessor-version":[{"id":3222,"href":"https:\/\/4Ballers.de\/index.php?rest_route=\/wp\/v2\/posts\/3198\/revisions\/3222"}],"wp:featuredmedia":[{"embeddable":true,"href":"https:\/\/4Ballers.de\/index.php?rest_route=\/wp\/v2\/media\/2123"}],"wp:attachment":[{"href":"https:\/\/4Ballers.de\/index.php?rest_route=%2Fwp%2Fv2%2Fmedia&parent=3198"}],"wp:term":[{"taxonomy":"category","embeddable":true,"href":"https:\/\/4Ballers.de\/index.php?rest_route=%2Fwp%2Fv2%2Fcategories&post=3198"},{"taxonomy":"post_tag","embeddable":true,"href":"https:\/\/4Ballers.de\/index.php?rest_route=%2Fwp%2Fv2%2Ftags&post=3198"}],"curies":[{"name":"wp","href":"https:\/\/api.w.org\/{rel}","templated":true}]}}