{"id":1517,"date":"2023-02-07T13:02:54","date_gmt":"2023-02-07T12:02:54","guid":{"rendered":"http:\/\/4Ballers.de\/?p=1517"},"modified":"2023-04-17T17:40:20","modified_gmt":"2023-04-17T15:40:20","slug":"warum-real-madrid-spanischer-meister-wird","status":"publish","type":"post","link":"https:\/\/4Ballers.de\/?p=1517","title":{"rendered":"Warum Real Madrid spanischer Meister wird"},"content":{"rendered":"\n<p><strong>Lesezeit: 10 Minuten<\/strong><\/p>\n\n\n\n<p>Das Titelrennen in Spaniens La Liga ist so offen wie lange nicht mehr. Dass das so ist, ist dabei ganz allein dem FC Barcelona zu verdanken, der Real Madrid nach Jahren der Konkurrenzlosigkeit nun auch in der heimischen Liga wieder einmal so richtig fordert. Rein objektiv gesehen m\u00f6gen so einige Fakten wie die \u00fcberragende Form der Katalanen oder das Acht-Punkte Polster f\u00fcr Barca sprechen, dennoch mache ich mir um den Gewinn der Meisterschaft keine allzu gro\u00dfen Sorgen. Madrid ist eben Madrid und jeder, der sich auch nur in den zur\u00fcckliegenden zw\u00f6lf Monaten mit dieser Mannschaft besch\u00e4ftigt hat wei\u00df, was dieser Satz bei n\u00e4herer Betrachtung f\u00fcr eine Bedeutung entfacht. Weil ich das aber im folgenden n\u00e4her ausf\u00fchren m\u00f6chte und damit gleichzeitig ein f\u00fcr alle mal klarstelle, warum der spanische Meister auch 2023 aus der spanischen Hauptstadt kommen wird, widme ich mich im diesem Teil unserer ganz eigenen LaLiga Saisonprognose meiner ganz pers\u00f6nlichen Sicht auf die Dinge bei Rekordmeister Real Madrid, die unter anderem Parameter wie die aktuelle Form, die Kaderqualit\u00e4t sowie eine detaillierte Umfeldanalyase mit einschlie\u00dft. Ich w\u00fcnsche allen (und vor allem dir lieber Oskar) viel Spa\u00df dabei, vamos!<\/p>\n\n\n\n<p><strong>Aktuelle Form &#8211; Die Antwort liegt zwischen den Zeilen<\/strong><\/p>\n\n\n\n<p>N\u00fcchtern betrachtet mag die aktuelle Form in LaLiga ganz klar f\u00fcr den FC Barcelona sprechen. Von den letzten elf Spielen gewannen die Katalanen zehn, dabei blieben sie sogar ganze acht Mal ohne Gegentor. Real Madrid hingegen strauchelte in den letzten elf Spielen des \u00f6fteren und gewann nur deren sechs. Dennoch sprechen aus meiner Sicht verschiedene Dinge und Entwicklungen zwischen den Zeilen eine deutlich andere Sprache, als es auf den ersten Blick scheint. Betrachten wir uns beispielsweise mal ausschlie\u00dflich die letzten f\u00fcnf Pflichtspiele vor der heutigen Niederlage gegen die RDC Mallorca (die f\u00fcr eine Betrachtung der aktuellen Form aufgrund des geringeren Zeitraums deutlich besser geeignet sind), f\u00e4llt sofort ins Auge, dass die K\u00f6niglichen vier dieser f\u00fcnf Partien siegreich gestalten konnten und dabei im Gegensatz zur Konkurrenz gr\u00f6\u00dftenteils extrem anspruchsvolle H\u00fcrden zu nehmen hatten. Einem 2:3 bei der &#8222;Remontada&#8220; (dt. Aufholjagd) gegen das gelbe U-Boot aus Villareal folgte ein 2:0 Erfolg ins Bilbaos Hexenkessel, danach siegte man zu Hause im Pokal gegen Atl\u00e9tico (3:1 n.V.) und schlug nach einem \u00e4u\u00dferst ungl\u00fccklichen 0:0 gegen den Tabellendritten Real Sociedad den FC Valencia zu Hause mehr als \u00fcberzeugend mit 2:0. Was dabei zus\u00e4tzlich ins Auge f\u00e4llt ist, dass Madrid vier der letzten sechs Ligaspiele allesamt ohne Gegentor absolvierte und defensiv immer stabiler zu werden scheint. Bezeichnend daf\u00fcr ist, dass auch bei der Niederlage gegen die Mallorquiner am Sonntag (0 Torsch\u00fcsse) das Gegentor durch einen eigenen Spieler (Nacho) erzielt wurde. Doch dem nicht genug, denn man spielt seit Wochen mit einer Viererabwehrkette, die sich aufgrund der gravierenden Verletzungssorgen quasi von selbst aufstellt. Auf links muss der um den Golden Boy Award 2022 (bester Nachwuchsspieler des Jahres) gebrachte Rohdiamant Eduardo Camavinga aushelfen, w\u00e4hrend in der Mitte Toni R\u00fcdiger und \u00c9der Milit\u00e3o neben Aushilfsrechtsverteidiger Nacho verteidigen. Jetzt stellt sich mir die Frage, auf welches Level die neu gewonnen Defensivstabilit\u00e4t erst gehoben wird, wenn auch noch Leistungstr\u00e4ger wie David Alaba oder Dani Carvajal dauerhaft zur\u00fcckkehren? Doch nicht nur mannschaftlich zeigt die Formkurve stark nach oben, denn auch individuell steigerten sich einige Akteure in Wei\u00df in den letzten Wochen enorm. Paradebeispiel daf\u00fcr ist der aktuell \u00fcberragend aufspielende Dani Ceballos, der es versteht, mit seinem unnachahmlichen Einsatz und dem n\u00f6tigen Kampfgeist voranzugehen und derzeit sogar drauf und dran ist, Legende Luka Modric dauerhaft auf die Bank zu verdr\u00e4ngen. Doch nicht nur der 26-J\u00e4hrige Andalusier, sondern auch der zuvor etwas wankelm\u00fctige Vinicius Junior oder Supertalent Eduardo Camavinga kommen wieder immer besser in Fahrt. Sp\u00e4testens wenn Anfang M\u00e4rz die entscheidenden Clasico Wochen beginnen, wird die Mannschaft von Carlo Ancelotti in absoluter Topverfassung sein, da bin ich mir ganz sicher. So ist es in meinen Augen fast schon begr\u00fc\u00dfenswert und zugleich be\u00e4ngstigend, dass Real Madrid seine Schw\u00e4chephase durch perfekte Planung in den &#8222;Vorbereitungsmonaten&#8220; Januar\/Februar hinter sich bringt und Barca genau dann gro\u00df aufspielt, wenn es am Ende keinen mehr interessieren wird. Dass der stolze Club aus Katalonien in diesem Zeitraum nur einen Acht-Punkte Vorsprung rausholen konnte, freut mich umso mehr. Reals Zeit beginnt n\u00e4mlich jetzt!<\/p>\n\n\n\n<p><strong>Kader &#8211; Real klar \u00fcberlegen<\/strong><\/p>\n\n\n\n<p>Geht man mal weg von der aktuellen Form und blickt auf die einzelnen Mannschaftsteile, so sehe ich Real auch hier in allen Belangen individuell klar besser aufgestellt. Doch alles der Reihe nach, am besten beginnen wir im Tor. Dort steht bei den K\u00f6niglichen mit Thibaut Courtois der aktuelle Welttorh\u00fcter im Kasten, der auch in dieser Saison wieder konstant zu \u00fcberzeugen wusste und sein \u00fcberragendes Jahr 2022 mit der Berufung ins FIFA Team of the Year kr\u00f6nte (<a rel=\"noreferrer noopener\" href=\"http:\/\/4ballers.de\/?p=1378\" target=\"_blank\">Zum Artikel<\/a>). Noch Fragen? Danke Marc-Andr\u00e9, du darfst dich wieder setzen. In der Abwehr gl\u00e4nzt Real vor allem durch seine Routine, denn mit einer Defensive, die alleine zusammengerechnet 22 Champions League Titel in der Vitrine stehen hat, ist schon viel gesagt. Doch auch beim Blick auf die einzelnen Positionen wird der Qualit\u00e4tsunterschied zwischen den beiden Teams schnell deutlich. Auf rechts verteidigt in Dani Carvajal, wenn fit, ein absoluter Routinier und Mann von Weltklasseformat, der dazu in der Lage ist, so ziemlichen jeden Offensivspieler der Welt durch sein enormes Spielverst\u00e4ndnis als auch seine Cleverness auszuschalten. Barca, das in Sergi Roberto (der eigentlich Mittelfeldspieler ist) nur \u00fcber einen nominellen Rechtsverteidiger verf\u00fcgt und h\u00e4ufig mit Kound\u00e9 oder Ara\u00fajo antritt, kann dort in keinem Fall mithalten. Auch in der Mitte verteidigen bei Real mit \u00c9der Milit\u00e3o und David Alaba zwei absolute Weltklasseakteure, die durch ihr Leistungsverm\u00f6gen sowie ihre gro\u00dfe Erfahrung so ziemlichen Spieler alt aussehen lassen. Auf links steht Ferland Mendy dem jungen Alejandro Balde sowie dem Routinier Jordi Alba gegen\u00fcber. Wohl die einzige Position, \u00fcber die man hier ernsthaft streiten k\u00f6nnte. Im Mittelfeld gl\u00e4nzen mit Toni Kroos, Luka Modric und Aur\u00e9lien Tchouam\u00e9ni zwei absolute Legenden sowie der Thronfolger von Vereinslegende Casemiro. Ein gr\u00f6\u00dferes Lob gibt es dabei nicht, was auch die 80 Millionen Abl\u00f6se, die im Sommer an die AS Monaco flossen, eindrucksvoll beweisen. Barcas Mittelfeld dagegen gl\u00e4nzt eher durch seine jungen Talente wie Gavi und Pedri, die ohne Zweifel in ihrem Alter beeindruckendes leisten und zusammen mit Sergio Busquets ein souver\u00e4nes Dreiermittelfeld bilden. Real hat junge Spielertypen dieser Qualit\u00e4t mit Camavinga und Valverde allerdings ebenso in seinem Kader, doch reicht es aufgrund der riesigen individuellen Klasse von Kroos und Modric noch nicht zu einem Platz in der ersten Elf. Spieler wie Gavi oder sein Kumpel Pedri k\u00f6nnen sich also gl\u00fccklich sch\u00e4tzen, dass man in Barcelona von bezahlbaren Spielern dieser Qualit\u00e4t auf absehbare Zeit nur tr\u00e4umen kann. Und auch im Angriff sieht das Bild nicht anders aus: An vorderster Front st\u00fcrmt in Katalonien ein gewisser Robert Lewandowski, ein sicherer Punkt f\u00fcr Barca sollte man meinen. W\u00e4re es auch, wenn in Madrid mit Karim Benzema nicht der aktuelle Weltfu\u00dfballer unter Vertrag stehen w\u00fcrde, schade eigentlich f\u00fcr <a rel=\"noreferrer noopener\" href=\"https:\/\/www.instagram.com\/reel\/Cm7MkzML94V\/\" target=\"_blank\">Dancing-Robert<\/a>. Auf den Au\u00dfenbahnen zeigt sich ein \u00e4hnliches Bild, denn mit Vinicius Junior und Fede Valverde, der wie gesagt aufgrund des dichten Gedr\u00e4nges im Mittelfeld h\u00e4ufig auf rechts ausweichen muss, verf\u00fcgen die Blancos \u00fcber zwei Spieler, die im vergangenen Jahr das Champions League Finale gegen den FC Liverpool entschieden haben. Allerdings hinkt dieser Vergleich ein wenig, denn ein Endspiel in der K\u00f6nigsklasse bestritt der FC Barcelona zuletzt 2015. Da waren Gavi und Pedri \u00fcbrigens gerade einmal 10 bzw. 12 Jahre alt. Auch in zweiter Reihe verf\u00fcgt Real Madrid mit Rodrygo, Asensio oder Dauerreservist Hazard \u00fcber enorme Qualit\u00e4t, die im Zweifel von der Bank mal eben im Alleingang in zwei Minuten ein Champions League Halbfinale entscheidet. Barca hingegen tritt mit Raphinha, Edelreservist Ferran Torres, Talent Ansu Fati oder Streikprofi Ousmane Demb\u00e9l\u00e9 an, der ohne Zweifel auf dem Platz deutlich mehr Qualit\u00e4t besitzt als au\u00dferhalb. Aber auch hier hinkt der Vergleich wieder, denn ein CL Halbfinale bestritt der dieses Jahr zum zweiten Mal in die Europa League abgestiegene FCB zuletzt im Jahr 2019 gegen Divock Origi und den FC Liverpool. <\/p>\n\n\n\n<p><strong>Trainer und Umfeld &#8211; Ancelotti und Vereinsf\u00fchrung \u00fcberzeugen durch Kontinuit\u00e4t<\/strong><\/p>\n\n\n\n<p>Kommt man auf das Vereinsumfeld zu sprechen, f\u00e4llt in Madrid als erstes ein Name ins Auge, denn auf der Trainerbank nimmt in der spanischen Hauptstadt mit Carlo Ancelotti eine absolute Legende Platz. Der Italiener gewann bereits vier Mal die UEFA Champions League und schaffte es im vergangenen Sommer als erster Trainer aller Zeiten, in allen f\u00fcnf europ\u00e4ischen Topligen Meister zu werden (Juventus, Chelsea, PSG, Bayern, Real). Auch ansonsten ist Don Carlo als erfahrener Fachmann in Madrid nicht mehr wegzudenken. So durchlief der fr\u00fcher als sturer Pragmatiker bekannte Kaugummifetischist in den vergangenen einundhalb Jahren einen Entwicklung, die nicht nur in Madrid die wenigsten f\u00fcr m\u00f6glich gehalten haben. Er gl\u00e4nzte vor allem in der so \u00fcberragenden CL Ko.-Phase mit unz\u00e4hligen Aufholjagden gegen PSG, Chelsea und ManCity durch taktisch extrem clevere Kniffe und entschied durch sein gl\u00fcckliches H\u00e4ndchen bei Einwechslungen mehrere Partien ma\u00dfgeblich mit. Auch an der Rotation hat der 63-J\u00e4hrige inzwischen aufgrund der enormen Kaderqualit\u00e4t des Teams Gefallen gefunden. Nach 1,5 Jahren der spielerischen Stagnation unter Erfolgstrainer Zinedine Zidane hat &#8222;Carletto&#8220; den Glanz zur\u00fcckgebracht und einige Spieler im Kader der Blancos auf das n\u00e4chste Level gehoben. Stellvertretend daf\u00fcr zu nennen ist ganz klar die Entwicklung von Vinicius Junior, den Ancelotti durch absolutes Vertrauen und die n\u00f6tigen Freiheiten im Offensivspiel vom talentierten Problemkind zum absoluten Weltstar reifen lies. Wirkte &#8222;Vini&#8220; unter Zidane meist gehemmt und selten gesetzt, nahm seine Entwicklung unter dem italienischen Trainerroutinier eine nicht mehr f\u00fcr m\u00f6glich gehaltene Wendung, die sp\u00e4testens mit dem Siegtor im Champions League Finale in der absoluten Weltspitze gipfelte. Auch Stars wie Federico &#8222;Fede&#8220; Valverde, sowie ehemalige Problemkinder wie Dani Ceballos wurden von &#8222;El M\u00edster&#8220; leistungstechnisch auf ein komplett neues Level gehoben. Im Vergleich zum oberfl\u00e4chlich taktisch variabler wirkenden Trainernovize Xavi, ist das gro\u00dfe Plus von Ancelotti seine enorme Routine sowie die Art und Weise der Menschenf\u00fchrung, die ihn als Trainer zu einem echten Unikat machen. Blickt man ins erweiterte Vereinsumfeld, besitzt Madrid in Florentino Perez nicht nur einen Pr\u00e4sidenten, der durch sein enormes Geschick mittlerweile mit Vereinslegende Santiago Bernabe\u00fa verglichen werden kann, sondern durch sein finanziell umsichtiges Handeln auch daf\u00fcr sorgte, dass Real Madrid im Jahr 2023 nicht nur nettoschuldenfrei ist, sondern sogar die Rechte an Stadion und dem hauseigenen Vereinssender behalten konnte. Gr\u00fc\u00dfe nach Barcelona!<\/p>\n\n\n\n<p><strong>Internationale St\u00e4rke &#8211; Real Madrid weiter das Nonplusultra in Europa<\/strong><\/p>\n\n\n\n<p>Ich denke dieser Punkt ist noch weniger diskutabel, als die Finanzlage des ewigen Rivalen. Ich m\u00f6chte nicht unfair sein, weshalb ich nicht gro\u00df auf die Errungenschaften vergangener Jahre eingehen werde. Dass Real Madrid in den letzten neun Jahren ganze f\u00fcnf Mal die UEFA Champions League gewann, ist Geschichte und auch der Triumph von Paris gegen den FC Liverpool ist nun schon wieder ganze sieben Monate her. Betrachten wir uns den Punkt &#8222;internationale St\u00e4rke&#8220; nun also mal aus der aktuellen Sicht heraus, sind die Anspr\u00fcche der Blancos in diesem Wettbewerb nach wie vor die h\u00f6chstm\u00f6glichen. Auch in diesem Jahr gilt nichts anderes als der CL Triumph und dieser scheint trotz der starken Konkurrenz wieder absolut im Bereich des Vorstellbaren zu liegen. Im Verein ist man \u00fcberzeugt von seinem Spielermaterial und auch die Konkurrenz kennt, sp\u00e4testens seit der letzten Saison, die St\u00e4rken der Blancos ganz genau. Vom Kader her sind die Madrilenen wie bereits erw\u00e4hnt sowieso auf allen Positionen absolut weltklasse besetzt. Auch in Barcelona liegt der Fokus darauf, den internationalen Wettbewerb, in dem man noch vertreten ist, zu gewinnen. Dass es dabei allerdings nicht um die Jagd nach dem begehrten Henkelpott geht, sondern nur um die UEFA Europa League, ist hinl\u00e4nglich bekannt. Beide Teams sind somit weiter in drei Wettbewerben gefordert, die ihnen auf unterschiedliche Weise, dem jeweiligen Leistungsniveau angepasst, alles abverlangen werden. F\u00fcr Real ist dieser Umstand aufgrund der immensen Erfahrung mit solchen Drucksituationen allerdings nichts Neues mehr und sollte bei einem Weiterkommen gegen den FC Liverpool einen zus\u00e4tzlichen Push verleihen. International ist man eben als amtierender Titelverteidiger nach wie vor das Nonplusultra und wird durch das Zusammenspiel der einzelnen Ebenen weiter ein Team sein, dessen unb\u00e4ndige St\u00e4rke niemals wegdiskutiert werden kann.<\/p>\n\n\n\n<p><strong>Fazit<\/strong> <strong>&#8211; Der spanische Meister hei\u00dft auch 2023 Real Madrid<\/strong><\/p>\n\n\n\n<p>Wie ihr sehen konntet, ist mein Optimismus trotz vermeintlich schlechter Ausgangslage weiter ungebrochen, da ich auf die St\u00e4rken Madrids vertraue und aus unz\u00e4hligen Jahren als Fan dieser Mannschaft wei\u00df, wie schnell sich ein gewisses Momentum in diesem schnelllebigen Fu\u00dfballgesch\u00e4ft \u00e4ndern kann. Real wird weiter unbeirrt seinen Weg gehen und durch bekannte St\u00e4rken wie Erfahrung, Mentalit\u00e4t sowie Kampfgeist alles daran setzen, den Titel in Spaniens La Liga zu verteidigen. Sp\u00e4testens im zuvor bereits angesprochenen direkten Duell im Clasico in wenigen Wochen wird man ein Zeichen setzen und durch einen Sieg im Spotify Camp Nou das Titelrennen letztendlich wieder spannend machen. Und dann, wer wei\u00df, beginnt auch bei so stolzen Katalanen das Kopfkino und die mentale Komponente mitzuwirken, wenn es darum geht, auch in Zukunft den Spitzenplatz gegen einen routinierten J\u00e4ger aus Madrid verteidigen zu m\u00fcssen. Viel Spa\u00df dabei w\u00fcnsche ich in jedem Fall allen Barca Fans, die bis dahin grinsend in den Tag hineinleben und sich durch Hauptsponsor Spotify die n\u00f6tige Motivation \u00fcber Playlisten und Co. holen k\u00f6nnen. Und keine Sorge, der bleibt euch auch erhalten, wenn ihr (wie erwartet) nicht Meister werdet. In Madrid ist und bleibt man zuversichtlich, dass schlussendlich alles so ausgeht, wie es ausgehen muss. Ich freu mich drauf!<\/p>\n\n\n\n<p><strong>\u00a1Hala Madrid y nada m\u00e1s!<\/strong><\/p>\n\n\n\n<p><\/p>\n","protected":false},"excerpt":{"rendered":"<p>Lesezeit: 10 Minuten Das Titelrennen in Spaniens La Liga ist so offen wie lange nicht mehr. Dass das so ist, ist dabei ganz allein dem FC Barcelona zu verdanken, der Real Madrid nach Jahren der Konkurrenzlosigkeit nun auch in der heimischen Liga wieder einmal so richtig fordert. Rein objektiv gesehen m\u00f6gen so einige Fakten wie &hellip; <\/p>\n","protected":false},"author":2,"featured_media":2126,"comment_status":"open","ping_status":"open","sticky":false,"template":"","format":"standard","meta":{"footnotes":""},"categories":[7],"tags":[27,25,67,94,96,97,24,93],"class_list":["post-1517","post","type-post","status-publish","format-standard","has-post-thumbnail","hentry","category-international","tag-4ballers","tag-barca","tag-benzema","tag-fc-barcelona","tag-la-liga","tag-lewandowski","tag-real","tag-real-madrid"],"yoast_head":"<!-- This site is optimized with the Yoast SEO plugin v27.4 - https:\/\/yoast.com\/product\/yoast-seo-wordpress\/ -->\n<title>Warum Real Madrid spanischer Meister wird - 4Ballers - Euer Fu\u00dfballblog<\/title>\n<meta name=\"robots\" content=\"index, follow, max-snippet:-1, max-image-preview:large, max-video-preview:-1\" \/>\n<link rel=\"canonical\" href=\"https:\/\/4Ballers.de\/?p=1517\" \/>\n<meta property=\"og:locale\" content=\"de_DE\" \/>\n<meta property=\"og:type\" content=\"article\" \/>\n<meta property=\"og:title\" content=\"Warum Real Madrid spanischer Meister wird - 4Ballers - Euer Fu\u00dfballblog\" \/>\n<meta property=\"og:description\" content=\"Lesezeit: 10 Minuten Das Titelrennen in Spaniens La Liga ist so offen wie lange nicht mehr. Dass das so ist, ist dabei ganz allein dem FC Barcelona zu verdanken, der Real Madrid nach Jahren der Konkurrenzlosigkeit nun auch in der heimischen Liga wieder einmal so richtig fordert. Rein objektiv gesehen m\u00f6gen so einige Fakten wie &hellip;\" \/>\n<meta property=\"og:url\" content=\"https:\/\/4Ballers.de\/?p=1517\" \/>\n<meta property=\"og:site_name\" content=\"4Ballers - Euer Fu\u00dfballblog\" \/>\n<meta property=\"article:published_time\" content=\"2023-02-07T12:02:54+00:00\" \/>\n<meta property=\"article:modified_time\" content=\"2023-04-17T15:40:20+00:00\" \/>\n<meta property=\"og:image\" content=\"https:\/\/4Ballers.de\/wp-content\/uploads\/2023\/02\/IMG_4549-scaled.jpg\" \/>\n\t<meta property=\"og:image:width\" content=\"1920\" \/>\n\t<meta property=\"og:image:height\" content=\"2560\" \/>\n\t<meta property=\"og:image:type\" content=\"image\/jpeg\" \/>\n<meta name=\"author\" content=\"Lukas Schmitt\" \/>\n<meta name=\"twitter:card\" content=\"summary_large_image\" \/>\n<meta name=\"twitter:creator\" content=\"@4Ballers_\" \/>\n<meta name=\"twitter:site\" content=\"@4Ballers_\" \/>\n<meta name=\"twitter:label1\" content=\"Verfasst von\" \/>\n\t<meta name=\"twitter:data1\" content=\"Lukas Schmitt\" \/>\n\t<meta name=\"twitter:label2\" content=\"Gesch\u00e4tzte Lesezeit\" \/>\n\t<meta name=\"twitter:data2\" content=\"12\u00a0Minuten\" \/>\n<script type=\"application\/ld+json\" class=\"yoast-schema-graph\">{\"@context\":\"https:\\\/\\\/schema.org\",\"@graph\":[{\"@type\":\"Article\",\"@id\":\"https:\\\/\\\/4Ballers.de\\\/?p=1517#article\",\"isPartOf\":{\"@id\":\"https:\\\/\\\/4Ballers.de\\\/?p=1517\"},\"author\":{\"name\":\"Lukas Schmitt\",\"@id\":\"https:\\\/\\\/4Ballers.de\\\/#\\\/schema\\\/person\\\/a23eeed8afa2f2e4c487131ce9456e5d\"},\"headline\":\"Warum Real Madrid spanischer Meister wird\",\"datePublished\":\"2023-02-07T12:02:54+00:00\",\"dateModified\":\"2023-04-17T15:40:20+00:00\",\"mainEntityOfPage\":{\"@id\":\"https:\\\/\\\/4Ballers.de\\\/?p=1517\"},\"wordCount\":2342,\"commentCount\":0,\"image\":{\"@id\":\"https:\\\/\\\/4Ballers.de\\\/?p=1517#primaryimage\"},\"thumbnailUrl\":\"https:\\\/\\\/4Ballers.de\\\/wp-content\\\/uploads\\\/2023\\\/02\\\/IMG_4549-scaled.jpg\",\"keywords\":[\"4Ballers\",\"Barca\",\"Benzema\",\"FC Barcelona\",\"La Liga\",\"Lewandowski\",\"Real\",\"Real Madrid\"],\"articleSection\":[\"International \ud83d\udcaf\"],\"inLanguage\":\"de\",\"potentialAction\":[{\"@type\":\"CommentAction\",\"name\":\"Comment\",\"target\":[\"https:\\\/\\\/4Ballers.de\\\/?p=1517#respond\"]}]},{\"@type\":\"WebPage\",\"@id\":\"https:\\\/\\\/4Ballers.de\\\/?p=1517\",\"url\":\"https:\\\/\\\/4Ballers.de\\\/?p=1517\",\"name\":\"Warum Real Madrid spanischer Meister wird - 4Ballers - Euer Fu\u00dfballblog\",\"isPartOf\":{\"@id\":\"https:\\\/\\\/4Ballers.de\\\/#website\"},\"primaryImageOfPage\":{\"@id\":\"https:\\\/\\\/4Ballers.de\\\/?p=1517#primaryimage\"},\"image\":{\"@id\":\"https:\\\/\\\/4Ballers.de\\\/?p=1517#primaryimage\"},\"thumbnailUrl\":\"https:\\\/\\\/4Ballers.de\\\/wp-content\\\/uploads\\\/2023\\\/02\\\/IMG_4549-scaled.jpg\",\"datePublished\":\"2023-02-07T12:02:54+00:00\",\"dateModified\":\"2023-04-17T15:40:20+00:00\",\"author\":{\"@id\":\"https:\\\/\\\/4Ballers.de\\\/#\\\/schema\\\/person\\\/a23eeed8afa2f2e4c487131ce9456e5d\"},\"breadcrumb\":{\"@id\":\"https:\\\/\\\/4Ballers.de\\\/?p=1517#breadcrumb\"},\"inLanguage\":\"de\",\"potentialAction\":[{\"@type\":\"ReadAction\",\"target\":[\"https:\\\/\\\/4Ballers.de\\\/?p=1517\"]}]},{\"@type\":\"ImageObject\",\"inLanguage\":\"de\",\"@id\":\"https:\\\/\\\/4Ballers.de\\\/?p=1517#primaryimage\",\"url\":\"https:\\\/\\\/4Ballers.de\\\/wp-content\\\/uploads\\\/2023\\\/02\\\/IMG_4549-scaled.jpg\",\"contentUrl\":\"https:\\\/\\\/4Ballers.de\\\/wp-content\\\/uploads\\\/2023\\\/02\\\/IMG_4549-scaled.jpg\",\"width\":1920,\"height\":2560},{\"@type\":\"BreadcrumbList\",\"@id\":\"https:\\\/\\\/4Ballers.de\\\/?p=1517#breadcrumb\",\"itemListElement\":[{\"@type\":\"ListItem\",\"position\":1,\"name\":\"Startseite\",\"item\":\"https:\\\/\\\/4Ballers.de\\\/\"},{\"@type\":\"ListItem\",\"position\":2,\"name\":\"Warum Real Madrid spanischer Meister wird\"}]},{\"@type\":\"WebSite\",\"@id\":\"https:\\\/\\\/4Ballers.de\\\/#website\",\"url\":\"https:\\\/\\\/4Ballers.de\\\/\",\"name\":\"4Ballers\",\"description\":\"\",\"potentialAction\":[{\"@type\":\"SearchAction\",\"target\":{\"@type\":\"EntryPoint\",\"urlTemplate\":\"https:\\\/\\\/4Ballers.de\\\/?s={search_term_string}\"},\"query-input\":{\"@type\":\"PropertyValueSpecification\",\"valueRequired\":true,\"valueName\":\"search_term_string\"}}],\"inLanguage\":\"de\"},{\"@type\":\"Person\",\"@id\":\"https:\\\/\\\/4Ballers.de\\\/#\\\/schema\\\/person\\\/a23eeed8afa2f2e4c487131ce9456e5d\",\"name\":\"Lukas Schmitt\",\"image\":{\"@type\":\"ImageObject\",\"inLanguage\":\"de\",\"@id\":\"https:\\\/\\\/secure.gravatar.com\\\/avatar\\\/ba60c656bea79c301c98542fa9aa2520ecde30acfd1a4d5ddf3342e3f794f942?s=96&d=blank&r=g\",\"url\":\"https:\\\/\\\/secure.gravatar.com\\\/avatar\\\/ba60c656bea79c301c98542fa9aa2520ecde30acfd1a4d5ddf3342e3f794f942?s=96&d=blank&r=g\",\"contentUrl\":\"https:\\\/\\\/secure.gravatar.com\\\/avatar\\\/ba60c656bea79c301c98542fa9aa2520ecde30acfd1a4d5ddf3342e3f794f942?s=96&d=blank&r=g\",\"caption\":\"Lukas Schmitt\"},\"sameAs\":[\"http:\\\/\\\/4Ballers\"],\"url\":\"https:\\\/\\\/4Ballers.de\\\/?author=2\"}]}<\/script>\n<!-- \/ Yoast SEO plugin. -->","yoast_head_json":{"title":"Warum Real Madrid spanischer Meister wird - 4Ballers - Euer Fu\u00dfballblog","robots":{"index":"index","follow":"follow","max-snippet":"max-snippet:-1","max-image-preview":"max-image-preview:large","max-video-preview":"max-video-preview:-1"},"canonical":"https:\/\/4Ballers.de\/?p=1517","og_locale":"de_DE","og_type":"article","og_title":"Warum Real Madrid spanischer Meister wird - 4Ballers - Euer Fu\u00dfballblog","og_description":"Lesezeit: 10 Minuten Das Titelrennen in Spaniens La Liga ist so offen wie lange nicht mehr. Dass das so ist, ist dabei ganz allein dem FC Barcelona zu verdanken, der Real Madrid nach Jahren der Konkurrenzlosigkeit nun auch in der heimischen Liga wieder einmal so richtig fordert. Rein objektiv gesehen m\u00f6gen so einige Fakten wie &hellip;","og_url":"https:\/\/4Ballers.de\/?p=1517","og_site_name":"4Ballers - Euer Fu\u00dfballblog","article_published_time":"2023-02-07T12:02:54+00:00","article_modified_time":"2023-04-17T15:40:20+00:00","og_image":[{"width":1920,"height":2560,"url":"https:\/\/4Ballers.de\/wp-content\/uploads\/2023\/02\/IMG_4549-scaled.jpg","type":"image\/jpeg"}],"author":"Lukas Schmitt","twitter_card":"summary_large_image","twitter_creator":"@4Ballers_","twitter_site":"@4Ballers_","twitter_misc":{"Verfasst von":"Lukas Schmitt","Gesch\u00e4tzte Lesezeit":"12\u00a0Minuten"},"schema":{"@context":"https:\/\/schema.org","@graph":[{"@type":"Article","@id":"https:\/\/4Ballers.de\/?p=1517#article","isPartOf":{"@id":"https:\/\/4Ballers.de\/?p=1517"},"author":{"name":"Lukas Schmitt","@id":"https:\/\/4Ballers.de\/#\/schema\/person\/a23eeed8afa2f2e4c487131ce9456e5d"},"headline":"Warum Real Madrid spanischer Meister wird","datePublished":"2023-02-07T12:02:54+00:00","dateModified":"2023-04-17T15:40:20+00:00","mainEntityOfPage":{"@id":"https:\/\/4Ballers.de\/?p=1517"},"wordCount":2342,"commentCount":0,"image":{"@id":"https:\/\/4Ballers.de\/?p=1517#primaryimage"},"thumbnailUrl":"https:\/\/4Ballers.de\/wp-content\/uploads\/2023\/02\/IMG_4549-scaled.jpg","keywords":["4Ballers","Barca","Benzema","FC Barcelona","La Liga","Lewandowski","Real","Real Madrid"],"articleSection":["International \ud83d\udcaf"],"inLanguage":"de","potentialAction":[{"@type":"CommentAction","name":"Comment","target":["https:\/\/4Ballers.de\/?p=1517#respond"]}]},{"@type":"WebPage","@id":"https:\/\/4Ballers.de\/?p=1517","url":"https:\/\/4Ballers.de\/?p=1517","name":"Warum Real Madrid spanischer Meister wird - 4Ballers - Euer Fu\u00dfballblog","isPartOf":{"@id":"https:\/\/4Ballers.de\/#website"},"primaryImageOfPage":{"@id":"https:\/\/4Ballers.de\/?p=1517#primaryimage"},"image":{"@id":"https:\/\/4Ballers.de\/?p=1517#primaryimage"},"thumbnailUrl":"https:\/\/4Ballers.de\/wp-content\/uploads\/2023\/02\/IMG_4549-scaled.jpg","datePublished":"2023-02-07T12:02:54+00:00","dateModified":"2023-04-17T15:40:20+00:00","author":{"@id":"https:\/\/4Ballers.de\/#\/schema\/person\/a23eeed8afa2f2e4c487131ce9456e5d"},"breadcrumb":{"@id":"https:\/\/4Ballers.de\/?p=1517#breadcrumb"},"inLanguage":"de","potentialAction":[{"@type":"ReadAction","target":["https:\/\/4Ballers.de\/?p=1517"]}]},{"@type":"ImageObject","inLanguage":"de","@id":"https:\/\/4Ballers.de\/?p=1517#primaryimage","url":"https:\/\/4Ballers.de\/wp-content\/uploads\/2023\/02\/IMG_4549-scaled.jpg","contentUrl":"https:\/\/4Ballers.de\/wp-content\/uploads\/2023\/02\/IMG_4549-scaled.jpg","width":1920,"height":2560},{"@type":"BreadcrumbList","@id":"https:\/\/4Ballers.de\/?p=1517#breadcrumb","itemListElement":[{"@type":"ListItem","position":1,"name":"Startseite","item":"https:\/\/4Ballers.de\/"},{"@type":"ListItem","position":2,"name":"Warum Real Madrid spanischer Meister wird"}]},{"@type":"WebSite","@id":"https:\/\/4Ballers.de\/#website","url":"https:\/\/4Ballers.de\/","name":"4Ballers","description":"","potentialAction":[{"@type":"SearchAction","target":{"@type":"EntryPoint","urlTemplate":"https:\/\/4Ballers.de\/?s={search_term_string}"},"query-input":{"@type":"PropertyValueSpecification","valueRequired":true,"valueName":"search_term_string"}}],"inLanguage":"de"},{"@type":"Person","@id":"https:\/\/4Ballers.de\/#\/schema\/person\/a23eeed8afa2f2e4c487131ce9456e5d","name":"Lukas Schmitt","image":{"@type":"ImageObject","inLanguage":"de","@id":"https:\/\/secure.gravatar.com\/avatar\/ba60c656bea79c301c98542fa9aa2520ecde30acfd1a4d5ddf3342e3f794f942?s=96&d=blank&r=g","url":"https:\/\/secure.gravatar.com\/avatar\/ba60c656bea79c301c98542fa9aa2520ecde30acfd1a4d5ddf3342e3f794f942?s=96&d=blank&r=g","contentUrl":"https:\/\/secure.gravatar.com\/avatar\/ba60c656bea79c301c98542fa9aa2520ecde30acfd1a4d5ddf3342e3f794f942?s=96&d=blank&r=g","caption":"Lukas Schmitt"},"sameAs":["http:\/\/4Ballers"],"url":"https:\/\/4Ballers.de\/?author=2"}]}},"_links":{"self":[{"href":"https:\/\/4Ballers.de\/index.php?rest_route=\/wp\/v2\/posts\/1517","targetHints":{"allow":["GET"]}}],"collection":[{"href":"https:\/\/4Ballers.de\/index.php?rest_route=\/wp\/v2\/posts"}],"about":[{"href":"https:\/\/4Ballers.de\/index.php?rest_route=\/wp\/v2\/types\/post"}],"author":[{"embeddable":true,"href":"https:\/\/4Ballers.de\/index.php?rest_route=\/wp\/v2\/users\/2"}],"replies":[{"embeddable":true,"href":"https:\/\/4Ballers.de\/index.php?rest_route=%2Fwp%2Fv2%2Fcomments&post=1517"}],"version-history":[{"count":64,"href":"https:\/\/4Ballers.de\/index.php?rest_route=\/wp\/v2\/posts\/1517\/revisions"}],"predecessor-version":[{"id":1588,"href":"https:\/\/4Ballers.de\/index.php?rest_route=\/wp\/v2\/posts\/1517\/revisions\/1588"}],"wp:featuredmedia":[{"embeddable":true,"href":"https:\/\/4Ballers.de\/index.php?rest_route=\/wp\/v2\/media\/2126"}],"wp:attachment":[{"href":"https:\/\/4Ballers.de\/index.php?rest_route=%2Fwp%2Fv2%2Fmedia&parent=1517"}],"wp:term":[{"taxonomy":"category","embeddable":true,"href":"https:\/\/4Ballers.de\/index.php?rest_route=%2Fwp%2Fv2%2Fcategories&post=1517"},{"taxonomy":"post_tag","embeddable":true,"href":"https:\/\/4Ballers.de\/index.php?rest_route=%2Fwp%2Fv2%2Ftags&post=1517"}],"curies":[{"name":"wp","href":"https:\/\/api.w.org\/{rel}","templated":true}]}}