{"id":1378,"date":"2023-01-11T13:50:30","date_gmt":"2023-01-11T12:50:30","guid":{"rendered":"http:\/\/4Ballers.de\/?p=1378"},"modified":"2023-02-15T17:07:08","modified_gmt":"2023-02-15T16:07:08","slug":"unser-team-of-the-year","status":"publish","type":"post","link":"https:\/\/4Ballers.de\/?p=1378","title":{"rendered":"Unser Team of the Year"},"content":{"rendered":"\n<p><strong>Lesezeit: 5 Minuten<\/strong><\/p>\n\n\n\n<p>Alle Jahre wieder steht die Wahl zum Team of the Year (kurz TOTY) an. W\u00e4hrend Millionen von Fans aus aller Welt f\u00fcr ihre ganz pers\u00f6nlichen Spieler des Jahres 2022 abstimmen, wird es auch f\u00fcr uns wieder Zeit, unseren ganz pers\u00f6nlichen &#8222;Senf&#8220; zu dieser Ansammlung an Superstars dazuzugeben. Wer in diesem Team die klar gesetzte Nummer 1 ist, warum die Abwehr mehr als nur innovativ daherkommt und warum die Auswahl im Sturm fast schon an reine Unm\u00f6glichkeit grenzt, erfahrt ihr im folgenden Artikel.<\/p>\n\n\n\n<p><strong>Klare Nummer 1 und eine innovative Defensive<\/strong><\/p>\n\n\n\n<p>Beginnen wir im Tor: So sehr man sich dabei auch dreht und windet, als Atletico- Fan vielleicht immer noch schlecht auf ihn zu sprechen ist, oder ob er dir gerade am Strand das Sonnenlicht klaut: An Thibaut Courtois ist in dieser Elf des Jahres absolut kein Vorbeikommen. Als fantastischer R\u00fcckhalt seines Teams gewann der 30-j\u00e4hrige Belgier das Finale der Champions League im vergangenen Mai gegen den FC Liverpool mit seinen Paraden fast im Alleingang, &#8222;TC1&#8220; Siegertattoo (Initialen des Torh\u00fcters) inklusive. Courtois war trotz des entt\u00e4uschenden Abschneidens mit der belgischen Nationalmannschaft bei der WM in Katar der Beste seiner Kategorie und hat sich diesen Platz absolut verdient. Kommen wir nun zur Viererkette, die deutlich innovativer und m\u00f6glicherweise unerwarteter daherkommt als unsere Wahl im Tor. In der Abwehrzentrale haben wir uns zum einen f\u00fcr Ruben Dias entschieden, welcher den englischen Meister Manchester City zeitweise sogar als Kapit\u00e4n aufs Feld f\u00fchrte. Der 24-J\u00e4hrige hat sich in jedem Fall l\u00e4ngst in Citys so lange Zeit br\u00fcchigen Abwehr etabliert und seit seinem Wechsel von Benfica Lissabon im Jahr 2020 eine enorme Entwicklung durchgemacht, die nun also durch seine Nominierung f\u00fcr das Team des Jahres gekr\u00f6nt wird. Sein Nebenmann ist da in Josko Gvardiol schon deutlich \u00fcberraschender. Auch der junge Verteidiger von RB Leipzig hat seit seinem Wechsel aus Zagreb 2021 eine Entwicklung genommen, die mit Adjektiven wie &#8222;steil&#8220; oder &#8222;atemberaubend&#8220; fast schon untertrieben ist. In der Bundesliga ohnehin l\u00e4ngst einer der Besten, findet seine Leistung l\u00e4ngst bei den gro\u00dfen Vereinen der Premier League oder auch den spanischen Giganten aus Madrid und Barcelona Beachtung. Nicht zuletzt, weil er als DFB Pokal Sieger auch bei der WM mit Halbfinalist Kroatien extrem stark performte, ist seine Wahl ins diesj\u00e4hrige TOTY nur folgerichtig. Auf der linken Au\u00dfenbahn befindet sich mit Theo Hern\u00e1ndez vielleicht die gr\u00f6\u00dfte \u00dcberraschung, da dieser unter anderem Spielern wie Alphonso Davies vorgezogen wurde. Allerdings ist auch die Performance des franz\u00f6sischen WM-Finalteilnehmers bei Milan, trotz Auftreten in der tendenziell eher etwas &#8222;schw\u00e4cheren&#8220; Serie A, nicht wegzudiskutieren. Theo verdient sich diesen Platz. Auf rechts findet sich mit Citys Jo\u00e3o Cancelo der wohl eindeutigste Kandidat der Viererkette wieder. So hat dieser nicht nur mit seinem Verein erneut \u00fcberzeugend die englische Meisterschaft gewonnen, sondern auch durch seine gef\u00fcrchteten Halbfeldflanken und seine enorme Spielfreude gro\u00dfen Anteil an der fast schon erdr\u00fcckenden nationalen Dominanz des Teams von Trainer Pep Guardiola.<\/p>\n\n\n\n<p><strong>Ein gefestigtes Mittelfeld<\/strong><\/p>\n\n\n\n<p>Im Mittelfeld sieht die Sache f\u00fcr uns deutlich klarer aus. Sowohl Luka Modric als auch Kevin de Bruyne haben sich einen Platz in der besten Elf des Jahres wieder einmal redlich verdient. Auch wenn der Kapit\u00e4n der kroatischen Nationalelf mit mittlerweile 37- Jahren l\u00e4ngst nicht mehr zu den J\u00fcngsten geh\u00f6rt, \u00fcberzeugt er jedes Spiel aufs neue mit seiner unglaublichen Spielintelligenz auf h\u00f6chstem Niveau. Dass der Applaus f\u00fcr Modric bei eigenen Auswechslungen in fremden Stadien l\u00e4ngst keine Seltenheit mehr ist, zeigt umso mehr, wie gro\u00df die Anerkennung f\u00fcr diesen feinen Fu\u00dfballer ist. Seine Wahl, genauso wie die von Kevin de Bruyne steht nicht zur Diskussion, denn auch dieser bescherte Manchester City mit seiner unnachahmlichen Art und Weise wieder einmal Momente f\u00fcr die Ewigkeit. Der dritte im Bunde l\u00e4sst da allerdings mehr Raum f\u00fcr Gedankenspielereien. Wenn man davon ausgeht, dass man im 4-3-3 aufstellt und noch einen zuverl\u00e4ssigen Nebenmann f\u00fcr Modric und de Bruyne sucht, k\u00f6nnte die Wahl schnell auf Casemiro oder Fabinho fallen, doch wir haben uns anders entschieden: Wir gehen mit &#8222;El Halc\u00f3n&#8220; (Der Falke), Fede Valverde. Diese atemberaubende Entwicklung des uruguayischen Mittefeldmannes mussten wir einfach w\u00fcrdigen. Als Prototyp des polyvalenten Spielers im modernen Spitzenfu\u00dfball brachte er seine Leistung sowohl auf der angestammten 8er Position, als auch als rechter Fl\u00fcgelspieler, wo er im Finale der Champions League gegen den FC Liverpool eine \u00fcberragende Performance hinlegte und den Siegtreffer von Vinicius Jr. vorbereitete. Seine Aufstellung als defensiver Nebenmann f\u00fcr die bereits zuvor genannten Legenden ist nur folgerichtig und tr\u00e4gt seiner Entwicklung als vielseitig einsetzbarer Trainerliebling Folge. Valverde ist nun endg\u00fcltig im Konzert der ganz Gro\u00dfen angekommen.<\/p>\n\n\n\n<p><strong>Sturm der Superlative<\/strong><\/p>\n\n\n\n<p>Im Sturm unseres diesj\u00e4hrigen Teams ist das Gedr\u00e4nge dicht wie nie. Es gibt so unglaublich viele geeignete Kandidaten, dass die Auswahl bzw. der Auschluss einiger Spieler fast schon wehtut. So schwer es auch war, so einfach war es, zwei der drei Angreifer unserer Offensive zu benennen. In Weltfu\u00dfballer Karim Benzema und Weltmeister Lionel Messi stehen Spieler in dieser Mannschaft, die dieses Jahr unglaubliches erreicht haben. W\u00e4hrend Real Madrids Nummer 9 sein Team mit schier au\u00dferirdischen Leistungen gegen PSG, City, Barca und Co. zum gro\u00dfen Double (Champions League und Meisterschaft) trug, kr\u00f6nte Argentiniens Zauberfloh seine Karriere mit dem Weltmeistertitel in Katar. \u00dcber keinen der beiden kann hier ernsthaft diskutiert werden. Anders sieht die Sache beim dritten Kandidaten f\u00fcr das diesj\u00e4hrige Team of the Year aus. Eine Aufz\u00e4hlung derer, die es nicht in unsere Mannschaft geschafft haben: Afrikameister Sadio Man\u00e9, Liverpools Mohamed Salah, Champions League Sieger Vinicius Jr. oder Citys Top Torj\u00e4ger Erling Haaland. Die Qualit\u00e4t auf dieser Position war absolut ph\u00e4nomenal und einzigartig. Der geneigte Fan wird allerdings bereits erkannt haben, f\u00fcr welchen Kandidaten wir uns an dritter Stelle neben Benzema und Messi entschieden haben: Es ist Superstar Kylian Mbapp\u00e9. Auch wenn der junge Franzose mit seinem Verein in der Champions League bereits fr\u00fch im Achtelfinale gegen Real Madrid scheiterte (1:0, 1:3) und mit Frankreich im WM Finale gegen Argentinien und Lionel Messi unterlag, mehr h\u00e4tte er auf individueller Ebene nicht tun k\u00f6nnen. Im Spiel gegen die K\u00f6niglichen erzielte der 24-J\u00e4hrige in beiden Spielen als bester Mann auf dem Platz jeweils einen Treffer und auch im WM Finale stemmte er sich mit aller Kraft gegen die Niederlage indem er einen Hattrick in 120 Minuten erzielte und sp\u00e4ter auch noch im Elfmeterschie\u00dfen traf. Dieser Spieler hatte einfach Pech mit der mentalen St\u00e4rke seiner Mannschaften, vor allem aber mit seinen Gegnern und deren unglaublichen Qualit\u00e4ten. Das mit Benzema und Messi die Stars der jeweiligen Endstationen in CL und WM als Mannschaftskollegen an seiner Seite stehen, kommt da nicht von ungef\u00e4hr. Mbapp\u00e9 ist auch in diesem Jahr ein unglaublicher Spieler gewesen und steht verdient als dritter Angreifer im unserem Team of the Year.<\/p>\n","protected":false},"excerpt":{"rendered":"<p>Lesezeit: 5 Minuten Alle Jahre wieder steht die Wahl zum Team of the Year (kurz TOTY) an. W\u00e4hrend Millionen von Fans aus aller Welt f\u00fcr ihre ganz pers\u00f6nlichen Spieler des Jahres 2022 abstimmen, wird es auch f\u00fcr uns wieder Zeit, unseren ganz pers\u00f6nlichen &#8222;Senf&#8220; zu dieser Ansammlung an Superstars dazuzugeben. Wer in diesem Team die &hellip; <\/p>\n","protected":false},"author":2,"featured_media":1633,"comment_status":"open","ping_status":"open","sticky":false,"template":"","format":"standard","meta":{"footnotes":""},"categories":[7],"tags":[27,67,70,35,72,62,52,24,38],"class_list":["post-1378","post","type-post","status-publish","format-standard","has-post-thumbnail","hentry","category-international","tag-4ballers","tag-benzema","tag-haaland","tag-katar","tag-madrid","tag-mbappe","tag-messi","tag-real","tag-wm"],"yoast_head":"<!-- This site is optimized with the Yoast SEO plugin v27.4 - https:\/\/yoast.com\/product\/yoast-seo-wordpress\/ -->\n<title>Unser Team of the Year - 4Ballers - Euer Fu\u00dfballblog<\/title>\n<meta name=\"robots\" content=\"index, follow, max-snippet:-1, max-image-preview:large, max-video-preview:-1\" \/>\n<link rel=\"canonical\" href=\"https:\/\/4Ballers.de\/?p=1378\" \/>\n<meta property=\"og:locale\" content=\"de_DE\" \/>\n<meta property=\"og:type\" content=\"article\" \/>\n<meta property=\"og:title\" content=\"Unser Team of the Year - 4Ballers - Euer Fu\u00dfballblog\" \/>\n<meta property=\"og:description\" content=\"Lesezeit: 5 Minuten Alle Jahre wieder steht die Wahl zum Team of the Year (kurz TOTY) an. W\u00e4hrend Millionen von Fans aus aller Welt f\u00fcr ihre ganz pers\u00f6nlichen Spieler des Jahres 2022 abstimmen, wird es auch f\u00fcr uns wieder Zeit, unseren ganz pers\u00f6nlichen &#8222;Senf&#8220; zu dieser Ansammlung an Superstars dazuzugeben. Wer in diesem Team die &hellip;\" \/>\n<meta property=\"og:url\" content=\"https:\/\/4Ballers.de\/?p=1378\" \/>\n<meta property=\"og:site_name\" content=\"4Ballers - Euer Fu\u00dfballblog\" \/>\n<meta property=\"article:published_time\" content=\"2023-01-11T12:50:30+00:00\" \/>\n<meta property=\"article:modified_time\" content=\"2023-02-15T16:07:08+00:00\" \/>\n<meta property=\"og:image\" content=\"https:\/\/4Ballers.de\/wp-content\/uploads\/2023\/01\/IMG_6375.jpg\" \/>\n\t<meta property=\"og:image:width\" content=\"828\" \/>\n\t<meta property=\"og:image:height\" content=\"819\" \/>\n\t<meta property=\"og:image:type\" content=\"image\/jpeg\" \/>\n<meta name=\"author\" content=\"Lukas Schmitt\" \/>\n<meta name=\"twitter:card\" content=\"summary_large_image\" \/>\n<meta name=\"twitter:creator\" content=\"@4Ballers_\" \/>\n<meta name=\"twitter:site\" content=\"@4Ballers_\" \/>\n<meta name=\"twitter:label1\" content=\"Verfasst von\" \/>\n\t<meta name=\"twitter:data1\" content=\"Lukas Schmitt\" \/>\n\t<meta name=\"twitter:label2\" content=\"Gesch\u00e4tzte Lesezeit\" \/>\n\t<meta name=\"twitter:data2\" content=\"6\u00a0Minuten\" \/>\n<script type=\"application\/ld+json\" class=\"yoast-schema-graph\">{\"@context\":\"https:\\\/\\\/schema.org\",\"@graph\":[{\"@type\":\"Article\",\"@id\":\"https:\\\/\\\/4Ballers.de\\\/?p=1378#article\",\"isPartOf\":{\"@id\":\"https:\\\/\\\/4Ballers.de\\\/?p=1378\"},\"author\":{\"name\":\"Lukas Schmitt\",\"@id\":\"https:\\\/\\\/4Ballers.de\\\/#\\\/schema\\\/person\\\/a23eeed8afa2f2e4c487131ce9456e5d\"},\"headline\":\"Unser Team of the Year\",\"datePublished\":\"2023-01-11T12:50:30+00:00\",\"dateModified\":\"2023-02-15T16:07:08+00:00\",\"mainEntityOfPage\":{\"@id\":\"https:\\\/\\\/4Ballers.de\\\/?p=1378\"},\"wordCount\":1176,\"commentCount\":0,\"image\":{\"@id\":\"https:\\\/\\\/4Ballers.de\\\/?p=1378#primaryimage\"},\"thumbnailUrl\":\"https:\\\/\\\/4Ballers.de\\\/wp-content\\\/uploads\\\/2023\\\/01\\\/IMG_6375.jpg\",\"keywords\":[\"4Ballers\",\"Benzema\",\"Haaland\",\"Katar\",\"Madrid\",\"Mbapp\u00e9\",\"Messi\",\"Real\",\"WM\"],\"articleSection\":[\"International \ud83d\udcaf\"],\"inLanguage\":\"de\",\"potentialAction\":[{\"@type\":\"CommentAction\",\"name\":\"Comment\",\"target\":[\"https:\\\/\\\/4Ballers.de\\\/?p=1378#respond\"]}]},{\"@type\":\"WebPage\",\"@id\":\"https:\\\/\\\/4Ballers.de\\\/?p=1378\",\"url\":\"https:\\\/\\\/4Ballers.de\\\/?p=1378\",\"name\":\"Unser Team of the Year - 4Ballers - Euer Fu\u00dfballblog\",\"isPartOf\":{\"@id\":\"https:\\\/\\\/4Ballers.de\\\/#website\"},\"primaryImageOfPage\":{\"@id\":\"https:\\\/\\\/4Ballers.de\\\/?p=1378#primaryimage\"},\"image\":{\"@id\":\"https:\\\/\\\/4Ballers.de\\\/?p=1378#primaryimage\"},\"thumbnailUrl\":\"https:\\\/\\\/4Ballers.de\\\/wp-content\\\/uploads\\\/2023\\\/01\\\/IMG_6375.jpg\",\"datePublished\":\"2023-01-11T12:50:30+00:00\",\"dateModified\":\"2023-02-15T16:07:08+00:00\",\"author\":{\"@id\":\"https:\\\/\\\/4Ballers.de\\\/#\\\/schema\\\/person\\\/a23eeed8afa2f2e4c487131ce9456e5d\"},\"breadcrumb\":{\"@id\":\"https:\\\/\\\/4Ballers.de\\\/?p=1378#breadcrumb\"},\"inLanguage\":\"de\",\"potentialAction\":[{\"@type\":\"ReadAction\",\"target\":[\"https:\\\/\\\/4Ballers.de\\\/?p=1378\"]}]},{\"@type\":\"ImageObject\",\"inLanguage\":\"de\",\"@id\":\"https:\\\/\\\/4Ballers.de\\\/?p=1378#primaryimage\",\"url\":\"https:\\\/\\\/4Ballers.de\\\/wp-content\\\/uploads\\\/2023\\\/01\\\/IMG_6375.jpg\",\"contentUrl\":\"https:\\\/\\\/4Ballers.de\\\/wp-content\\\/uploads\\\/2023\\\/01\\\/IMG_6375.jpg\",\"width\":828,\"height\":819},{\"@type\":\"BreadcrumbList\",\"@id\":\"https:\\\/\\\/4Ballers.de\\\/?p=1378#breadcrumb\",\"itemListElement\":[{\"@type\":\"ListItem\",\"position\":1,\"name\":\"Startseite\",\"item\":\"https:\\\/\\\/4Ballers.de\\\/\"},{\"@type\":\"ListItem\",\"position\":2,\"name\":\"Unser Team of the Year\"}]},{\"@type\":\"WebSite\",\"@id\":\"https:\\\/\\\/4Ballers.de\\\/#website\",\"url\":\"https:\\\/\\\/4Ballers.de\\\/\",\"name\":\"4Ballers\",\"description\":\"\",\"potentialAction\":[{\"@type\":\"SearchAction\",\"target\":{\"@type\":\"EntryPoint\",\"urlTemplate\":\"https:\\\/\\\/4Ballers.de\\\/?s={search_term_string}\"},\"query-input\":{\"@type\":\"PropertyValueSpecification\",\"valueRequired\":true,\"valueName\":\"search_term_string\"}}],\"inLanguage\":\"de\"},{\"@type\":\"Person\",\"@id\":\"https:\\\/\\\/4Ballers.de\\\/#\\\/schema\\\/person\\\/a23eeed8afa2f2e4c487131ce9456e5d\",\"name\":\"Lukas Schmitt\",\"image\":{\"@type\":\"ImageObject\",\"inLanguage\":\"de\",\"@id\":\"https:\\\/\\\/secure.gravatar.com\\\/avatar\\\/ba60c656bea79c301c98542fa9aa2520ecde30acfd1a4d5ddf3342e3f794f942?s=96&d=blank&r=g\",\"url\":\"https:\\\/\\\/secure.gravatar.com\\\/avatar\\\/ba60c656bea79c301c98542fa9aa2520ecde30acfd1a4d5ddf3342e3f794f942?s=96&d=blank&r=g\",\"contentUrl\":\"https:\\\/\\\/secure.gravatar.com\\\/avatar\\\/ba60c656bea79c301c98542fa9aa2520ecde30acfd1a4d5ddf3342e3f794f942?s=96&d=blank&r=g\",\"caption\":\"Lukas Schmitt\"},\"sameAs\":[\"http:\\\/\\\/4Ballers\"],\"url\":\"https:\\\/\\\/4Ballers.de\\\/?author=2\"}]}<\/script>\n<!-- \/ Yoast SEO plugin. -->","yoast_head_json":{"title":"Unser Team of the Year - 4Ballers - Euer Fu\u00dfballblog","robots":{"index":"index","follow":"follow","max-snippet":"max-snippet:-1","max-image-preview":"max-image-preview:large","max-video-preview":"max-video-preview:-1"},"canonical":"https:\/\/4Ballers.de\/?p=1378","og_locale":"de_DE","og_type":"article","og_title":"Unser Team of the Year - 4Ballers - Euer Fu\u00dfballblog","og_description":"Lesezeit: 5 Minuten Alle Jahre wieder steht die Wahl zum Team of the Year (kurz TOTY) an. W\u00e4hrend Millionen von Fans aus aller Welt f\u00fcr ihre ganz pers\u00f6nlichen Spieler des Jahres 2022 abstimmen, wird es auch f\u00fcr uns wieder Zeit, unseren ganz pers\u00f6nlichen &#8222;Senf&#8220; zu dieser Ansammlung an Superstars dazuzugeben. Wer in diesem Team die &hellip;","og_url":"https:\/\/4Ballers.de\/?p=1378","og_site_name":"4Ballers - Euer Fu\u00dfballblog","article_published_time":"2023-01-11T12:50:30+00:00","article_modified_time":"2023-02-15T16:07:08+00:00","og_image":[{"width":828,"height":819,"url":"https:\/\/4Ballers.de\/wp-content\/uploads\/2023\/01\/IMG_6375.jpg","type":"image\/jpeg"}],"author":"Lukas Schmitt","twitter_card":"summary_large_image","twitter_creator":"@4Ballers_","twitter_site":"@4Ballers_","twitter_misc":{"Verfasst von":"Lukas Schmitt","Gesch\u00e4tzte Lesezeit":"6\u00a0Minuten"},"schema":{"@context":"https:\/\/schema.org","@graph":[{"@type":"Article","@id":"https:\/\/4Ballers.de\/?p=1378#article","isPartOf":{"@id":"https:\/\/4Ballers.de\/?p=1378"},"author":{"name":"Lukas Schmitt","@id":"https:\/\/4Ballers.de\/#\/schema\/person\/a23eeed8afa2f2e4c487131ce9456e5d"},"headline":"Unser Team of the Year","datePublished":"2023-01-11T12:50:30+00:00","dateModified":"2023-02-15T16:07:08+00:00","mainEntityOfPage":{"@id":"https:\/\/4Ballers.de\/?p=1378"},"wordCount":1176,"commentCount":0,"image":{"@id":"https:\/\/4Ballers.de\/?p=1378#primaryimage"},"thumbnailUrl":"https:\/\/4Ballers.de\/wp-content\/uploads\/2023\/01\/IMG_6375.jpg","keywords":["4Ballers","Benzema","Haaland","Katar","Madrid","Mbapp\u00e9","Messi","Real","WM"],"articleSection":["International \ud83d\udcaf"],"inLanguage":"de","potentialAction":[{"@type":"CommentAction","name":"Comment","target":["https:\/\/4Ballers.de\/?p=1378#respond"]}]},{"@type":"WebPage","@id":"https:\/\/4Ballers.de\/?p=1378","url":"https:\/\/4Ballers.de\/?p=1378","name":"Unser Team of the Year - 4Ballers - Euer Fu\u00dfballblog","isPartOf":{"@id":"https:\/\/4Ballers.de\/#website"},"primaryImageOfPage":{"@id":"https:\/\/4Ballers.de\/?p=1378#primaryimage"},"image":{"@id":"https:\/\/4Ballers.de\/?p=1378#primaryimage"},"thumbnailUrl":"https:\/\/4Ballers.de\/wp-content\/uploads\/2023\/01\/IMG_6375.jpg","datePublished":"2023-01-11T12:50:30+00:00","dateModified":"2023-02-15T16:07:08+00:00","author":{"@id":"https:\/\/4Ballers.de\/#\/schema\/person\/a23eeed8afa2f2e4c487131ce9456e5d"},"breadcrumb":{"@id":"https:\/\/4Ballers.de\/?p=1378#breadcrumb"},"inLanguage":"de","potentialAction":[{"@type":"ReadAction","target":["https:\/\/4Ballers.de\/?p=1378"]}]},{"@type":"ImageObject","inLanguage":"de","@id":"https:\/\/4Ballers.de\/?p=1378#primaryimage","url":"https:\/\/4Ballers.de\/wp-content\/uploads\/2023\/01\/IMG_6375.jpg","contentUrl":"https:\/\/4Ballers.de\/wp-content\/uploads\/2023\/01\/IMG_6375.jpg","width":828,"height":819},{"@type":"BreadcrumbList","@id":"https:\/\/4Ballers.de\/?p=1378#breadcrumb","itemListElement":[{"@type":"ListItem","position":1,"name":"Startseite","item":"https:\/\/4Ballers.de\/"},{"@type":"ListItem","position":2,"name":"Unser Team of the Year"}]},{"@type":"WebSite","@id":"https:\/\/4Ballers.de\/#website","url":"https:\/\/4Ballers.de\/","name":"4Ballers","description":"","potentialAction":[{"@type":"SearchAction","target":{"@type":"EntryPoint","urlTemplate":"https:\/\/4Ballers.de\/?s={search_term_string}"},"query-input":{"@type":"PropertyValueSpecification","valueRequired":true,"valueName":"search_term_string"}}],"inLanguage":"de"},{"@type":"Person","@id":"https:\/\/4Ballers.de\/#\/schema\/person\/a23eeed8afa2f2e4c487131ce9456e5d","name":"Lukas Schmitt","image":{"@type":"ImageObject","inLanguage":"de","@id":"https:\/\/secure.gravatar.com\/avatar\/ba60c656bea79c301c98542fa9aa2520ecde30acfd1a4d5ddf3342e3f794f942?s=96&d=blank&r=g","url":"https:\/\/secure.gravatar.com\/avatar\/ba60c656bea79c301c98542fa9aa2520ecde30acfd1a4d5ddf3342e3f794f942?s=96&d=blank&r=g","contentUrl":"https:\/\/secure.gravatar.com\/avatar\/ba60c656bea79c301c98542fa9aa2520ecde30acfd1a4d5ddf3342e3f794f942?s=96&d=blank&r=g","caption":"Lukas Schmitt"},"sameAs":["http:\/\/4Ballers"],"url":"https:\/\/4Ballers.de\/?author=2"}]}},"_links":{"self":[{"href":"https:\/\/4Ballers.de\/index.php?rest_route=\/wp\/v2\/posts\/1378","targetHints":{"allow":["GET"]}}],"collection":[{"href":"https:\/\/4Ballers.de\/index.php?rest_route=\/wp\/v2\/posts"}],"about":[{"href":"https:\/\/4Ballers.de\/index.php?rest_route=\/wp\/v2\/types\/post"}],"author":[{"embeddable":true,"href":"https:\/\/4Ballers.de\/index.php?rest_route=\/wp\/v2\/users\/2"}],"replies":[{"embeddable":true,"href":"https:\/\/4Ballers.de\/index.php?rest_route=%2Fwp%2Fv2%2Fcomments&post=1378"}],"version-history":[{"count":30,"href":"https:\/\/4Ballers.de\/index.php?rest_route=\/wp\/v2\/posts\/1378\/revisions"}],"predecessor-version":[{"id":1410,"href":"https:\/\/4Ballers.de\/index.php?rest_route=\/wp\/v2\/posts\/1378\/revisions\/1410"}],"wp:featuredmedia":[{"embeddable":true,"href":"https:\/\/4Ballers.de\/index.php?rest_route=\/wp\/v2\/media\/1633"}],"wp:attachment":[{"href":"https:\/\/4Ballers.de\/index.php?rest_route=%2Fwp%2Fv2%2Fmedia&parent=1378"}],"wp:term":[{"taxonomy":"category","embeddable":true,"href":"https:\/\/4Ballers.de\/index.php?rest_route=%2Fwp%2Fv2%2Fcategories&post=1378"},{"taxonomy":"post_tag","embeddable":true,"href":"https:\/\/4Ballers.de\/index.php?rest_route=%2Fwp%2Fv2%2Ftags&post=1378"}],"curies":[{"name":"wp","href":"https:\/\/api.w.org\/{rel}","templated":true}]}}